{"id":147664,"date":"2025-09-30T02:00:35","date_gmt":"2025-09-30T02:00:35","guid":{"rendered":"https:\/\/www.europesays.com\/es\/147664\/"},"modified":"2025-09-30T02:00:35","modified_gmt":"2025-09-30T02:00:35","slug":"ayuso-sobre-el-discurso-de-felipe-vi-en-la-onu-acerca-de-israel-el-rey-reina-pero-no-gobierna","status":"publish","type":"post","link":"https:\/\/www.europesays.com\/es\/147664\/","title":{"rendered":"Ayuso sobre el discurso de Felipe VI en la ONU acerca de Israel: \u00abEl rey reina, pero no gobierna\u00bb"},"content":{"rendered":"<p class=\"articleParagraph\">La presidenta de la Comunidad de Madrid, Isabel D\u00edaz Ayuso, ha hecho referencia al discurso de Felipe VI en la ONU sobre Israel en una entrevista en Telecinco.<b> \u00abEl rey reina, pero no gobierna y no tiene que tomar m\u00e1s postura que la conciliaci\u00f3n\u00bb<\/b>, ha se\u00f1alado.<\/p>\n<p class=\"articleParagraph\"><a title=\"El rey dijo el pasado mi\u00e9rcoles\" href=\"https:\/\/www.ondacero.es\/noticias\/sociedad\/rey-israel-onu-detengan-esta-masacre_2025092468d3fa964a20300101593bc7.html\" target=\"_blank\" rel=\"nofollow noopener\">El rey dijo el pasado mi\u00e9rcoles<\/a> que le cuesta comprender lo que el Gobierno israel\u00ed est\u00e1 haciendo en Gaza, pidi\u00f3 a la comunidad internacional<b> que no mire para otro lado y se dirigi\u00f3 directamente a Israel,<\/b> a quien pidi\u00f3: \u00abClamamos, imploramos, exigimos, detengan ya esta masacre\u00bb.<\/p>\n<p>Espa\u00f1a \u00abpagar\u00e1 caro\u00bb no comprar armas a Israel<\/p>\n<p class=\"articleParagraph\">Ayuso ha explicado que \u00absiempre\u00bb va a defender a la monarqu\u00eda, pero que Felipe VI \u00abno tiene que tomar m\u00e1s postura que la conciliaci\u00f3n\u00bb porque \u00abel rey reina, pero no gobierna\u00bb. Ha a\u00f1adido que tiene el \u00abm\u00e1ximo respeto\u00bb hacia el rey porque <b>\u00abrespetamos los s\u00edmbolos del Estado<\/b> y vamos a estar siempre en una defensa cerrada de una instituci\u00f3n tan importante como es la monarqu\u00eda\u00bb.<\/p>\n<p class=\"articleParagraph\">Tambi\u00e9n ha sido preguntada por la decisi\u00f3n del Gobierno de no comprar armas a Israel, una decisi\u00f3n que Espa\u00f1a \u00abpagar\u00e1 caro\u00bb, porque se est\u00e1n produciendo injerencias rusas en territorio europeo y ha asegurado que \u00ab<b style=\"\">la tecnolog\u00eda de inteligencia que funciona en el mundo es israel\u00ed\u00bb. <\/b><\/p>\n<p>Sobre inmigraci\u00f3n y las pulseras antimaltrato<\/p>\n<p class=\"articleParagraph\">La presidenta madrile\u00f1a tambi\u00e9n se ha pronunciado sobre otros temas, como la inmigraci\u00f3n, y ha defendido que<b> \u00abla inmigraci\u00f3n hispana no es inmigraci\u00f3n\u00bb,<\/b> que los problemas de convivencia son aquellos referentes a personas de pa\u00edses que \u00abpuedan tener una integraci\u00f3n m\u00e1s complicada\u00bb.<\/p>\n<p class=\"articleParagraph\">A su juicio, los problemas en Espa\u00f1a por inmigraci\u00f3n surgen porque no hay control en las fronteras y porque el Ejecutivo central act\u00faa \u00abcon falta de rigor jur\u00eddico\u00bb en cuanto a la llegada de inmigrantes, permitiendo que haya personas que \u00ab<b>deambulan sin oficio ni beneficio,<\/b> lo que genera problemas de convivencia\u00bb.<\/p>\n<p class=\"articleParagraph\">Sobre las pulseras antimaltrato,<b> ha criticado al Gobierno porque no \u00abha dejado de mentir\u00bb<\/b> y porque \u00abest\u00e1 haciendo que las mujeres en Espa\u00f1a est\u00e9n completamente desprotegidas\u00bb. Adem\u00e1s, ha criticado el sistema Viog\u00e9n, que en sus propias palabras \u00abno funciona\u00bb, porque \u00abtodos los d\u00edas\u00bb se est\u00e1 viendo que cada vez que fallece una mujer v\u00edctima de violencia de g\u00e9nero \u00abestaba en el sistema\u00bb.<\/p>\n","protected":false},"excerpt":{"rendered":"La presidenta de la Comunidad de Madrid, Isabel D\u00edaz Ayuso, ha hecho referencia al discurso de Felipe VI&hellip;\n","protected":false},"author":2,"featured_media":147665,"comment_status":"","ping_status":"","sticky":false,"template":"","format":"standard","meta":{"footnotes":""},"categories":[8],"tags":[17,18,25,24,13,14,11,19,20,9,10,15,16,23,12,21,22],"class_list":{"0":"post-147664","1":"post","2":"type-post","3":"status-publish","4":"format-standard","5":"has-post-thumbnail","7":"category-espana","8":"tag-breaking-news","9":"tag-breakingnews","10":"tag-es","11":"tag-espana","12":"tag-featured-news","13":"tag-featurednews","14":"tag-headlines","15":"tag-latest-news","16":"tag-latestnews","17":"tag-news","18":"tag-noticias","19":"tag-noticias-destacadas","20":"tag-noticiasdestacadas","21":"tag-spain","22":"tag-titulares","23":"tag-ultimas-noticias","24":"tag-ultimasnoticias"},"share_on_mastodon":{"url":"","error":""},"_links":{"self":[{"href":"https:\/\/www.europesays.com\/es\/wp-json\/wp\/v2\/posts\/147664","targetHints":{"allow":["GET"]}}],"collection":[{"href":"https:\/\/www.europesays.com\/es\/wp-json\/wp\/v2\/posts"}],"about":[{"href":"https:\/\/www.europesays.com\/es\/wp-json\/wp\/v2\/types\/post"}],"author":[{"embeddable":true,"href":"https:\/\/www.europesays.com\/es\/wp-json\/wp\/v2\/users\/2"}],"replies":[{"embeddable":true,"href":"https:\/\/www.europesays.com\/es\/wp-json\/wp\/v2\/comments?post=147664"}],"version-history":[{"count":0,"href":"https:\/\/www.europesays.com\/es\/wp-json\/wp\/v2\/posts\/147664\/revisions"}],"wp:featuredmedia":[{"embeddable":true,"href":"https:\/\/www.europesays.com\/es\/wp-json\/wp\/v2\/media\/147665"}],"wp:attachment":[{"href":"https:\/\/www.europesays.com\/es\/wp-json\/wp\/v2\/media?parent=147664"}],"wp:term":[{"taxonomy":"category","embeddable":true,"href":"https:\/\/www.europesays.com\/es\/wp-json\/wp\/v2\/categories?post=147664"},{"taxonomy":"post_tag","embeddable":true,"href":"https:\/\/www.europesays.com\/es\/wp-json\/wp\/v2\/tags?post=147664"}],"curies":[{"name":"wp","href":"https:\/\/api.w.org\/{rel}","templated":true}]}}