{"id":147680,"date":"2025-09-30T02:17:12","date_gmt":"2025-09-30T02:17:12","guid":{"rendered":"https:\/\/www.europesays.com\/es\/147680\/"},"modified":"2025-09-30T02:17:12","modified_gmt":"2025-09-30T02:17:12","slug":"casademont-zaragoza-las-autoridades-se-rinden-a-las-campeonas-de-la-supercopa","status":"publish","type":"post","link":"https:\/\/www.europesays.com\/es\/147680\/","title":{"rendered":"Casademont Zaragoza | Las autoridades se rinden a las campeonas de la Supercopa"},"content":{"rendered":"<p class=\"ft-text\">Las apretadas agendas tanto del Casademont Zaragoza, a una semana del estreno liguero, como de las instituciones, i<strong>mpidieron la cl\u00e1sica recepci\u00f3n que suele ofrecerse a las campeonas de un t\u00edtulo,<\/strong> pero las jugadoras de Carlos Cantero no se quedaron sin su merecido homenaje por levantar la Supercopa en Huesca el domingo. <strong>El acto previsto por el club para agradecer \u00abeternamente\u00bb<\/strong> a los patrocinadores su apoyo al club sirvi\u00f3 para que la alcaldesa de Zaragoza Natalia Chueca y el Gobierno de Arag\u00f3n, por medio de su Consejera de Educaci\u00f3n, Tomasa Hern\u00e1ndez, felicitaran en persona a las jugadoras y el cuerpo t\u00e9cnico tras conquistar su segundo t\u00edtulo.<\/p>\n<p class=\"ft-text\">En la pista central del Pr\u00edncipe Felipe <strong>estuvieron las chicas, los chicos, con la \u00fanica ausencia de Kabaca tras su intervenci\u00f3n quir\u00fargica y de Stevenson, y el nuevo conjunto U22<\/strong> que tardar\u00e1 una semana m\u00e1s en comenzar a competir, a partir del 10 de octubre. Tambi\u00e9n estaba el club al completo con el presidente<strong> Reynaldo Benito a la cabeza, <\/strong>buena parte del Consejo de Administraci\u00f3n, el director general, Jos\u00e9 Artigas, el secretario t\u00e9cnico Pedro Llompart y los cuerpos t\u00e9cnicos al completo. <strong>\u00abReafirmamos nuestro compromiso con esta tierra<\/strong>, llevamos el nombre de Arag\u00f3n por el mundo con orgullo y responsabilidad\u00bb, apunt\u00f3 Reynaldo Benito.<\/p>\n<p class=\"ft-text\">La alcaldesa abri\u00f3 el turno de intervenciones para \u00abfelicitar y dar la enhorabuena\u00bb a las chicas \u00abpor la gesta que conseguisteis ayer\u00bb. <strong>\u00abNos hac\u00e9is sentir muy orgullosos a todos los zaragozanos\u00bb<\/strong>, continu\u00f3 Chueca, a\u00f1adiendo que \u00abapostar por el Casademont es un \u00e9xito seguro\u00bb y emplazando a ver a las jugadoras \u00abde nuevo en el balc\u00f3n del Ayuntamiento\u00bb.<\/p>\n<p class=\"ft-text\">El aplauso m\u00e1s grande se lo llev\u00f3, como no pod\u00eda ser de otra manera, el equipo femenino. Fue Carlos Cantero el que trat\u00f3 de explicar el nuevo \u00e9xito de sus chicas: \u00ab<strong>La remontada m\u00e1gica de la Euroliga nos impuls\u00f3<\/strong>. El m\u00e9rito es de las jugadoras\u00bb, dijo rest\u00e1ndose importancia. Mariona Ortiz, por su parte, ya mira a lo que est\u00e1 por llegar. <strong>\u00abQueremos jugar la <\/strong><strong>Final Six<\/strong><strong>, hemos montado un equipo para ello\u00bb<\/strong>, subray\u00f3 ambiciosa la capitana.<\/p>\n<p class=\"ft-text\">Tomasa Hern\u00e1ndez cerr\u00f3 el acto con la enhorabuena y felicitaci\u00f3n al equipo pero tambi\u00e9n un agradecimiento. \u00abEspero que esta temporada cosechemos muchos \u00e9xitos. Tambi\u00e9n con los fichajes del masculino, chicos, confiamos en vosotros\u00bb, dijo la consejera.<\/p>\n","protected":false},"excerpt":{"rendered":"Las apretadas agendas tanto del Casademont Zaragoza, a una semana del estreno liguero, como de las instituciones, impidieron&hellip;\n","protected":false},"author":2,"featured_media":147681,"comment_status":"","ping_status":"","sticky":false,"template":"","format":"standard","meta":{"footnotes":""},"categories":[93],"tags":[29184,3094,5369,1798,168,2026,25,24,9548,43575,23,167,4611],"class_list":{"0":"post-147680","1":"post","2":"type-post","3":"status-publish","4":"format-standard","5":"has-post-thumbnail","7":"category-deportes","8":"tag-autoridades","9":"tag-campeonas","10":"tag-casademont-zaragoza","11":"tag-club","12":"tag-deportes","13":"tag-educacion","14":"tag-es","15":"tag-espana","16":"tag-gobierno-de-aragon","17":"tag-rinden","18":"tag-spain","19":"tag-sports","20":"tag-supercopa"},"share_on_mastodon":{"url":"","error":""},"_links":{"self":[{"href":"https:\/\/www.europesays.com\/es\/wp-json\/wp\/v2\/posts\/147680","targetHints":{"allow":["GET"]}}],"collection":[{"href":"https:\/\/www.europesays.com\/es\/wp-json\/wp\/v2\/posts"}],"about":[{"href":"https:\/\/www.europesays.com\/es\/wp-json\/wp\/v2\/types\/post"}],"author":[{"embeddable":true,"href":"https:\/\/www.europesays.com\/es\/wp-json\/wp\/v2\/users\/2"}],"replies":[{"embeddable":true,"href":"https:\/\/www.europesays.com\/es\/wp-json\/wp\/v2\/comments?post=147680"}],"version-history":[{"count":0,"href":"https:\/\/www.europesays.com\/es\/wp-json\/wp\/v2\/posts\/147680\/revisions"}],"wp:featuredmedia":[{"embeddable":true,"href":"https:\/\/www.europesays.com\/es\/wp-json\/wp\/v2\/media\/147681"}],"wp:attachment":[{"href":"https:\/\/www.europesays.com\/es\/wp-json\/wp\/v2\/media?parent=147680"}],"wp:term":[{"taxonomy":"category","embeddable":true,"href":"https:\/\/www.europesays.com\/es\/wp-json\/wp\/v2\/categories?post=147680"},{"taxonomy":"post_tag","embeddable":true,"href":"https:\/\/www.europesays.com\/es\/wp-json\/wp\/v2\/tags?post=147680"}],"curies":[{"name":"wp","href":"https:\/\/api.w.org\/{rel}","templated":true}]}}