{"id":147700,"date":"2025-09-30T02:37:09","date_gmt":"2025-09-30T02:37:09","guid":{"rendered":"https:\/\/www.europesays.com\/es\/147700\/"},"modified":"2025-09-30T02:37:09","modified_gmt":"2025-09-30T02:37:09","slug":"un-lapsus-una-conversacion-y-un-selfie-para-la-historia","status":"publish","type":"post","link":"https:\/\/www.europesays.com\/es\/147700\/","title":{"rendered":"un lapsus, una conversaci\u00f3n y un selfie para la historia"},"content":{"rendered":"<p id=\"eAS_znPEaF\" data-wc=\"127\">La alerta roja por fuertes lluvias en Valencia ha obligado al jefe del Estado a canelar in extremis los planes de viajar este martes a la ciudad del Turia para inaugurar el curso acad\u00e9mico en la universidad. El resto de su agenda la ha mantenido intacta, como ha demostrado la tarde del lunes presidiendo en Barcelona la tercera edici\u00f3n de los Premios Vanguardia. El Palacio de Congresos de Catalu\u00f1a ha sido el escenario de esta ceremonia en la que el Grupo God\u00f3 ha reconocido la labor de entidades, empresas, instituciones y personas que desarrollan su actividad de manera destacada en \u00e1mbitos sociales, econ\u00f3micos, pol\u00edticos y culturales. Una noche que ha dejado momentos memorables y una imagen para el recuerdo:<strong>\u00a0un selfie del rey Felipe y Aitana Oca\u00f1a<\/strong><\/p>\n<p> <img src=\"https:\/\/www.europesays.com\/es\/wp-content\/uploads\/2025\/09\/9a8da673e7bf-el-rey-preside-en-barcelona-la-entrega-de-la-tercera-edicin-de-los-premios-vang.jpg\"   width=\"819\" height=\"1024\" loading=\"lazy\" decoding=\"async\" alt=\"Media Image\" fetchpriority=\"auto\" class=\"image ho-image\"\/>\u00a9 Casa de S.M.El Rey<\/p>\n<p id=\"eBxtM-00DE\" data-wc=\"139\">Aitana ha sido distinguida con el premio cultura \u00abpor su consolidaci\u00f3n internacional con su cuarto \u00e1lbum, Cuarto azul\u00bb. En medio de una gran ovaci\u00f3n de parte de todos los presentes, <a class=\"hm-link ho-link\" href=\"https:\/\/www.hola.com\/actualidad\/20250626840418\/aitana-el-nuevo-especial-hola-de-la-artista-mas-sobresaliente-de-su-generacion\/\" data-mrf-recirculation=\"article-body-link\" rel=\"nofollow noopener\" target=\"_blank\">la artista m\u00e1s sobresaliente de su generaci\u00f3n<\/a> ha subido al escenario, donde ha protagonizado un divertido lapsus. La primera persona a la que ha saludado es el rey Felipe, que le ha dado la enhorabuena. Quiz\u00e1 por los nervios del momento,<strong>\u00a0a la int\u00e9rprete de Vas a quedarte y Presiento se le ha olvidado que ten\u00eda que recoger la estatuilla de manos del monarca y se ha ido sin ella<\/strong> a saludar al presidente del Gobierno, Pedro S\u00e1nchez. Pero justo antes de hacerlo se ha dado cuenta del error y se ha girado de nuevo hacia el jefe del Estado, que le ha dado, ya s\u00ed, su merecido galard\u00f3n.<\/p>\n<p> <img src=\"https:\/\/www.europesays.com\/es\/wp-content\/uploads\/2025\/09\/f4c5f4999388-aitana1.jpg\"   width=\"1024\" height=\"682\" loading=\"lazy\" decoding=\"async\" alt=\"Media Image\" fetchpriority=\"auto\" class=\"image ho-image\"\/>\u00a9 Casa de S.M. el Rey<\/p>\n<p id=\"eaH9UYl-aQ\" data-wc=\"123\">Antes de volver a su asiento para continuar con la gala, la que fuera concursante de Operaci\u00f3n Triunfo\u00a0se ha hecho una foto institucional sobre el escenario, con el premio en la mano. En ese momento ha mantenido una breve conversaci\u00f3n con don Felipe que, a juzgar por sus gestos, estaba marcada por la cercan\u00eda, la amabilidad y la simpat\u00eda. As\u00ed lo refuerzan las palabras que Aitana ha dicho una vez acabado el evento: <strong>\u00abPor cierto, he conocido al Rey por primera vez. \u00a1Qu\u00e9 maj\u00edssssimo!\u00bb.<\/strong> \u00a0Tambi\u00e9n una gran sinton\u00eda han mostrado al finalizar la gala, durante la foto de familia con la que se ha cerrado esta tercera edici\u00f3n de premios. Un momento en el que tambi\u00e9n ha podido hablar con el monarca.<\/p>\n<p> <img src=\"https:\/\/www.europesays.com\/es\/wp-content\/uploads\/2025\/09\/afb001823edc-aitanarey2.jpg\"   width=\"1024\" height=\"684\" loading=\"lazy\" decoding=\"async\" alt=\"Media Image\" fetchpriority=\"auto\" class=\"image ho-image\"\/>\u00a9 aitanax<\/p>\n<p> <img src=\"https:\/\/www.europesays.com\/es\/wp-content\/uploads\/2025\/09\/63144c5a0b7a-aitanarey-jpg.jpg\"   width=\"1024\" height=\"684\" loading=\"lazy\" decoding=\"async\" alt=\"Media Image\" fetchpriority=\"auto\" class=\"image ho-image\"\/>\u00a9 aitanax<\/p>\n<p id=\"eSvJcqCDmx\" data-wc=\"134\">Adem\u00e1s de la de Aitana, se han entregado otras 9 estatuillas. <strong>Caroline Darian\u00a0<\/strong>ha sido elegida premio Internacional; \u00a0sobre Timothy Garton Ash ha reca\u00eddo premio de Periodismo; hasta <strong>C\u00e1ritas, Cruz Roja y representantes de v\u00edctimas de la Dana<\/strong> ha ido a parar el premio solidaridad; <strong>\u00a0Demetrio Carceller<\/strong> ha recibido el premio empresario del a\u00f1o; <strong>\u00a0la oftalm\u00f3loga Elena Barraquer<\/strong> ha sido distinguida con el premio trayectoria;<strong>\u00a0el cardenal Juan Jos\u00e9 Omella<\/strong>, ha recibido el premio impulso ciudades; para <strong>Manel del Castillo\u00a0<\/strong>ha sido el premio innovaci\u00f3n y ciencia; mientras que a <strong>Francisco Javier S\u00e1nchez Segura<\/strong> le han otorgado el premio empresa europea del a\u00f1o. En esta edici\u00f3n se ha incluido un premio In Memoriam para <a class=\"hm-link ho-link\" href=\"https:\/\/www.hola.com\/actualidad\/20220114202871\/ricardo-bofill-levi-arquitecto-fallece\/\" data-mrf-recirculation=\"article-body-link\" rel=\"nofollow noopener\" target=\"_blank\">el arquitecto Ricardo Bofill, que muri\u00f3 en enero de 2022<\/a>. Lo ha recogido en su nombre su pareja, \u00a0Marta Vilallonga.<\/p>\n<p> <img src=\"https:\/\/www.europesays.com\/es\/wp-content\/uploads\/2025\/09\/92cbc947c59b-aitana3jog.jpg\"   width=\"1024\" height=\"682\" loading=\"lazy\" decoding=\"async\" alt=\"Media Image\" fetchpriority=\"auto\" class=\"image ho-image\"\/>\u00a9 Casa de S.M. el Rey<\/p>\n<p id=\"eSxiyYj3PO\" data-wc=\"94\">Ha sido Manel del Castillo, \u00a0que lidera el comit\u00e9 de expertos con el que se impulsa la modernizaci\u00f3n del sistema sanitario p\u00fablico catal\u00e1n, el encargado de ejercer de portavoz de todos los premiados. Lo ha hecho mediante un discurso de agradecimiento que ha tenido lugar en una gala din\u00e1mica, llena de sorpresas. La velada ha empezado con la proyecci\u00f3n de un video dedicado a los periodistas que trabajan desde zonas de conflicto y tambi\u00e9n <strong>ha incluido una actuaci\u00f3n musical de Cuatro8,\u00a0grupo que ha llenado de ritmo el auditorio situado en la avenida Diagonal.<\/strong><\/p>\n<p id=\"ePfFK1LTI6m\" data-wc=\"48\">Haz click para ver el monogr\u00e1fico \u201cAitana, Mon amour\u201d un especial para saber m\u00e1s de esta joven artista que se dio a conocer en el programa Operaci\u00f3n Triunfo en 2017 y que es ahora una de las artistas m\u00e1s reconocidas y seguidas de Espa\u00f1a. \u00a1No te lo pierdas!<\/p>\n","protected":false},"excerpt":{"rendered":"La alerta roja por fuertes lluvias en Valencia ha obligado al jefe del Estado a canelar in extremis&hellip;\n","protected":false},"author":2,"featured_media":147701,"comment_status":"","ping_status":"","sticky":false,"template":"","format":"standard","meta":{"footnotes":""},"categories":[174],"tags":[5521,255,146,147,25,24,256,1027,1029,8140,23],"class_list":{"0":"post-147700","1":"post","2":"type-post","3":"status-publish","4":"format-standard","5":"has-post-thumbnail","7":"category-famosos","8":"tag-aitana-ocana","9":"tag-celebrities","10":"tag-entertainment","11":"tag-entretenimiento","12":"tag-es","13":"tag-espana","14":"tag-famosos","15":"tag-realeza","16":"tag-realeza-espanola","17":"tag-rey-felipe-vi","18":"tag-spain"},"share_on_mastodon":{"url":"","error":""},"_links":{"self":[{"href":"https:\/\/www.europesays.com\/es\/wp-json\/wp\/v2\/posts\/147700","targetHints":{"allow":["GET"]}}],"collection":[{"href":"https:\/\/www.europesays.com\/es\/wp-json\/wp\/v2\/posts"}],"about":[{"href":"https:\/\/www.europesays.com\/es\/wp-json\/wp\/v2\/types\/post"}],"author":[{"embeddable":true,"href":"https:\/\/www.europesays.com\/es\/wp-json\/wp\/v2\/users\/2"}],"replies":[{"embeddable":true,"href":"https:\/\/www.europesays.com\/es\/wp-json\/wp\/v2\/comments?post=147700"}],"version-history":[{"count":0,"href":"https:\/\/www.europesays.com\/es\/wp-json\/wp\/v2\/posts\/147700\/revisions"}],"wp:featuredmedia":[{"embeddable":true,"href":"https:\/\/www.europesays.com\/es\/wp-json\/wp\/v2\/media\/147701"}],"wp:attachment":[{"href":"https:\/\/www.europesays.com\/es\/wp-json\/wp\/v2\/media?parent=147700"}],"wp:term":[{"taxonomy":"category","embeddable":true,"href":"https:\/\/www.europesays.com\/es\/wp-json\/wp\/v2\/categories?post=147700"},{"taxonomy":"post_tag","embeddable":true,"href":"https:\/\/www.europesays.com\/es\/wp-json\/wp\/v2\/tags?post=147700"}],"curies":[{"name":"wp","href":"https:\/\/api.w.org\/{rel}","templated":true}]}}