{"id":147710,"date":"2025-09-30T02:43:12","date_gmt":"2025-09-30T02:43:12","guid":{"rendered":"https:\/\/www.europesays.com\/es\/147710\/"},"modified":"2025-09-30T02:43:12","modified_gmt":"2025-09-30T02:43:12","slug":"el-salvaje-dato-de-carlos-alcaraz-con-las-finales-que-ya-solo-superan-federer-y-djokovic","status":"publish","type":"post","link":"https:\/\/www.europesays.com\/es\/147710\/","title":{"rendered":"El salvaje dato de Carlos Alcaraz con las finales que ya s\u00f3lo superan Federer y Djokovic"},"content":{"rendered":"<p class=\"L6-news-detail__text\"><b>Carlos Alcaraz<\/b> est\u00e1 en la final de Tokio. Se medir\u00e1 a <b><a title=\"Taylor Fritz\" href=\"https:\/\/www.lasexta.com\/noticias\/deportes\/tenis\/estrategia-carlos-alcaraz-revancha-taylor-fritz-vamos-intentar-cambiar_2025092968daa66816355c411db2a191.html\" target=\"_blank\" rel=\"nofollow noopener\">Taylor Fritz<\/a><\/b>. Y ha alcanzado un nuevo r\u00e9cord que le coloca al nivel de <b>Rafa Nadal<\/b> y cada vez m\u00e1s cerca de <b>Roger Federer y de Novak Djokovic.<\/b><\/p>\n<p class=\"L6-news-detail__text\">Adem\u00e1s, supera a <b>Jannik Sinner<\/b>, su gran rival generacional y con el que se ha disputado los \u00faltimos Grand Slams.<\/p>\n<p class=\"L6-news-detail__text\">El murciano ya suma <b>nueve finales consecutivas<\/b>, igualando a Rafa y superando a Jannik.<\/p>\n<p class=\"L6-news-detail__text\">M\u00e1s lejos est\u00e1n Federer y Djokovic. Ambos <b>consiguieron 17 finales consecutivas. <\/b><\/p>\n<p class=\"L6-news-detail__text\">Un dato m\u00e1s que demuestra que Carlitos est\u00e1 entre los mejores tenistas de la historia a su corta edad. A sus <b>22 a\u00f1os<\/b> sigue batiendo r\u00e9cords&#8230; y va a por m\u00e1s. Mucho m\u00e1s.<\/p>\n<p>            M\u00e1s Noticias<\/p>\n<ul class=\"L6-more-news__list\">\n<li class=\"L6-more-news__item\">\n<p>                       <a href=\"https:\/\/www.lasexta.com\/noticias\/deportes\/motor\/formula1\/alonso-acuerdo-ordenes-mclaren-piastri-norris-saben-gestionar_2025092968daed683ce0ad1de88b6796.html\" class=\"L6-news__link\" title=\"Alonso, de acuerdo con las \u00f3rdenes de McLaren para Piastri y Norris: &quot;Saben gestionar...&quot;\" rel=\"nofollow noopener\" target=\"_blank\"><\/p>\n<p> <img decoding=\"async\" title=\"Fernando Alonso y Oscar Piastri\" alt=\"Fernando Alonso y Oscar Piastri\" width=\"544\" height=\"306\" src=\"https:\/\/www.europesays.com\/es\/wp-content\/uploads\/2025\/09\/fernando-alonso-oscar-piastri_160.jpg\" loading=\"lazy\" class=\"lazy\" fetchpriority=\"low\"\/><\/p>\n<p>                            Alonso, de acuerdo con las \u00f3rdenes de McLaren para Piastri y Norris: \u00abSaben gestionar&#8230;\u00bb<br \/>\n                        <\/a><\/p>\n<\/li>\n<li class=\"L6-more-news__item\">\n<p>                       <a href=\"https:\/\/www.lasexta.com\/noticias\/deportes\/motor\/formula1\/campeon-pide-valorar-mas-carlos-sainz-estaba-delante-leclerc-ferrari_2025092968dae4053ce0ad1de88b56ab.html\" class=\"L6-news__link\" title=\"Un campe\u00f3n de la F1 pide valorar m\u00e1s a Carlos Sainz: &quot;Estaba por delante de Leclerc en Ferrari...&quot;\" rel=\"nofollow noopener\" target=\"_blank\"><\/p>\n<p> <img decoding=\"async\" title=\"Leclerc, Sainz y Russell\" alt=\"Leclerc, Sainz y Russell\" width=\"544\" height=\"306\" src=\"https:\/\/www.europesays.com\/es\/wp-content\/uploads\/2025\/09\/leclerc-sainz-russell_160.jpg\" loading=\"lazy\" class=\"lazy\" fetchpriority=\"low\"\/><\/p>\n<p>                            Un campe\u00f3n de la F1 pide valorar m\u00e1s a Carlos Sainz: \u00abEstaba por delante de Leclerc en Ferrari&#8230;\u00bb<br \/>\n                        <\/a><\/p>\n<\/li>\n<li class=\"L6-more-news__item\">\n<p>                       <a href=\"https:\/\/www.lasexta.com\/noticias\/deportes\/motor\/marc-marquez-lograr-noveno-mundial-volver-quedar-paz-conmigo-mismo_2025092968dadd0af10d3f0678252184.html\" class=\"L6-news__link\" title=\"Marc M\u00e1rquez, tras lograr el noveno mundial: &quot;Volver para quedar en paz conmigo mismo...&quot;\" rel=\"nofollow noopener\" target=\"_blank\"><\/p>\n<p> <img decoding=\"async\" title=\"M\u00e1rquez\" alt=\"M\u00e1rquez\" width=\"544\" height=\"306\" src=\"https:\/\/www.europesays.com\/es\/wp-content\/uploads\/2025\/09\/marquez_160.jpg\" loading=\"lazy\" class=\"lazy\" fetchpriority=\"low\"\/><\/p>\n<p>\tVideo<\/p>\n<p>                            Marc M\u00e1rquez, tras lograr el noveno mundial: \u00abVolver para quedar en paz conmigo mismo&#8230;\u00bb<br \/>\n                        <\/a><\/p>\n<\/li>\n<li class=\"L6-more-news__item\">\n<p>                       <a href=\"https:\/\/www.lasexta.com\/noticias\/deportes\/futbol\/motogp-cree-que-este-titulo-marc-marquez-diferente-resto-siente-feliz_2025092968dabac8f10d3f067824e01c.html\" class=\"L6-news__link\" title=\"Un ex de MotoGP cree que este t\u00edtulo de Marc M\u00e1rquez es diferente al resto: &quot;No se siente feliz...&quot;\" rel=\"nofollow noopener\" target=\"_blank\"><\/p>\n<p> <img decoding=\"async\" title=\"Marc M\u00e1rquez\" alt=\"Marc M\u00e1rquez\" width=\"544\" height=\"306\" src=\"https:\/\/www.europesays.com\/es\/wp-content\/uploads\/2025\/09\/marc-marquez_160.jpg\" loading=\"lazy\" class=\"lazy\" fetchpriority=\"low\"\/><\/p>\n<p>                            Un ex de MotoGP cree que este t\u00edtulo de Marc M\u00e1rquez es diferente al resto: \u00abNo se siente feliz&#8230;\u00bb<br \/>\n                        <\/a><\/p>\n<\/li>\n<\/ul>\n<ul class=\"L6-channel-news__list\">\n<li class=\"L6-channel-news__item\">\n        \t<a href=\"https:\/\/news.google.com\/publications\/CAAiEF68L4M1bJgasbPp68zWMgwqFAgKIhBevC-DNWyYGrGz6evM1jIM?hl=es&amp;gl=ES&amp;ceid=ES%3Aes\" class=\"L6-channel-link L6-channel-link--google-news\" rel=\"nofollow noopener\" target=\"_blank\"><br \/>\n\t            <img decoding=\"async\" src=\"https:\/\/www.europesays.com\/es\/wp-content\/uploads\/2025\/09\/1759200192_679_googlenews.png\" alt=\"Logo Google News\" width=\"35\" height=\"35\" class=\"L6-channel-link--google-news-img\" loading=\"lazy\"\/><br \/>\n            \tNoticias en <strong>Google News<\/strong><br \/>\n          \t<\/a>\n        <\/li>\n<li class=\"L6-channel-news__item\">\n          \t<a href=\"https:\/\/whatsapp.com\/channel\/0029VaAv290Elah1gca0eO26\" class=\"L6-channel-link L6-channel-link--whatsapp\" rel=\"nofollow noopener\" target=\"_blank\"><\/p>\n<p>              \tNoticias en el canal de <strong>Whatsapp<\/strong><br \/>\n          \t<\/a>\n        <\/li>\n<li class=\"L6-channel-news__item\">\n          \t<a href=\"https:\/\/t.me\/la_sexta\/\" class=\"L6-channel-link L6-channel-link--telegram\" rel=\"nofollow\"><\/p>\n<p>              \tNoticias en el canal de <strong>Telegram<\/strong><br \/>\n          \t<\/a>\n       \t<\/li>\n<\/ul>\n<p class=\"L6-support-news-video__title\">Entrevista &#8216;Jugones&#8217;<\/p>\n<p>    <video class=\"video-main lazy\" title=\"Kirian Rodr\u00edguez, en 'Jugones': &quot;En el f\u00fatbol ya he cumplido mis sue\u00f1os, ahora que pasen estos a\u00f1os y la enfermedad se cure...&quot;\" poster=\"https:\/\/fotografias.lasexta.com\/clipping\/cmsimages02\/2025\/09\/26\/7BE379B9-0183-447B-BC3F-2D7A4B92A6DD\/kirian_163.jpg?crop=1920,1076,x0,y2&amp;width=546&amp;height=306&amp;optimize=low&amp;format=webply\" width=\"546\" height=\"306\" preload=\"none\"><\/p>\n<p>    <\/video><\/p>\n<p>   <img decoding=\"async\" title=\"Kirian\" alt=\"Kirian\" width=\"544\" height=\"306\" src=\"https:\/\/www.europesays.com\/es\/wp-content\/uploads\/2025\/09\/kirian_160.jpg\" loading=\"lazy\" class=\"lazy\" fetchpriority=\"low\"\/><\/p>\n<p>            <a href=\"https:\/\/www.lasexta.com\/noticias\/deportes\/futbol\/kirian-rodriguez-jugones-futbol-cumplido-mis-suenos-ahora-que-pasen-estos-anos-enfermedad-cure_2025092668d6b3723ce0ad1de87bd977.html\" class=\"L6-news__link\" rel=\"nofollow noopener\" target=\"_blank\"><br \/>\n                Kirian Rodr\u00edguez, en &#8216;Jugones&#8217;: \u00abEn el f\u00fatbol ya he cumplido mis sue\u00f1os, ahora que pasen estos a\u00f1os y la enfermedad se cure&#8230;\u00bb<\/p>\n<p class=\"recirculation-video-desc\">El futbolista de Las Palmas vuelve a los entrenamientos tras recibir el alta m\u00e9dico del linfoma de Hodgkin que padece: \u00abEn cuanto al f\u00fatbol creo que he vivido m\u00e1s de lo que esperaba&#8230;\u00bb.<\/p>\n<p>            <\/a><\/p>\n","protected":false},"excerpt":{"rendered":"Carlos Alcaraz est\u00e1 en la final de Tokio. Se medir\u00e1 a Taylor Fritz. Y ha alcanzado un nuevo&hellip;\n","protected":false},"author":2,"featured_media":84408,"comment_status":"","ping_status":"","sticky":false,"template":"","format":"standard","meta":{"footnotes":""},"categories":[93],"tags":[168,25,24,23,167],"class_list":{"0":"post-147710","1":"post","2":"type-post","3":"status-publish","4":"format-standard","5":"has-post-thumbnail","7":"category-deportes","8":"tag-deportes","9":"tag-es","10":"tag-espana","11":"tag-spain","12":"tag-sports"},"share_on_mastodon":{"url":"","error":""},"_links":{"self":[{"href":"https:\/\/www.europesays.com\/es\/wp-json\/wp\/v2\/posts\/147710","targetHints":{"allow":["GET"]}}],"collection":[{"href":"https:\/\/www.europesays.com\/es\/wp-json\/wp\/v2\/posts"}],"about":[{"href":"https:\/\/www.europesays.com\/es\/wp-json\/wp\/v2\/types\/post"}],"author":[{"embeddable":true,"href":"https:\/\/www.europesays.com\/es\/wp-json\/wp\/v2\/users\/2"}],"replies":[{"embeddable":true,"href":"https:\/\/www.europesays.com\/es\/wp-json\/wp\/v2\/comments?post=147710"}],"version-history":[{"count":0,"href":"https:\/\/www.europesays.com\/es\/wp-json\/wp\/v2\/posts\/147710\/revisions"}],"wp:featuredmedia":[{"embeddable":true,"href":"https:\/\/www.europesays.com\/es\/wp-json\/wp\/v2\/media\/84408"}],"wp:attachment":[{"href":"https:\/\/www.europesays.com\/es\/wp-json\/wp\/v2\/media?parent=147710"}],"wp:term":[{"taxonomy":"category","embeddable":true,"href":"https:\/\/www.europesays.com\/es\/wp-json\/wp\/v2\/categories?post=147710"},{"taxonomy":"post_tag","embeddable":true,"href":"https:\/\/www.europesays.com\/es\/wp-json\/wp\/v2\/tags?post=147710"}],"curies":[{"name":"wp","href":"https:\/\/api.w.org\/{rel}","templated":true}]}}