{"id":147713,"date":"2025-09-30T02:45:08","date_gmt":"2025-09-30T02:45:08","guid":{"rendered":"https:\/\/www.europesays.com\/es\/147713\/"},"modified":"2025-09-30T02:45:08","modified_gmt":"2025-09-30T02:45:08","slug":"masi-o-mala-rodriguez-una-de-ellas-ha-sido-expulsada-con-una-de-las-valoraciones-mas-duras-de-masterchef-celebrity-10","status":"publish","type":"post","link":"https:\/\/www.europesays.com\/es\/147713\/","title":{"rendered":"Masi o Mala Rodr\u00edguez, una de ellas ha sido expulsada, con una de las valoraciones m\u00e1s duras de &#8216;MasterChef Celebrity 10&#8217;"},"content":{"rendered":"\n<p> A la fortuita salida de Juanjo Luengo se le ha unido otra baja en MasterChef Celebrity 10. A \u00e9l le fall\u00f3 la cocina internacional y <strong>Mala Rodr\u00edguez, David Amor y Masi no supieron elaborar un plato decente <\/strong>con latas de conservas. <\/p>\n<p> La quinta entrega del exitoso talent show de Televisi\u00f3n Espa\u00f1ola ha sorprendido a sus concursantes con doble expulsi\u00f3n.<strong> La primera fue la del mago, que no supo cocinar con el nivel que exig\u00edan los tres chefs,<\/strong> despu\u00e9s de dividirlos por parejas y que presentaran una degustaci\u00f3n tradicional del pa\u00eds que les toc\u00f3 defender. <\/p>\n<p> La siguiente salida, aunque tradicional, tambi\u00e9n ha sido lacrim\u00f3gena. Con la presencia de Josie como padrino de la prueba del foso, los jueces del espacio culinario han querido rendir <strong>homenaje a la cocina de urgencia<\/strong>. Con su siempre evaluado instinto para la selecci\u00f3n, les pusieron una serie de<strong> conservas y latas<\/strong> con las que sacar un plato a la altura de la competici\u00f3n. <\/p>\n<p> Sin embargo, no todos supieron reaccionar con la misma perspicacia para defender sus delantales una semana m\u00e1s. Fue el caso de Masi, que, dicho por ella misma, ha asistido a una severa retah\u00edla de cr\u00edticas durante el turno de su cata. <strong>Ninguno de ellos acept\u00f3 su pasta con mezclas de pat\u00e9, queso y pato<\/strong>, por pasarse de la raya con el vinagre o la mezcla de latas. <\/p>\n<blockquote class=\"twitter-tweet\" data-media-max-width=\"560\">\n<p lang=\"es\" dir=\"ltr\">Hoy despedimos a Masi de las cocinas de <a href=\"https:\/\/twitter.com\/hashtag\/MCCelebrity?src=hash&amp;ref_src=twsrc%5Etfw\" rel=\"nofollow noopener\" target=\"_blank\">#MCCelebrity<\/a> \ud83d\udc94Te queremos much\u00edsimo y te mereces todo lo mejor. Gracias por unirte a nuestra familia MasterChef \u2764\ufe0f <a href=\"https:\/\/t.co\/5KB3O2GWnE\" rel=\"nofollow\">https:\/\/t.co\/5KB3O2GWnE<\/a> <a href=\"https:\/\/t.co\/GYxBbJP3Gw\" rel=\"nofollow\">pic.twitter.com\/GYxBbJP3Gw<\/a><\/p>\n<p>\u2014 MasterChef (@MasterChef_es) <a href=\"https:\/\/twitter.com\/MasterChef_es\/status\/1972814219838918871?ref_src=twsrc%5Etfw\" rel=\"nofollow noopener\" target=\"_blank\">September 30, 2025<\/a><\/p><\/blockquote>\n<p> <strong>\u00abSi quieres ganar el campeonato mundial de colesterol, este es tu plato. \u00bfSe le puede echar m\u00e1s grasa a la carbonara?\u00bb<\/strong>, espet\u00f3 Pepe Rodr\u00edguez. \u00abSon todos los pecados capitales ah\u00ed juntos. Lo he probado, pero&#8230;\u00bb, opin\u00f3 igual de tajante Josie. \u00abSolo me sabe a queso\u00bb, destac\u00f3 Gonzalo Mir\u00f3, tambi\u00e9n invitado estrella. <\/p>\n<p>              <img decoding=\"async\" class=\"inTextNews__img\" alt=\"Foto: masterchef-celebrity-expulsion-sorpresa-doble\" src=\"https:\/\/www.europesays.com\/es\/wp-content\/uploads\/2025\/09\/f.elconfidencial.com\/original\/c2b\/67b\/435\/c2b67b435dfb86e90c3fdf91a692418d.jpg\"  \/>     <\/p>\n<p>TE PUEDE INTERESAR<\/p>\n<p>      <a class=\"inTextNews__title\" href=\"https:\/\/www.elconfidencial.com\/television\/programas-tv\/2025-09-30\/masterchef-celebrity-expulsion-sorpresa-doble_4218782\/\" onclick=\"window.ECCO.emit(&#039;amplitude&#039;, { dataEventName: &#039;click_related_article_module&#039;, data: { related_article_url: &#039;https:\/\/www.elconfidencial.com\/television\/programas-tv\/2025-09-30\/masterchef-celebrity-expulsion-sorpresa-doble_4218782\/&#039;, related_article_author: &#039;Alvaro Rold\u00e1n&#039;, related_article_section: &#039;programas-tv&#039; } })\" rel=\"nofollow noopener\" target=\"_blank\"> &#8216;MasterChef Celebrity&#8217; abre con una prueba envenenada: Masi, Torito, Rosa Benito o Jorge Luengo, expulsado inesperado (y extra) <\/a>   <\/p>\n<p>    \u00c1. Rold\u00e1n   <\/p>\n<p> \u00abVoy a echar de menos la adrenalina que se vive. <strong>Todo lo que estaba en mi mano lo he hecho, no he pretendido ser nada que no soy<\/strong>. Esta experiencia va a ocupar un lugar muy importante, porque me ha aportado mucho\u00bb, dijo Masi como despedida, antes de soltar para siempre su delantal. <\/p>\n<p> A la fortuita salida de Juanjo Luengo se le ha unido otra baja en MasterChef Celebrity 10. A \u00e9l le fall\u00f3 la cocina internacional y <strong>Mala Rodr\u00edguez, David Amor y Masi no supieron elaborar un plato decente <\/strong>con latas de conservas. <\/p>\n<p>              <script async src=\"https:\/\/platform.twitter.com\/widgets.js\" charset=\"utf-8\"><\/script><\/p>\n","protected":false},"excerpt":{"rendered":"A la fortuita salida de Juanjo Luengo se le ha unido otra baja en MasterChef Celebrity 10. A&hellip;\n","protected":false},"author":2,"featured_media":147714,"comment_status":"","ping_status":"","sticky":false,"template":"","format":"standard","meta":{"footnotes":""},"categories":[91],"tags":[146,147,25,24,23],"class_list":{"0":"post-147713","1":"post","2":"type-post","3":"status-publish","4":"format-standard","5":"has-post-thumbnail","7":"category-entretenimiento","8":"tag-entertainment","9":"tag-entretenimiento","10":"tag-es","11":"tag-espana","12":"tag-spain"},"share_on_mastodon":{"url":"","error":""},"_links":{"self":[{"href":"https:\/\/www.europesays.com\/es\/wp-json\/wp\/v2\/posts\/147713","targetHints":{"allow":["GET"]}}],"collection":[{"href":"https:\/\/www.europesays.com\/es\/wp-json\/wp\/v2\/posts"}],"about":[{"href":"https:\/\/www.europesays.com\/es\/wp-json\/wp\/v2\/types\/post"}],"author":[{"embeddable":true,"href":"https:\/\/www.europesays.com\/es\/wp-json\/wp\/v2\/users\/2"}],"replies":[{"embeddable":true,"href":"https:\/\/www.europesays.com\/es\/wp-json\/wp\/v2\/comments?post=147713"}],"version-history":[{"count":0,"href":"https:\/\/www.europesays.com\/es\/wp-json\/wp\/v2\/posts\/147713\/revisions"}],"wp:featuredmedia":[{"embeddable":true,"href":"https:\/\/www.europesays.com\/es\/wp-json\/wp\/v2\/media\/147714"}],"wp:attachment":[{"href":"https:\/\/www.europesays.com\/es\/wp-json\/wp\/v2\/media?parent=147713"}],"wp:term":[{"taxonomy":"category","embeddable":true,"href":"https:\/\/www.europesays.com\/es\/wp-json\/wp\/v2\/categories?post=147713"},{"taxonomy":"post_tag","embeddable":true,"href":"https:\/\/www.europesays.com\/es\/wp-json\/wp\/v2\/tags?post=147713"}],"curies":[{"name":"wp","href":"https:\/\/api.w.org\/{rel}","templated":true}]}}