{"id":147717,"date":"2025-09-30T02:47:07","date_gmt":"2025-09-30T02:47:07","guid":{"rendered":"https:\/\/www.europesays.com\/es\/147717\/"},"modified":"2025-09-30T02:47:07","modified_gmt":"2025-09-30T02:47:07","slug":"un-experto-en-vivienda-explica-que-pasara-con-el-precio-de-la-vivienda-en-octubre-en-espana-parece-que-la-abc","status":"publish","type":"post","link":"https:\/\/www.europesays.com\/es\/147717\/","title":{"rendered":"Un experto en vivienda explica qu\u00e9 pasar\u00e1 con el precio de la vivienda en octubre en Espa\u00f1a: \u00abParece que la&#8230; &#8211; ABC"},"content":{"rendered":"<ol>\n<li><a href=\"https:\/\/news.google.com\/rss\/articles\/CBMipwFBVV95cUxOdWdUTkF2SUxmbUxoSE9MZ0Zrb2VPZV9zOEhLZDlwZlRVbWlIbXZUc2FzSEpKSFR6VGlPUnlfOWRaRkRZQWdMNHVicGJPcF9nYkIyTW81N2dwdTk3Rm1YdUVMRjQtOTJoTzhlZUlvQmhscE56TVZOWi16M01fUWdwU2VQM3VOVDhKVjB1T1MyZmpERV9WZ01OOHJzV1BQbkE5SkswTW1pWQ?oc=5\" target=\"_blank\" rel=\"nofollow noopener\">Un experto en vivienda explica qu\u00e9 pasar\u00e1 con el precio de la vivienda en octubre en Espa\u00f1a: \u00abParece que la&#8230;<\/a>&nbsp;&nbsp;ABC<\/li>\n<li><a href=\"https:\/\/news.google.com\/rss\/articles\/CBMivgFBVV95cUxNbVYzZzA4WXgwQTV3dF9qY1ZuS0pZb1ZGS3ZPb2szRzJMV042RGhjSlBJVzUxVzBtMXFFajdlNllnZlFmS2VaNHhuMjZJekNYbnA2OGoxSksyZG9kN1pYQUpFMGE0bnUzRmNhMS0tajNiZm5mWEZlTzRCbFZlX29veWRUdFJiOVVoNzNuVWxySW83OGJZdG9HNXItTno1V3l5R2NpNl9NZTRZT0xEcHdZUGxMYzhsZFVNZEdLd0p30gHSAUFVX3lxTE9NT05DSy1XYVJiWnUwemFQU3N1UER4NjJBNnFBQWpnMUFUWGFrNmpydHVVZnRtM3VpN3lpSG5veU81aGdybXdYay1Za2gzUXF6Z1JqOG5GVF83OTVlQkJWNTJvLWhsdkJfdXBrSlRfWTF6VmZuRXpzd3diNjI3dFNhbWRzaEhxZWNVOFVRSFZOY0xJeXVlazhxOU53T3FVTW9UMkgtQkh6RzJYM1I4Zm03WTB6ekxjeFBvVU1IYU9fS0pySFRPZ2JldlJSMmVrVXQxUQ?oc=5\" target=\"_blank\" rel=\"nofollow noopener\">En el 90% de las grandes ciudades es m\u00e1s barato comprar que alquilar<\/a>&nbsp;&nbsp;La Raz\u00f3n<\/li>\n<li><a href=\"https:\/\/news.google.com\/rss\/articles\/CBMitwFBVV95cUxQUkk0NGY0S05zUll2b0RXZDJ3RzJmTm9TLVpaS2RjdlNjMUtpSUdtcXZUa19YdWg4S2dxdUgzM2ZxbVN3aWhPVGlGaEltbElUUlMwZjBOSThCQUlVN1NsYkFkZVJidm43a2V6dDI2Qlo5QWxsNlI4YmFtWjYzLTZ4Wmk0b0lOMi0yWUNLZXFMMk5xeHRzZUlPWVl5UU1VNDAxNlYwVFFGZk94d3o1anRRTEtIMmRCcDQ?oc=5\" target=\"_blank\" rel=\"nofollow noopener\">Joaqu\u00edn Garc\u00eda, experto en hipotecas: \u00abLa tendencia para los pr\u00f3ximos a\u00f1os ser\u00e1 un aumento sostenido de precios en grandes ciudades y zonas costeras\u00bb<\/a>&nbsp;&nbsp;El Confidencial<\/li>\n<li><a href=\"https:\/\/news.google.com\/rss\/articles\/CBMikAJBVV95cUxNWjdFVmZWMy1FaWpyQ0xibzVCS3NqdG1YRmtNS3haU0M1azgxd2ZCRmkwREc5RHhFaGdLMnRMU3lSWDlrMi01RGJza0xtRGdJNjZiXzQ2US0zQnItTkd2cHhtN292ZTdkZlpuZTFCcnRzLUVLYWQzVEsyNHJ0LXlYOXVSTUYzMTFXN1BGREtIQjhHbzZzUXdrdmNpX2dnaUgzUC1KVjFtZE5RN0FGcGZjdURxY2hwZFFxVkhTcktNR1hlOExRZWtYMF9EdUFEWlM2S3BXS1ZZbktlVDYzQ3BZNGV6UkhLeno0NWpJQ2pkTDV1ZVJpTWFHV3NsZ0VMY2t4SEplYjhreS1jaUo3M0RKddIBqwJBVV95cUxPZjFXYmpDdnk3Y1dXZndpMU1PcGQ0UzZHRUZZQ256aWNoSFYxMVRqdjRBSlVNaHBsUW9MeVI5Zk9veVdIOHk2OVMyYVR2SnhPbnBtSE15LTlFb1d3cnFzazlyZDdvcWVwR19Zam54YmpzajRSb3I1b0FhaXZ4Nk1JOS1GbVM3SlJ0aVFvNWRvWkJqV0s0TzctTDFwU1BCeWNrV0lURThYWl91YlZGQmtLQ25pbUpKTVpBMi1XblJQMDlOa2trU1pHbW1SQTZWeHd4bmZXZnZyVHJaQmxlRnZpZmk3WW5PdVh1N2ZmemF6R3h4MzVuX2lGa3NoVHB6N3dOTWtxSmhvTFhLUkkzS0ZBb2NnRm1Fc08tcDAxRWRpS0dHZHNHNDNyem1LYw?oc=5\" target=\"_blank\" rel=\"nofollow noopener\">Joaqu\u00edn Garc\u00eda, experto en hipotecas, sobre los precios: \u201cLa tendencia ser\u00e1 un aumento sostenido de precios en grandes ciudades y zonas costeras\u201d<\/a>&nbsp;&nbsp;Infobae<\/li>\n<\/ol>\n","protected":false},"excerpt":{"rendered":"Un experto en vivienda explica qu\u00e9 pasar\u00e1 con el precio de la vivienda en octubre en Espa\u00f1a: \u00abParece&hellip;\n","protected":false},"author":2,"featured_media":147718,"comment_status":"","ping_status":"","sticky":false,"template":"","format":"standard","meta":{"footnotes":""},"categories":[80],"tags":[82,95,94,25,24,4921,5134,9072,3088,2600,3282,23,28577,3633],"class_list":{"0":"post-147717","1":"post","2":"type-post","3":"status-publish","4":"format-standard","5":"has-post-thumbnail","7":"category-economia","8":"tag-business","9":"tag-economia","10":"tag-economy","11":"tag-es","12":"tag-espana","13":"tag-experto","14":"tag-explica","15":"tag-octubre","16":"tag-parece","17":"tag-pasara","18":"tag-precio","19":"tag-spain","20":"tag-tendencia","21":"tag-vivienda"},"share_on_mastodon":{"url":"","error":""},"_links":{"self":[{"href":"https:\/\/www.europesays.com\/es\/wp-json\/wp\/v2\/posts\/147717","targetHints":{"allow":["GET"]}}],"collection":[{"href":"https:\/\/www.europesays.com\/es\/wp-json\/wp\/v2\/posts"}],"about":[{"href":"https:\/\/www.europesays.com\/es\/wp-json\/wp\/v2\/types\/post"}],"author":[{"embeddable":true,"href":"https:\/\/www.europesays.com\/es\/wp-json\/wp\/v2\/users\/2"}],"replies":[{"embeddable":true,"href":"https:\/\/www.europesays.com\/es\/wp-json\/wp\/v2\/comments?post=147717"}],"version-history":[{"count":0,"href":"https:\/\/www.europesays.com\/es\/wp-json\/wp\/v2\/posts\/147717\/revisions"}],"wp:featuredmedia":[{"embeddable":true,"href":"https:\/\/www.europesays.com\/es\/wp-json\/wp\/v2\/media\/147718"}],"wp:attachment":[{"href":"https:\/\/www.europesays.com\/es\/wp-json\/wp\/v2\/media?parent=147717"}],"wp:term":[{"taxonomy":"category","embeddable":true,"href":"https:\/\/www.europesays.com\/es\/wp-json\/wp\/v2\/categories?post=147717"},{"taxonomy":"post_tag","embeddable":true,"href":"https:\/\/www.europesays.com\/es\/wp-json\/wp\/v2\/tags?post=147717"}],"curies":[{"name":"wp","href":"https:\/\/api.w.org\/{rel}","templated":true}]}}