{"id":147719,"date":"2025-09-30T02:48:08","date_gmt":"2025-09-30T02:48:08","guid":{"rendered":"https:\/\/www.europesays.com\/es\/147719\/"},"modified":"2025-09-30T02:48:08","modified_gmt":"2025-09-30T02:48:08","slug":"maduro-firma-decreto-que-le-otorga-poderes-especiales-ante-posible-agresion-externa-de-ee-uu","status":"publish","type":"post","link":"https:\/\/www.europesays.com\/es\/147719\/","title":{"rendered":"Maduro firma decreto que le otorga poderes especiales ante posible \u201cagresi\u00f3n externa\u201d de EE.UU."},"content":{"rendered":"<p>      CNN Espa\u00f1ol<br \/>\n        \u00a0\u2014\u00a0<\/p>\n<p class=\"paragraph inline-placeholder vossi-paragraph\" data-uri=\"es.cms.cnn.com\/_components\/paragraph\/instances\/cmg5obvu7000r26q9da7f7nrh@published\" data-editable=\"text\" data-component-name=\"paragraph\" data-article-gutter=\"true\">\n            La vicepresidenta de Venezuela, Delcy Rodr\u00edguez, inform\u00f3 este lunes que el presidente Nicol\u00e1s Maduro firm\u00f3 un decreto que le otorga poderes especiales en caso de una incursi\u00f3n militar extranjera.\n    <\/p>\n<p class=\"paragraph inline-placeholder vossi-paragraph\" data-uri=\"es.cms.cnn.com\/_components\/paragraph\/instances\/cmg5od6sc0004356nakc6glk6@published\" data-editable=\"text\" data-component-name=\"paragraph\" data-article-gutter=\"true\">\n            \u201cCualquier tipo de agresi\u00f3n externa\u2026 si se atreviesen las Fuerzas Armadas militares de los Estados Unidos se considera una agresi\u00f3n externa y se activar\u00eda de manera inmediata este decreto de secci\u00f3n de conmoci\u00f3n externa\u201d, dijo Rodr\u00edguez durante una sesi\u00f3n del Consejo Nacional por la Soberan\u00eda y la Paz en Caracas.\n    <\/p>\n<p class=\"paragraph inline-placeholder vossi-paragraph\" data-uri=\"es.cms.cnn.com\/_components\/paragraph\/instances\/cmg5od6sd0005356nc5ohlb83@published\" data-editable=\"text\" data-component-name=\"paragraph\" data-article-gutter=\"true\">\n            El decreto, explic\u00f3 la vicepresidenta, permitir\u00eda al mandatario movilizar a la Fuerza Armada Nacional Bolivariana en todo el territorio, tomar control militar de la infraestructura de servicios p\u00fablicos, la industria petrolera y las industrias b\u00e1sicas del pa\u00eds, as\u00ed como activar planes de seguridad ciudadana y cerrar fronteras terrestres, mar\u00edtimas y a\u00e9reas.\n    <\/p>\n<p class=\"paragraph inline-placeholder vossi-paragraph\" data-uri=\"es.cms.cnn.com\/_components\/paragraph\/instances\/cmg5od6sd0006356nei63c4g6@published\" data-editable=\"text\" data-component-name=\"paragraph\" data-article-gutter=\"true\">\n            \u201cLa Constituci\u00f3n es muy clara, y ha establecido tambi\u00e9n, que no se permitir\u00e1 a nadie dentro o fuera del territorio que promueva, que apoye, que facilite, que haga apolog\u00eda de una agresi\u00f3n militar externa contra Venezuela\u201d, agreg\u00f3 Rodr\u00edguez.\n    <\/p>\n<p class=\"paragraph inline-placeholder vossi-paragraph\" data-uri=\"es.cms.cnn.com\/_components\/paragraph\/instances\/cmg5od6sd0007356nnyfxxrng@published\" data-editable=\"text\" data-component-name=\"paragraph\" data-article-gutter=\"true\">\n            La medida se anuncia en medio de las tensiones por el despliegue de buques de guerra estadounidenses en el mar Caribe, operaci\u00f3n que Washington asegura est\u00e1 dirigida a combatir el narcotr\u00e1fico en la regi\u00f3n. Caracas, sin embargo, dice que es una amenaza a su soberan\u00eda.\n    <\/p>\n<p class=\"paragraph inline-placeholder vossi-paragraph\" data-uri=\"es.cms.cnn.com\/_components\/paragraph\/instances\/cmg5pb9qc000a356nehufy9zj@published\" data-editable=\"text\" data-component-name=\"paragraph\" data-article-gutter=\"true\">\n            El presidente de EE.UU., Donald Trump, ha anunciado al menos tres ataques letales contra embarcaciones presuntamente cargadas de drogas en aguas del Caribe, en los que han muerto m\u00e1s de una docena de presuntos narcotraficantes, aunque la Casa Blanca no ha presentado evidencias concretas ni datos de inteligencia que confirmen que las personas abatidas eran delincuentes.\n    <\/p>\n<p class=\"paragraph inline-placeholder vossi-paragraph\" data-uri=\"es.cms.cnn.com\/_components\/paragraph\/instances\/cmg5pdsok000h356nceih8ezm@published\" data-editable=\"text\" data-component-name=\"paragraph\" data-article-gutter=\"true\">\n            Consultado al respecto, Trump se\u00f1al\u00f3 previamente: \u201cTenemos pruebas. Solo hay que ver la carga que qued\u00f3 esparcida por todo el oc\u00e9ano: grandes bolsas de coca\u00edna y fentanilo por todas partes\u201d.\n    <\/p>\n<p class=\"paragraph inline-placeholder vossi-paragraph\" data-uri=\"es.cms.cnn.com\/_components\/paragraph\/instances\/cmg5pct3i000f356nbhr7s20f@published\" data-editable=\"text\" data-component-name=\"paragraph\" data-article-gutter=\"true\">\n            Venezuela ha condenado el despliegue estadounidense y en respuesta ha lanzado <a href=\"https:\/\/cnnespanol.cnn.com\/2025\/09\/17\/venezuela\/video\/venezuela-ejercicios-militares-isla-orchila-panorama-tv\" rel=\"nofollow noopener\" target=\"_blank\">ejercicios militares<\/a> y <a href=\"https:\/\/xn--venezuela%20ha%20condenado%20el%20despliegue%20estadounidense%20y%20en%20respuesta%20ha%20lanzado%20ejercicios%20militares%20y%20ha%20exhibido%20sus%20aviones%20de%20combate%20de%20fabricacin%20rusa%20como%20muestra%20de%20fuerza,%20adems%20de%20la%20movilizacin%20de%20milicianos-tpwy2zcc.xn--%20la%20semana%20pasada,%20el%20fiscal%20general%20de%20venezuela,%20tarek%20william%20saab,%20pidi%20a%20la%20onu%20investigar%20los%20ataques%20contra%20las%20embarcaciones,%20las%20que%20tild%20de%20\/\" target=\"_blank\" rel=\"nofollow\">ha exhibido sus aviones de combate de fabricaci\u00f3n rusa<\/a> como muestra de fuerza, adem\u00e1s de la movilizaci\u00f3n de milicianos. Maduro ha asegurado que m\u00e1s de 8 millones de venezolanos se han inscrito en el cuerpo voluntario.\n    <\/p>\n","protected":false},"excerpt":{"rendered":"CNN Espa\u00f1ol \u00a0\u2014\u00a0 La vicepresidenta de Venezuela, Delcy Rodr\u00edguez, inform\u00f3 este lunes que el presidente Nicol\u00e1s Maduro firm\u00f3&hellip;\n","protected":false},"author":2,"featured_media":147720,"comment_status":"","ping_status":"","sticky":false,"template":"","format":"standard","meta":{"footnotes":""},"categories":[42],"tags":[17,18,45225,629,13,14,11,61,62,63,64,19,20,9,10,15,16,12,21,22,1192,65,66,67],"class_list":{"0":"post-147719","1":"post","2":"type-post","3":"status-publish","4":"format-standard","5":"has-post-thumbnail","7":"category-internacional","8":"tag-breaking-news","9":"tag-breakingnews","10":"tag-despliegue-militar-de-ee-uu","11":"tag-estados-unidos","12":"tag-featured-news","13":"tag-featurednews","14":"tag-headlines","15":"tag-internacional","16":"tag-international","17":"tag-international-news","18":"tag-internationalnews","19":"tag-latest-news","20":"tag-latestnews","21":"tag-news","22":"tag-noticias","23":"tag-noticias-destacadas","24":"tag-noticiasdestacadas","25":"tag-titulares","26":"tag-ultimas-noticias","27":"tag-ultimasnoticias","28":"tag-venezuela","29":"tag-world","30":"tag-world-news","31":"tag-worldnews"},"share_on_mastodon":{"url":"","error":""},"_links":{"self":[{"href":"https:\/\/www.europesays.com\/es\/wp-json\/wp\/v2\/posts\/147719","targetHints":{"allow":["GET"]}}],"collection":[{"href":"https:\/\/www.europesays.com\/es\/wp-json\/wp\/v2\/posts"}],"about":[{"href":"https:\/\/www.europesays.com\/es\/wp-json\/wp\/v2\/types\/post"}],"author":[{"embeddable":true,"href":"https:\/\/www.europesays.com\/es\/wp-json\/wp\/v2\/users\/2"}],"replies":[{"embeddable":true,"href":"https:\/\/www.europesays.com\/es\/wp-json\/wp\/v2\/comments?post=147719"}],"version-history":[{"count":0,"href":"https:\/\/www.europesays.com\/es\/wp-json\/wp\/v2\/posts\/147719\/revisions"}],"wp:featuredmedia":[{"embeddable":true,"href":"https:\/\/www.europesays.com\/es\/wp-json\/wp\/v2\/media\/147720"}],"wp:attachment":[{"href":"https:\/\/www.europesays.com\/es\/wp-json\/wp\/v2\/media?parent=147719"}],"wp:term":[{"taxonomy":"category","embeddable":true,"href":"https:\/\/www.europesays.com\/es\/wp-json\/wp\/v2\/categories?post=147719"},{"taxonomy":"post_tag","embeddable":true,"href":"https:\/\/www.europesays.com\/es\/wp-json\/wp\/v2\/tags?post=147719"}],"curies":[{"name":"wp","href":"https:\/\/api.w.org\/{rel}","templated":true}]}}