{"id":147721,"date":"2025-09-30T02:52:28","date_gmt":"2025-09-30T02:52:28","guid":{"rendered":"https:\/\/www.europesays.com\/es\/147721\/"},"modified":"2025-09-30T02:52:28","modified_gmt":"2025-09-30T02:52:28","slug":"hay-que-decir-basta-ya","status":"publish","type":"post","link":"https:\/\/www.europesays.com\/es\/147721\/","title":{"rendered":"Hay que decir basta ya"},"content":{"rendered":"<p class=\"article-text\">\n        Las continuas denuncias del <a href=\"https:\/\/www.eldiario.es\/internacional\/comision-investigacion-onu-concluye-israel-comete-genocidio-estados-deben-actuar-pararlo_1_12605424.html\" data-mrf-recirculation=\"links-noticia\" class=\"link\" rel=\"nofollow noopener\" target=\"_blank\">genocidio contra la poblaci\u00f3n palestina en Gaza<\/a> de los sindicatos mayoritarios, CCOO y UGT, han convergido en una convocatoria de protestas en todos los centros de trabajo de Espa\u00f1a el pr\u00f3ximo 15 de octubre. Para dar un blindaje legal a la participaci\u00f3n, sin posibles represalias o impedimentos en alg\u00fan centro de trabajo, las centrales de trabajadores han convocado paros parciales de dos horas, en los turnos de ma\u00f1ana, tarde y noche.\n    <\/p>\n<p>    <a href=\"https:\/\/www.eldiario.es\/sociedad\/protestas-vuelta-prendieron-mecha-aumenta-presion-uefa-eurovision-echar-israel_1_12632888.html\" data-mrf-recirculation=\"saber-mas\" data-dl-event=\"saber-mas\" rel=\"nofollow noopener\" target=\"_blank\"><\/p>\n<p class=\"know-more__title\">Las protestas en La Vuelta prendieron la mecha: aumenta la presi\u00f3n sobre la UEFA y Eurovisi\u00f3n para echar a Israel<\/p>\n<p>            <img decoding=\"async\" class=\"lazy\" loading=\"lazy\" data-src=\"https:\/\/static.eldiario.es\/clip\/5d39eab2-3569-4b45-9742-4bb4ab846457_16-9-aspect-ratio_default_0.jpg\" src=\"data:image\/svg+xml,%3Csvg xmlns=\" http:=\"\" viewbox=\"0 0 880 495\" alt=\"Las protestas en La Vuelta prendieron la mecha: aumenta la presi\u00f3n sobre la UEFA y Eurovisi\u00f3n para echar a Israel\"\/><\/p>\n<p>                        <\/a><\/p>\n<p class=\"article-text\">\n        Los l\u00edderes de ambas organizaciones, Unai Sordo (CCOO) y Pepe \u00c1lvarez (UGT), han registrado este lunes en el Ministerio de Trabajo la convocatoria de los paros parciales, de car\u00e1cter general en todo el pa\u00eds, que alcanza a todas las personas asalariadas, de cualquier sector o actividad, tanto p\u00fablica como privada.\n    <\/p>\n<p class=\"article-text\">\n        \u201cEl mundo del trabajo, el mundo de los sindicatos, desde la realidad de los centros de trabajo, hay que decir tambi\u00e9n basta ya, fin al genocidio, stop al genocidio en Gaza y en Palestina\u201d, ha afirmado Unai Sordo.\n    <\/p>\n<p class=\"article-text\">\n        En el mismo sentido, el secretario general de UGT ha pedido \u201csolidaridad con los ciudadanos palestinos, que est\u00e1n sufriendo una masacre y un genocidio. Todos vemos c\u00f3mo mueren ni\u00f1os y ni\u00f1as, mujeres, seres humanos, de manera indiscriminada. Israel no puede seguir vulnerando el derecho que tienen los ciudadanos y ciudadanas de Palestina\u201d.\n    <\/p>\n<p>    Blindaje legal en los tres turnos de trabajo<\/p>\n<p class=\"article-text\">\n        Los paros registrados ser\u00e1n de 02.00 a 04.00 horas, en la madrugada del 15 de octubre; de 10.00 a 12.00 horas, en la ma\u00f1ana, y de 17.00 a 19.00 horas en la jornada de tarde, han explicado las centrales sindicales.\n    <\/p>\n<p class=\"article-text\">\n        M\u00e1s que el paro de dos horas en esos turnos (que ser\u00eda legal en cualquier caso), los sindicatos mayoritarios han querido garantizar con esta convocatoria un blindaje legal a las protestas, movilizaciones y asambleas que los sindicatos van a organizar en las puertas de los centros de trabajo contra el genocio en Palestina ese d\u00eda.\n    <\/p>\n<p class=\"article-text\">\n        Sordo ha subrayado que la convocatoria busca garantizar que las personas trabajadoras puedan participar sin riesgos legales en actos de protesta o lectura de manifiestos. \u201cSe trata de dar garant\u00eda jur\u00eddica a todo el mundo, la cobertura legal se llama huelga, se llama paro\u201d, ha indicado.\n    <\/p>\n<p>    Apoyo a una movilizaci\u00f3n global contra el genocidio<\/p>\n<p class=\"article-text\">\n        Los sindicatos mayoritarios han destacado la importancia de sumarse a las distintas inicitivas sociales de movilizaci\u00f3n contra las masacres que est\u00e1 cometiendo israel contra la poblaci\u00f3n palestina, que est\u00e1n teniendo lugar en Espa\u00f1a, pero tambi\u00e9n en otros muchos pa\u00edses del mundo. Por ejemplo, como las celebradas este verano durante La Vuelta ciclista, que tanto CCOO y UGT han apoyado.\n    <\/p>\n<p class=\"article-text\">\n        \u201cEn primer lugar, faltar\u00eda m\u00e1s, por humanidad y solidaridad con la poblaci\u00f3n palestina, pero tambi\u00e9n porque Estados Unidos, la actual administraci\u00f3n estadounidense, va a llevar al mundo a una situaci\u00f3n de enorme inestabilidad&#8230;\u00a0Tambi\u00e9n es un inter\u00e9s de los trabajadores y las trabajadoras poner fin a esta deriva reaccionaria\u201d, ha argumentado Sordo (CCOO).\n    <\/p>\n<p>    <a href=\"https:\/\/www.eldiario.es\/internacional\/comision-investigacion-onu-concluye-israel-comete-genocidio-estados-deben-actuar-pararlo_1_12605424.html\" data-mrf-recirculation=\"saber-mas-abajo\" data-dl-event=\"saber-mas-abajo\" rel=\"nofollow noopener\" target=\"_blank\"><\/p>\n<p class=\"know-more__title\">El primer estudio cient\u00edfico en Gaza radiograf\u00eda una masacre indiscriminada: \u201cVemos lesiones rara vez observadas en la historia reciente\u201d <\/p>\n<p>            <img decoding=\"async\" class=\"lazy\" loading=\"lazy\" data-src=\"https:\/\/static.eldiario.es\/clip\/5616a0f3-4768-460b-8f70-9cfa1c7b91d5_16-9-aspect-ratio_default_0.jpg\" src=\"data:image\/svg+xml,%3Csvg xmlns=\" http:=\"\" viewbox=\"0 0 880 495\" alt=\"La Comisi\u00f3n de Investigaci\u00f3n de la ONU concluye que Israel comete genocidio en Gaza: &quot;Los Estados deben actuar para pararlo&quot;\"\/><\/p>\n<p>                        <\/a><\/p>\n<p class=\"article-text\">\n        \u00c1lvarez ha recordado que lo que sucede en Palestina, forma parte de \u201cun momento de cambio en el mundo\u201d. \u201cAlgunos se quieren pasar por el forro el derecho internacional, y solo quieren aplicar la ley del m\u00e1s fuerte. Lo hemos visto con Israel y lo hemos visto con Putin y Rusia. Por eso es importante que el mundo tome consciencia que hoy por ti y ma\u00f1ana por m\u00ed\u201d, ha afirmado el dirigente de UGT.\n    <\/p>\n","protected":false},"excerpt":{"rendered":"Las continuas denuncias del genocidio contra la poblaci\u00f3n palestina en Gaza de los sindicatos mayoritarios, CCOO y UGT,&hellip;\n","protected":false},"author":2,"featured_media":147722,"comment_status":"","ping_status":"","sticky":false,"template":"","format":"standard","meta":{"footnotes":""},"categories":[8],"tags":[9122,14076,17,18,36449,18926,29448,25,24,13,14,694,79,1634,11,19,20,9,10,15,16,9072,45227,45226,23,12,14207,21,22],"class_list":{"0":"post-147721","1":"post","2":"type-post","3":"status-publish","4":"format-standard","5":"has-post-thumbnail","7":"category-espana","8":"tag-9122","9":"tag-basta","10":"tag-breaking-news","11":"tag-breakingnews","12":"tag-ccoo","13":"tag-convocan","14":"tag-decir","15":"tag-es","16":"tag-espana","17":"tag-featured-news","18":"tag-featurednews","19":"tag-gaza","20":"tag-genocidio","21":"tag-hay","22":"tag-headlines","23":"tag-latest-news","24":"tag-latestnews","25":"tag-news","26":"tag-noticias","27":"tag-noticias-destacadas","28":"tag-noticiasdestacadas","29":"tag-octubre","30":"tag-parciales","31":"tag-paros","32":"tag-spain","33":"tag-titulares","34":"tag-ugt","35":"tag-ultimas-noticias","36":"tag-ultimasnoticias"},"share_on_mastodon":{"url":"","error":""},"_links":{"self":[{"href":"https:\/\/www.europesays.com\/es\/wp-json\/wp\/v2\/posts\/147721","targetHints":{"allow":["GET"]}}],"collection":[{"href":"https:\/\/www.europesays.com\/es\/wp-json\/wp\/v2\/posts"}],"about":[{"href":"https:\/\/www.europesays.com\/es\/wp-json\/wp\/v2\/types\/post"}],"author":[{"embeddable":true,"href":"https:\/\/www.europesays.com\/es\/wp-json\/wp\/v2\/users\/2"}],"replies":[{"embeddable":true,"href":"https:\/\/www.europesays.com\/es\/wp-json\/wp\/v2\/comments?post=147721"}],"version-history":[{"count":0,"href":"https:\/\/www.europesays.com\/es\/wp-json\/wp\/v2\/posts\/147721\/revisions"}],"wp:featuredmedia":[{"embeddable":true,"href":"https:\/\/www.europesays.com\/es\/wp-json\/wp\/v2\/media\/147722"}],"wp:attachment":[{"href":"https:\/\/www.europesays.com\/es\/wp-json\/wp\/v2\/media?parent=147721"}],"wp:term":[{"taxonomy":"category","embeddable":true,"href":"https:\/\/www.europesays.com\/es\/wp-json\/wp\/v2\/categories?post=147721"},{"taxonomy":"post_tag","embeddable":true,"href":"https:\/\/www.europesays.com\/es\/wp-json\/wp\/v2\/tags?post=147721"}],"curies":[{"name":"wp","href":"https:\/\/api.w.org\/{rel}","templated":true}]}}