{"id":147723,"date":"2025-09-30T02:57:34","date_gmt":"2025-09-30T02:57:34","guid":{"rendered":"https:\/\/www.europesays.com\/es\/147723\/"},"modified":"2025-09-30T02:57:34","modified_gmt":"2025-09-30T02:57:34","slug":"fallecida-mujer-porton-gijon-fue-un-regalo-de-45-anos-que-se-nos-rompio-gijon-despide-a-la-educadora-fallecida-en-el-accidente-de-granda","status":"publish","type":"post","link":"https:\/\/www.europesays.com\/es\/147723\/","title":{"rendered":"FALLECIDA MUJER PORT\u00d3N GIJ\u00d3N | \u201cFue un regalo de 45 a\u00f1os que se nos rompi\u00f3\u201d: Gij\u00f3n despide a la educadora fallecida en el accidente de Granda"},"content":{"rendered":"<p class=\"ft-text ft-helper-closenews\"><strong>\u201cElla fue un regalo de 45 a\u00f1os que se nos rompi\u00f3\u201d<\/strong>. De esta forma, que refleja una p\u00e9rdida inesperada y de incalculable magnitud,<strong> recordaron ayer, devastados, Jaime P\u00e9rez y Laudy Exp\u00f3sito, a su hija, <\/strong><a class=\"ft-link ft-link--decoration\" href=\"https:\/\/www.lne.es\/gijon\/2025\/09\/28\/tragedia-gijon-fallece-profesora-45-122050264.html\" target=\"_blank\" rel=\"nofollow noopener\">Luc\u00eda P\u00e9rez Exp\u00f3sito, la orientadora gijonesa de 45 a\u00f1os fallecida el domingo tras la ca\u00edda del port\u00f3n autom\u00e1tico de su casa<\/a>, en la parroquia de Granda, en Gij\u00f3n. La frase, pronunciada en la capilla ardiente instalada en la sala 12 del Tanatorio de Cabue\u00f1es, resume el dolor de una familia destrozada y, que al mismo tiempo, describi\u00f3 el afecto una riada de gente que fluy\u00f3 por el velatorio hasta desbordarlo.<\/p>\n<p class=\"ft-text\"><strong>\u00abAhora toca seguir adelante por otros dos regalos, que son sus dos hijas\u00bb<\/strong>, prometi\u00f3 la madre, que recibi\u00f3 el abrazo de centenares de personas llegadas de todos los puntos de Asturias que lloraron por esta conmoci\u00f3n, que ha traspasado el \u00e1mbito local. <strong>\u201cCari\u00f1osa, amable, sonriente; pura luz\u201d, coincid\u00edan en definirla todos los amigos y compa\u00f1eros<\/strong> de diferentes facetas de la vida de la educadora del Colegio P\u00fablico Noega, devastados por la gravedad del adi\u00f3s.<\/p>\n<p class=\"ft-text\"><strong>\u201cEra una gran profesional, de esas que, aunque estuvieras desbordado de trabajo, siempre encontraban un minuto para escucharte\u201d<\/strong>, record\u00f3 emocionada Alicia Fern\u00e1ndez, quien fuera compa\u00f1era en el equipo de orientaci\u00f3n de Gij\u00f3n y con la que trabaj\u00f3 durante varios a\u00f1os. <strong>\u201cSu mayor preocupaci\u00f3n eran sus alumnos y las familias<\/strong> que hay detr\u00e1s de ellos. Si hab\u00eda que hacer algo por su bien, no dudaba ni un segundo\u201d, elogi\u00f3.<\/p>\n<p>Perfil humano y social<\/p>\n<p class=\"ft-text\">No solo la preocupaci\u00f3n por sus alumnos y su alta profesionalidad se destac\u00f3, sino que tambi\u00e9n<strong> el perfil humano y social de la docente dej\u00f3 huella<\/strong>. \u201cEra muy reivindicativa, con conciencia social y feminista. <strong>Participaba en manifestaciones, apoyaba causas diversas y siempre lo hac\u00eda con alegr\u00eda<\/strong>, con esa sonrisa constante que te contagiaba serenidad y energ\u00eda para seguir adelante\u201d, a\u00f1adi\u00f3 Fern\u00e1ndez.<\/p>\n<p class=\"ft-text\">La orientadora,<strong> que creci\u00f3 en el barrio de La Arena y estudi\u00f3 en el Colegio de La Asunci\u00f3n<\/strong>, combinaba su vida laboral con una intensa actividad personal. Sus compa\u00f1eras la recuerdan en bailes de danza del vientre, en conciertos de m\u00fasica indie, en escapadas en furgoneta o en charlas improvisadas y personales donde, pese al cansancio de la vida cotidiana, nunca le faltaba una palabra de aliento.<\/p>\n<p class=\"ft-text\"><strong>\u201cBondad absoluta, si buscas la palabra bondad en un diccionario, era ella\u201d<\/strong>, resume Fern\u00e1ndez, convencida de que su amiga deja un legado imborrable. \u201cQueremos hacerle una fiesta para recordarla, como ella siempre quiso que ocurriera en un futuro. Lo que nunca pensamos que se ir\u00eda as\u00ed\u201d, se\u00f1al\u00f3.<\/p>\n<p class=\"ft-text\">En los \u00faltimos a\u00f1os <strong>participaba activamente en el grupo de f\u00fatbol feminista DiverXente<\/strong>, un colectivo inclusivo y no competitivo. All\u00ed la conocieron quienes ahora tambi\u00e9n lloran su p\u00e9rdida. \u201cLleg\u00f3 sin haber jugado nunca y r\u00e1pidamente jug\u00f3 como la mejor\u201d, cuentan sus compa\u00f1eras de equipo sobre la actividad deportiva,<strong> que compart\u00eda con sus dos peque\u00f1as y donde jugaba de defensa<\/strong>.<\/p>\n<p class=\"ft-text\"><strong>\u201cEra una de esas personas vitamina<\/strong> que en cualquier lunes te felicitaba, te daba \u00e1nimos y te recargaba las pilas. Siempre positiva, siempre ayudando\u201d, relataron.<\/p>\n<p>Conmoci\u00f3n en el sector educativo<\/p>\n<p class=\"ft-text\"><strong>El fallecimiento no tard\u00f3 en hacerse sentir en la comunidad escolar gijonesa desde el primer momento<\/strong>. Colegios de toda la ciudad -adem\u00e1s de en el Noega, estaba en el equipo de orientaci\u00f3n del Campoamor- <a class=\"ft-link ft-link--decoration\" href=\"https:\/\/www.lne.es\/gijon\/2025\/09\/29\/gran-profesional-companera-docente-fallecida-122073413.html\" target=\"_blank\" rel=\"nofollow noopener\">se hicieron eco del accidente, y compa\u00f1eros de profesi\u00f3n inundaron las redes sociales con mensajes de p\u00e9same<\/a>.<\/p>\n<p class=\"ft-text\">Las familias de sus alumnos tambi\u00e9n se unieron a la ola de condolencias, subrayando su \u00abentrega y empat\u00eda\u00bb. \u00abEs una persona que dej\u00f3 huella, fue una profesional muy buena y dedicada. Estuvo tambi\u00e9n Muchos a\u00f1os en el colegio <strong>Jacinto Benavente<\/strong>, todos pensamos lo mismo era una gran profesional y una gran persona\u00bb, transmiten fuentes del Noega.<\/p>\n<p class=\"ft-text\"><strong>El accidente que acab\u00f3 con su vida ocurri\u00f3 en la ma\u00f1ana del domingo, en la zona de La Folguera<\/strong>. Seg\u00fan las primeras pesquisas, <strong>P\u00e9rez intentaba arreglar el mecanismo del port\u00f3n autom\u00e1tico de su casa<\/strong>, que hab\u00eda fallado al soltarse algunas piezas. En ese intento, la estructura met\u00e1lica cedi\u00f3 de forma repentina y la golpe\u00f3 en la cabeza. Fue un vecino el que, al pasar por el camino de la Monja sobre las 9.10 horas, hall\u00f3 el cuerpo tendido en el suelo.<\/p>\n<p class=\"ft-text\"><strong>La tragedia sorprendi\u00f3 a una parroquia acostumbrada a la calma rural<\/strong>. \u201cAqu\u00ed pasa poca gente, y menos un domingo por la ma\u00f1ana\u201d, explicaban los vecinos, que todav\u00eda no daban cr\u00e9dito a lo sucedido:<strong> \u201cEs una desgracia enorme\u201d<\/strong>.<\/p>\n<p data-close=\"closedContent\" class=\"subscribeHideForDisplay\">Suscr\u00edbete para seguir leyendo<\/p>\n","protected":false},"excerpt":{"rendered":"\u201cElla fue un regalo de 45 a\u00f1os que se nos rompi\u00f3\u201d. De esta forma, que refleja una p\u00e9rdida&hellip;\n","protected":false},"author":2,"featured_media":147724,"comment_status":"","ping_status":"","sticky":false,"template":"","format":"standard","meta":{"footnotes":""},"categories":[5],"tags":[18596,988,1770,17,18,42658,1053,25,24,13,14,260,6023,11,19,20,9,10,15,16,7382,18867,23,12,21,22],"class_list":{"0":"post-147723","1":"post","2":"type-post","3":"status-publish","4":"format-standard","5":"has-post-thumbnail","7":"category-titulares","8":"tag-18596","9":"tag-anos","10":"tag-asturias","11":"tag-breaking-news","12":"tag-breakingnews","13":"tag-colegio","14":"tag-domingo","15":"tag-es","16":"tag-espana","17":"tag-featured-news","18":"tag-featurednews","19":"tag-gente","20":"tag-gijon","21":"tag-headlines","22":"tag-latest-news","23":"tag-latestnews","24":"tag-news","25":"tag-noticias","26":"tag-noticias-destacadas","27":"tag-noticiasdestacadas","28":"tag-regalo","29":"tag-rompio","30":"tag-spain","31":"tag-titulares","32":"tag-ultimas-noticias","33":"tag-ultimasnoticias"},"share_on_mastodon":{"url":"","error":""},"_links":{"self":[{"href":"https:\/\/www.europesays.com\/es\/wp-json\/wp\/v2\/posts\/147723","targetHints":{"allow":["GET"]}}],"collection":[{"href":"https:\/\/www.europesays.com\/es\/wp-json\/wp\/v2\/posts"}],"about":[{"href":"https:\/\/www.europesays.com\/es\/wp-json\/wp\/v2\/types\/post"}],"author":[{"embeddable":true,"href":"https:\/\/www.europesays.com\/es\/wp-json\/wp\/v2\/users\/2"}],"replies":[{"embeddable":true,"href":"https:\/\/www.europesays.com\/es\/wp-json\/wp\/v2\/comments?post=147723"}],"version-history":[{"count":0,"href":"https:\/\/www.europesays.com\/es\/wp-json\/wp\/v2\/posts\/147723\/revisions"}],"wp:featuredmedia":[{"embeddable":true,"href":"https:\/\/www.europesays.com\/es\/wp-json\/wp\/v2\/media\/147724"}],"wp:attachment":[{"href":"https:\/\/www.europesays.com\/es\/wp-json\/wp\/v2\/media?parent=147723"}],"wp:term":[{"taxonomy":"category","embeddable":true,"href":"https:\/\/www.europesays.com\/es\/wp-json\/wp\/v2\/categories?post=147723"},{"taxonomy":"post_tag","embeddable":true,"href":"https:\/\/www.europesays.com\/es\/wp-json\/wp\/v2\/tags?post=147723"}],"curies":[{"name":"wp","href":"https:\/\/api.w.org\/{rel}","templated":true}]}}