{"id":147727,"date":"2025-09-30T03:04:07","date_gmt":"2025-09-30T03:04:07","guid":{"rendered":"https:\/\/www.europesays.com\/es\/147727\/"},"modified":"2025-09-30T03:04:07","modified_gmt":"2025-09-30T03:04:07","slug":"el-gran-golpe-de-rory-mcilroy-en-la-formula-1-y-por-que-se-puede-hacer-de-oro-con-alpine","status":"publish","type":"post","link":"https:\/\/www.europesays.com\/es\/147727\/","title":{"rendered":"El gran golpe de Rory McIlroy en la F\u00f3rmula 1 y por qu\u00e9 se puede hacer de oro con Alpine"},"content":{"rendered":"\n<p> \u00ab\u00a1Vaya fin de semana! Felicidades a nuestro inversor <strong>Rory McIlroy <\/strong>y a @RyderCupEurope\u00bb.<strong> Alpine<\/strong> felicitaba a su caballo ganador<a href=\"https:\/\/www.elconfidencial.com\/deportes\/golf\/2025-09-29\/europa-copa-ryder-golf-2025-1hms_4217934\/\" target=\"_self\" rel=\"nofollow noopener\"> tras la espectacular victoria<\/a> en la <strong>Ryder Cup,<\/strong> con el norirland\u00e9s como gran protagonista en lo deportivo, adem\u00e1s de blanco preferente para los aficionados estadounidenses. <\/p>\n<p> McIlroy tambi\u00e9n sucumbi\u00f3 al apetito inversor que est\u00e1 generando la F\u00f3rmula 1, el \u00fanico en el mundo del golf. Aunque el equipo franc\u00e9s no atraviesa sus mejores momentos,<strong> su participaci\u00f3n en el accionariado ofrece un gran recorrido.<\/strong> Los recientes movimientos accionariales de <strong>McLaren y<a href=\"https:\/\/www.elconfidencial.com\/deportes\/formula-1\/2025-03-31\/aston-martin-vende-participacion-en-el-equipo-formula-1-como-afectara-a-la-escuderia_4098738\/\" target=\"_self\" rel=\"nofollow noopener\"> Aston Martin <\/a><\/strong>confirman que su salida desde el tee de la F\u00f3rmula 1 lleva camino de convertirse en un magn\u00edfico birdie financiero. <\/p>\n<blockquote class=\"twitter-tweet\">\n<p lang=\"en\" dir=\"ltr\">What a weekend \u26f3\ufe0f<\/p>\n<p>Congrats to our investor <a href=\"https:\/\/twitter.com\/McIlroyRory?ref_src=twsrc%5Etfw\" rel=\"nofollow noopener\" target=\"_blank\">@McIlroyRory<\/a> and <a href=\"https:\/\/twitter.com\/RyderCupEurope?ref_src=twsrc%5Etfw\" rel=\"nofollow noopener\" target=\"_blank\">@RyderCupEurope<\/a> on your victory at the Ryder Cup \ud83c\udfc6 <a href=\"https:\/\/t.co\/hhucN13P28\" rel=\"nofollow\">pic.twitter.com\/hhucN13P28<\/a><\/p>\n<p>\u2014 BWT Alpine Formula One Team (@AlpineF1Team) <a href=\"https:\/\/twitter.com\/AlpineF1Team\/status\/1972583594767110334?ref_src=twsrc%5Etfw\" rel=\"nofollow noopener\" target=\"_blank\">September 29, 2025<\/a><\/p><\/blockquote>\n<p>            Grandes revalorizaciones           <\/p>\n<p> La pasada semana se conoci\u00f3 <strong>la venta de la participaci\u00f3n en manos del grupo inversor MSP en McLaren<\/strong> por sus actuales accionistas mayoritarios, <strong>Mumtalakat,<\/strong> el fondo soberano de Bahrein, y<strong> CYVN Holdings<\/strong>. <a href=\"https:\/\/www.elconfidencial.com\/deportes\/formula-1\/2020-06-24\/mclaren-coronavirus-f1_2651703\/\" target=\"_self\" rel=\"nofollow noopener\">Ante los problemas financieros de la organizaci\u00f3n durante la pandemia<\/a>, MSP adquiri\u00f3 en 2020 un 15% del equipo para aumentar hasta el 33 % en 2022, con una inversi\u00f3n total de 212 millones de euros y una valoraci\u00f3n de<strong> McLaren Racing<\/strong> en 642 millones. <\/p>\n<p> Seg\u00fan la reciente operaci\u00f3n, el actual valor de mercado asciende <strong>a 4.100 millones de euros.<\/strong> Que los accionistas principales recompraran el porcentaje de MSP confirma su confianza en el recorrido financiero del equipo y la <a href=\"https:\/\/www.elconfidencial.com\/mercados\/2025-09-01\/boom-f1-dispara-mclaren-duenos-arabes-elevan-valoracion_4200298\/\" target=\"_self\" rel=\"nofollow noopener\">explosi\u00f3n de valor de la F\u00f3rmula 1<\/a> en estos \u00faltimos a\u00f1os. <\/p>\n<blockquote class=\"twitter-tweet\">\n<p lang=\"en\" dir=\"ltr\">A couple of special guests in the garage \ud83c\udfc6\u26f3\ufe0f<a href=\"https:\/\/twitter.com\/hashtag\/Alpine?src=hash&amp;ref_src=twsrc%5Etfw\" rel=\"nofollow noopener\" target=\"_blank\">#Alpine<\/a> <a href=\"https:\/\/twitter.com\/hashtag\/USGP?src=hash&amp;ref_src=twsrc%5Etfw\" rel=\"nofollow noopener\" target=\"_blank\">#USGP<\/a> <a href=\"https:\/\/t.co\/lSyqDsi4BV\" rel=\"nofollow\">pic.twitter.com\/lSyqDsi4BV<\/a><\/p>\n<p>\u2014 BWT Alpine Formula One Team (@AlpineF1Team) <a href=\"https:\/\/twitter.com\/AlpineF1Team\/status\/1715856843556220960?ref_src=twsrc%5Etfw\" rel=\"nofollow noopener\" target=\"_blank\">October 21, 2023<\/a><\/p><\/blockquote>\n<p> En junio de este a\u00f1o, otro movimiento accionarial confirmaba la revalorizaci\u00f3n tanto de la F\u00f3rmula 1 como de sus protagonistas. <strong>Lagonda Global Holdings Plc <\/strong>vend\u00eda su participaci\u00f3n minoritaria en <strong>Aston Martin<\/strong> por 146 millones de d\u00f3lares,<strong> valor\u00e1ndose el equipo en 3.200 millones de d\u00f3lares. <\/strong>Otro ejemplo de la trayectoria econ\u00f3mica que sigue la F\u00f3rmula 1 en estos \u00faltimos a\u00f1os. <\/p>\n<p>            Cada a\u00f1o, m\u00e1s dinero           <\/p>\n<p> <a href=\"https:\/\/www.elconfidencial.com\/deportes\/formula-1\/2025-08-09\/la-f1-y-motogp-pierden-un-72-de-sus-beneficios-liberty-media_4188128\/\" target=\"_self\" rel=\"nofollow noopener\">El modelo de franquicia de Liberty Media<\/a> ha acentuado su revalorizaci\u00f3n y, por ende, la de sus participantes, a lo que se a\u00f1ade el <strong>crecimiento de los ingresos <\/strong>que genera regularmente por diferentes conceptos (promotores, derechos comerciales y de televisi\u00f3n, y patrocinadores). <\/p>\n<p> En 2023, la <a href=\"https:\/\/www.elconfidencial.com\/deportes\/2023-11-23\/nuevos-duenos-f1-reynolds-mata-nba_3779488\/\" target=\"_self\" rel=\"nofollow noopener\">capitalizaci\u00f3n burs\u00e1til de la F\u00f3rmula 1<\/a> alcanzaba los 14,6 millones de d\u00f3lares <strong>para escalar a mediados de 2025 hasta los 25,9 millones. <\/strong>Los ingresos de aquel a\u00f1o ascendieron a 3.220 millones, por los 3.860 previstos para 2025. Un porcentaje se deriva hacia los equipos, sin perjuicio de la coyuntura particular de cada uno de ellos. <\/p>\n<p> Seg\u00fan los datos de Sportico (medio digital especializado en la vertiente empresarial, financiera, legal y tecnol\u00f3gica de deporte) el valor medio de los equipos de F\u00f3rmula 1 rondaba en<strong> 2024 los 1.800 millones de promedio<\/strong>, considerando que la valoraci\u00f3n de Ferrari, por ejemplo, se acerca a los 5.000 millones, con <strong>Mercedes y Red Bull <\/strong>en torno a los 3.500 a 4.000 millones, por lo que ninguno de los equipos bajaba de los 900 millones. Dada la <a href=\"https:\/\/www.elconfidencial.com\/deportes\/formula-1\/2025-06-25\/briatore-renault-de-meo-alpine-ford-red-bull_4158430\/\" target=\"_self\" rel=\"nofollow noopener\">situaci\u00f3n deportiva de Alpine<\/a> y el contexto actual de la F\u00f3rmula 1, McIlroy entr\u00f3 a la baja. Sab\u00eda lo que hac\u00eda. <\/p>\n<p>            Con crecimiento por delante           <\/p>\n<p> <a href=\"https:\/\/www.elconfidencial.com\/deportes\/golf\/2025-09-29\/ryder-cup-europa-eeuu-insultos-lanzamiento-objetos-malos-modos-verguenza_4218008\/\" target=\"_self\" rel=\"nofollow noopener\">McIlory<\/a> capt\u00f3 el potencial financiero cuando<strong> en 2023 invirti\u00f3 en Alpine con otras figuras p\u00fablicas<\/strong> a trav\u00e9s de Otro Capital, RedBird Capital Partners y Maximum Effort Investments, un consorcio que adquiri\u00f3 el 24 %, operaci\u00f3n que valoraba el equipo en 900 millones de euros. Entonces, Alpine era quinto de la clasificaci\u00f3n, y aunque no atraviesa sus mejores tiempos, <strong>el espejo de McLaren y Aston Martin ofrece un optimista mapa para la inversi\u00f3n de McIlroy. <\/strong> <\/p>\n<blockquote class=\"twitter-tweet\">\n<p lang=\"en\" dir=\"ltr\">Introducing <a href=\"https:\/\/twitter.com\/OconEsteban?ref_src=twsrc%5Etfw\" rel=\"nofollow noopener\" target=\"_blank\">@OconEsteban<\/a>\u2019s caddie for the <a href=\"https:\/\/twitter.com\/hashtag\/USGP?src=hash&amp;ref_src=twsrc%5Etfw\" rel=\"nofollow noopener\" target=\"_blank\">#USGP<\/a> sprint race: <a href=\"https:\/\/twitter.com\/McIlroyRory?ref_src=twsrc%5Etfw\" rel=\"nofollow noopener\" target=\"_blank\">@McIlroyRory<\/a> \u26f3\ufe0f <a href=\"https:\/\/twitter.com\/hashtag\/Alpine?src=hash&amp;ref_src=twsrc%5Etfw\" rel=\"nofollow noopener\" target=\"_blank\">#Alpine<\/a> <a href=\"https:\/\/t.co\/bbf7CZkSdT\" rel=\"nofollow\">pic.twitter.com\/bbf7CZkSdT<\/a><\/p>\n<p>\u2014 BWT Alpine Formula One Team (@AlpineF1Team) <a href=\"https:\/\/twitter.com\/AlpineF1Team\/status\/1716075066826334403?ref_src=twsrc%5Etfw\" rel=\"nofollow noopener\" target=\"_blank\">October 22, 2023<\/a><\/p><\/blockquote>\n<p> El jugador norirland\u00e9s invierte sus ganancias del golf a trav\u00e9s de su sociedad Symphony Ventures. Como gran aficionado a la F\u00f3rmula 1 que se reconoce, antes llev\u00f3 a cabo <strong>una exhaustiva due diligence<\/strong>, como reconoci\u00f3 en su primera visita a los circuitos ya como accionista, Austin 2023, y reciente tambi\u00e9n <a href=\"https:\/\/www.elconfidencial.com\/deportes\/golf\/2023-10-01\/jon-rahm-ryder-cup-europa-estados-unidos_3745811\/\" target=\"_self\" rel=\"nofollow noopener\">su victoria en la Ryder Cup de aquel a\u00f1o<\/a>. <\/p>\n<p> Adem\u00e1s de tirar del linaje de sangre norirlandesa del famoso<a href=\"https:\/\/www.elconfidencial.com\/deportes\/formula-1\/2025-03-22\/eddie-jordan-inicios-equipo-michel-lopez_4090853\/\" target=\"_self\" rel=\"nofollow noopener\"> Eddie Jordan <\/a>y el piloto <strong>Eddie Jordan<\/strong>, McIlroy buscaba <strong>aprovechar la tendencia alcista del equipo franc\u00e9s y del deporte<\/strong>. \u201cPor la popularidad de la F\u00f3rmula 1, lo mucho que est\u00e1 en auge, particularmente en los Estados Unidos&#8230; He invertido en algunas cosas, pero siento que esto tiene m\u00e1s historia, y es m\u00e1s como un viaje\u201d, justificaba. \u00abSe trata de <strong>encontrar el equilibrio<\/strong> entre hacer una inversi\u00f3n inteligente, involucrarse plenamente en el proyecto y desarrollar relaciones con la gente. No consider\u00e9 otros equipos, esta fue la \u00fanica oportunidad que consider\u00e9\u201d. <\/p>\n<p>               El jugador norirland\u00e9s, tras su ultima victoria con Europa en la Ryder Cup. (Reuters\/Paul Childs)             <\/p>\n<p> Dadas sus especiales circunstancias, Alpine ofrec\u00eda una gran oportunidad para realizar buenos retornos, reconoc\u00eda el propio McIlroy. \u00abSi analizamos las cifras, <strong>hay algunos equipos en la parrilla que no tienen un gran crecimiento. <\/strong>Mercedes, Ferrari y Red Bull tienen valoraciones alt\u00edsimas\u00bb, explicaba, a diferencia del equipo franc\u00e9s. \u201cCuando recibimos la presentaci\u00f3n de Alpine, compartieron sus ideas sobre el futuro y lo que creen que pueden hacer. Tienen una Academia genial y un plan de crecimiento para el futuro\u201d, explicaba el jugador norirland\u00e9s, \u201cme pareci\u00f3 que ten\u00edan una mentalidad muy acertada y una estrategia a largo plazo muy s\u00f3lida. Vi una gran oportunidad para participar\u201d. <\/p>\n<p>            Ofertas interesadas de compra           <\/p>\n<p> Alpine <strong>termin\u00f3 sexto en 2023, aunque su situaci\u00f3n ha empeorado <\/strong>desde entonces, con su correlaci\u00f3n en el plano financiero. La inversi\u00f3n de McIlroy habr\u00e1 recogido la revaloraci\u00f3n de la presencia en la F\u00f3rmula 1, pero su potencial alcista es considerable. Poco antes de la entrada de McIlroy y sus socios fue cesado el primer CEO del equipo, <strong>Laurent Rossi, una tarjeta de visita para dar confianza a <\/strong>los nuevos inversores. Desde mediados de 2024,<a href=\"https:\/\/www.elconfidencial.com\/deportes\/formula-1\/2025-06-25\/briatore-renault-de-meo-alpine-ford-red-bull_4158430\/\" target=\"_self\" rel=\"nofollow noopener\"> Flavio Briatore dirige la reestructuraci\u00f3n de Alpine<\/a> para poner orden y relanzar el equipo competitiva y financieramente. <\/p>\n<p> El anterior CEO del Grupo Renault, <strong>Luca de Meo,<\/strong> se refiri\u00f3 antes de su marcha al inter\u00e9s de compra del equipo por parte inversores interesados, r<strong>echazando cualquier oferta antes de 2026,<\/strong> fecha considerada clave en la valoraci\u00f3n financiera de la F\u00f3rmula 1. Hoy, Alpine vuela en el paddock como uno de los mirlos blancos para los potenciales inversores, adem\u00e1s de figurar como fuente de rumores para<a href=\"https:\/\/www.elconfidencial.com\/deportes\/formula-1\/2025-07-13\/horner-red-bull-compra-alpine-briatore-ecclestone_4171286\/\" target=\"_self\" rel=\"nofollow noopener\"> un posible retorno de Christian Horner en el futuro.<\/a> Sin duda, Rory McIlroy solo debe esperar a ver c\u00f3mo entra la boya en el hoyo. Mirando alrededor, no est\u00e1 haciendo mal negocio. <\/p>\n<p>         <script async src=\"https:\/\/platform.twitter.com\/widgets.js\" charset=\"utf-8\"><\/script><\/p>\n","protected":false},"excerpt":{"rendered":"\u00ab\u00a1Vaya fin de semana! Felicidades a nuestro inversor Rory McIlroy y a @RyderCupEurope\u00bb. Alpine felicitaba a su caballo&hellip;\n","protected":false},"author":2,"featured_media":147728,"comment_status":"","ping_status":"","sticky":false,"template":"","format":"standard","meta":{"footnotes":""},"categories":[270],"tags":[168,25,24,306,271,272,23,167],"class_list":{"0":"post-147727","1":"post","2":"type-post","3":"status-publish","4":"format-standard","5":"has-post-thumbnail","7":"category-formula-1","8":"tag-deportes","9":"tag-es","10":"tag-espana","11":"tag-f1","12":"tag-formula-1","13":"tag-formula1","14":"tag-spain","15":"tag-sports"},"share_on_mastodon":{"url":"","error":""},"_links":{"self":[{"href":"https:\/\/www.europesays.com\/es\/wp-json\/wp\/v2\/posts\/147727","targetHints":{"allow":["GET"]}}],"collection":[{"href":"https:\/\/www.europesays.com\/es\/wp-json\/wp\/v2\/posts"}],"about":[{"href":"https:\/\/www.europesays.com\/es\/wp-json\/wp\/v2\/types\/post"}],"author":[{"embeddable":true,"href":"https:\/\/www.europesays.com\/es\/wp-json\/wp\/v2\/users\/2"}],"replies":[{"embeddable":true,"href":"https:\/\/www.europesays.com\/es\/wp-json\/wp\/v2\/comments?post=147727"}],"version-history":[{"count":0,"href":"https:\/\/www.europesays.com\/es\/wp-json\/wp\/v2\/posts\/147727\/revisions"}],"wp:featuredmedia":[{"embeddable":true,"href":"https:\/\/www.europesays.com\/es\/wp-json\/wp\/v2\/media\/147728"}],"wp:attachment":[{"href":"https:\/\/www.europesays.com\/es\/wp-json\/wp\/v2\/media?parent=147727"}],"wp:term":[{"taxonomy":"category","embeddable":true,"href":"https:\/\/www.europesays.com\/es\/wp-json\/wp\/v2\/categories?post=147727"},{"taxonomy":"post_tag","embeddable":true,"href":"https:\/\/www.europesays.com\/es\/wp-json\/wp\/v2\/tags?post=147727"}],"curies":[{"name":"wp","href":"https:\/\/api.w.org\/{rel}","templated":true}]}}