{"id":147729,"date":"2025-09-30T03:05:11","date_gmt":"2025-09-30T03:05:11","guid":{"rendered":"https:\/\/www.europesays.com\/es\/147729\/"},"modified":"2025-09-30T03:05:11","modified_gmt":"2025-09-30T03:05:11","slug":"doncic-toma-el-mando-de-los-lakers","status":"publish","type":"post","link":"https:\/\/www.europesays.com\/es\/147729\/","title":{"rendered":"Doncic toma el mando de los Lakers"},"content":{"rendered":"<p data-mrf-recirculation=\"Links P\u00e1rrafos\" class=\"ue-c-article__paragraph paragraph ue-c-article--first-letter-highlighted\">El esloveno Luka Doncic, estrella de Los \u00c1ngeles Lakers, consider\u00f3 que llegar a la franquicia angelina a mitad de temporada el curso pasado fue \u00abcomplicado\u00bb y que tener la oportunidad de trabajar junto al resto de sus compa\u00f1eros en la pretemporada va a dar muchos beneficios a su equipo.<\/p>\n<p data-mrf-recirculation=\"Links P\u00e1rrafos\" class=\"ue-c-article__paragraph paragraph\">Lo hizo en el d\u00eda de medios de la NBA organizado por los Lakers en Los \u00c1ngeles previo al arranque de la temporada, fijado el 21 de octubre.<\/p>\n<p><img decoding=\"async\" width=\"1024\" height=\"682\" class=\"ue-c-article__image lazyload\" alt=\"Luka Doncic posa en el media day de los Lakers.\" loading=\"lazy\" src=\"https:\/\/www.europesays.com\/es\/wp-content\/uploads\/2025\/09\/68db04df795da.jpeg\"\/><\/p>\n<p>Luka Doncic posa en el media day de los Lakers.EFE<\/p>\n<p data-mrf-recirculation=\"Links P\u00e1rrafos\" class=\"ue-c-article__paragraph paragraph\">\u00abNo tuvimos mucho tiempo la temporada pasada, y por eso la pretemporada es importante, para conocer a todos, ver qu\u00e9 le gusta a la gente. Tendremos muchos entrenamientos y estoy ilusionado\u00bb, dijo Doncic.<\/p>\n<p data-mrf-recirculation=\"Links P\u00e1rrafos\" class=\"ue-c-article__paragraph paragraph\">\u00abEstoy ilusionado por jugar por los Lakers. Cuando llegas a la nueva franquicia a mitad de temporada es complicado, pero la pretemporada ayudar\u00e1 mucho. Me siento muy bien, tengo muchas ganas de empezar. Cuando acab\u00f3 la temporada pasada, ten\u00eda muchas ganas de volver a empezar. Me siento muy bien y preparado para esta temporada\u00bb, insisti\u00f3.<\/p>\n<p><img decoding=\"async\" width=\"1024\" height=\"682\" class=\"ue-c-article__image lazyload\" alt=\"LeBron James y Luka Doncic se abrazan durante el media day de los Lakers.\" loading=\"lazy\" src=\"https:\/\/www.europesays.com\/es\/wp-content\/uploads\/2025\/09\/68db0511eeaf1.jpeg\"\/><\/p>\n<p>LeBron James y Luka Doncic se abrazan durante el media day de los Lakers.LAPRESSE<\/p>\n<p data-mrf-recirculation=\"Links P\u00e1rrafos\" class=\"ue-c-article__paragraph paragraph\">Doncic regres\u00f3 a Los \u00c1ngeles tras el Eurobasket con Eslovenia e integra un equipo que se reforz\u00f3 con Deandre Ayton y Marcus Smart, entre otros, de cara al nuevo curso.<\/p>\n<p data-mrf-recirculation=\"Links P\u00e1rrafos\" class=\"ue-c-article__paragraph paragraph\">\u00abA\u00f1adimos buenas piezas, estoy ilusionado. Estoy contento por tener a compa\u00f1eros que fueron rivales duros para m\u00ed en el pasado\u00bb, asegur\u00f3.<\/p>\n<p data-mrf-recirculation=\"Links P\u00e1rrafos\" class=\"ue-c-article__paragraph paragraph\">En particular, Doncic manifest\u00f3 su satisfacci\u00f3n por la incorporaci\u00f3n de un p\u00edvot como Ayton: \u00abEstuvimos en el mismo draft, me alegr\u00e9 cuando me dijeron que le fichar\u00edan\u00bb.<\/p>\n<p data-mrf-recirculation=\"Links P\u00e1rrafos\" class=\"ue-c-article__paragraph paragraph\">\u00abEstoy ilusionado por tenerle en mi equipo\u00bb, afirm\u00f3.<\/p>\n","protected":false},"excerpt":{"rendered":"El esloveno Luka Doncic, estrella de Los \u00c1ngeles Lakers, consider\u00f3 que llegar a la franquicia angelina a mitad&hellip;\n","protected":false},"author":2,"featured_media":147730,"comment_status":"","ping_status":"","sticky":false,"template":"","format":"standard","meta":{"footnotes":""},"categories":[269],"tags":[299,298,168,25,24,23,167],"class_list":{"0":"post-147729","1":"post","2":"type-post","3":"status-publish","4":"format-standard","5":"has-post-thumbnail","7":"category-baloncesto","8":"tag-baloncesto","9":"tag-basketball","10":"tag-deportes","11":"tag-es","12":"tag-espana","13":"tag-spain","14":"tag-sports"},"share_on_mastodon":{"url":"","error":""},"_links":{"self":[{"href":"https:\/\/www.europesays.com\/es\/wp-json\/wp\/v2\/posts\/147729","targetHints":{"allow":["GET"]}}],"collection":[{"href":"https:\/\/www.europesays.com\/es\/wp-json\/wp\/v2\/posts"}],"about":[{"href":"https:\/\/www.europesays.com\/es\/wp-json\/wp\/v2\/types\/post"}],"author":[{"embeddable":true,"href":"https:\/\/www.europesays.com\/es\/wp-json\/wp\/v2\/users\/2"}],"replies":[{"embeddable":true,"href":"https:\/\/www.europesays.com\/es\/wp-json\/wp\/v2\/comments?post=147729"}],"version-history":[{"count":0,"href":"https:\/\/www.europesays.com\/es\/wp-json\/wp\/v2\/posts\/147729\/revisions"}],"wp:featuredmedia":[{"embeddable":true,"href":"https:\/\/www.europesays.com\/es\/wp-json\/wp\/v2\/media\/147730"}],"wp:attachment":[{"href":"https:\/\/www.europesays.com\/es\/wp-json\/wp\/v2\/media?parent=147729"}],"wp:term":[{"taxonomy":"category","embeddable":true,"href":"https:\/\/www.europesays.com\/es\/wp-json\/wp\/v2\/categories?post=147729"},{"taxonomy":"post_tag","embeddable":true,"href":"https:\/\/www.europesays.com\/es\/wp-json\/wp\/v2\/tags?post=147729"}],"curies":[{"name":"wp","href":"https:\/\/api.w.org\/{rel}","templated":true}]}}