{"id":147731,"date":"2025-09-30T03:06:07","date_gmt":"2025-09-30T03:06:07","guid":{"rendered":"https:\/\/www.europesays.com\/es\/147731\/"},"modified":"2025-09-30T03:06:07","modified_gmt":"2025-09-30T03:06:07","slug":"preocupa-la-rodilla-operada-de-rodri-no-puedo-jugar","status":"publish","type":"post","link":"https:\/\/www.europesays.com\/es\/147731\/","title":{"rendered":"Preocupa la rodilla operada de Rodri: \u00abNo puedo jugar\u00bb"},"content":{"rendered":"<p data-gtm-element-container=\"modulo-texto-link\" class=\"paragraph\">El centrocampista del Manchester City, <strong>Rodri<\/strong>, se ha quejado de dolor\u00a0en la misma rodilla en la que sufri\u00f3 una lesi\u00f3n del ligamento cruzado anterior (LCA) la temporada pasada, lo que genera dudas sobre su estado f\u00edsico de cara al viaje del equipo a <strong>M\u00f3naco<\/strong> para la jornada de Champions League.<\/p>\n<p data-gtm-element-container=\"modulo-texto-link\" class=\"paragraph\">El ganador del Bal\u00f3n de Oro del a\u00f1o pasado se perdi\u00f3 la victoria del City por 5-1 sobre el Burnley en la Premier League el s\u00e1bado despu\u00e9s de retirarse del entrenamiento del viernes. El t\u00e9cnico del de los &#8216;Skyblues&#8217; en rueda de prensa coment\u00f3 que Rodri le dijo <strong>\u00abNo soy capaz de jugar, tengo mucho dolor en la rodilla, no puedo jugar\u00bb<\/strong>\u00a0y que \u00e9l le contest\u00f3 que si no pod\u00eda jugar, que ya jugar\u00eda otro, que no se preocupara.\u00a0<\/p>\n<p>    Lee tambi\u00e9n<\/p>\n<p data-gtm-element-container=\"modulo-texto-link\" class=\"paragraph\">Rodri estuvo ocho meses de baja la temporada pasada por la lesi\u00f3n del ligamento cruzado anterior (LCA) de la rodilla derecha. Guardiola confirm\u00f3 que la misma rodilla le estaba causando problemas actualmente, que\u00a0no se hab\u00eda sentido c\u00f3modo ni en los partidos ni en los entrenamientos \u00faltimamente.\u00a0<\/p>\n<p data-gtm-element-container=\"modulo-texto-link\" class=\"paragraph\">La ausencia de Rodri durante la mayor parte de la temporada pasada fue clave en el fuerte declive del City y en su imposibilidad de retener el t\u00edtulo de la Premier League.\u00a0<\/p>\n<p data-gtm-element-container=\"modulo-texto-link\" class=\"paragraph\">El City viaja a M\u00f3naco esta semana tras haber ganado su primer partido de la primera fase de la Champions League: 2-0 en casa contra el N\u00e1poles. Este par\u00f3n que lleg\u00f3 la semana pasada ha sido un frenazo en seco a su progresi\u00f3n. A principios de este mismo mes hab\u00eda vuelto con la selecci\u00f3n espa\u00f1ola y hab\u00eda conseguido completar dos veces los 90 minutos. La salud del espa\u00f1ol, Bal\u00f3n de Oro en 2024, ser\u00e1 clave para los de Guardiola en la 25-26 y, por supuesto, para el papel de Espa\u00f1a en el Mundial de 2026 para el que todav\u00eda no est\u00e1n clasificados, pero van en buen camino para hacerlo.\u00a0<\/p>\n","protected":false},"excerpt":{"rendered":"El centrocampista del Manchester City, Rodri, se ha quejado de dolor\u00a0en la misma rodilla en la que sufri\u00f3&hellip;\n","protected":false},"author":2,"featured_media":147732,"comment_status":"","ping_status":"","sticky":false,"template":"","format":"standard","meta":{"footnotes":""},"categories":[268],"tags":[168,25,24,280,282,281,23,167],"class_list":{"0":"post-147731","1":"post","2":"type-post","3":"status-publish","4":"format-standard","5":"has-post-thumbnail","7":"category-futbol","8":"tag-deportes","9":"tag-es","10":"tag-espana","11":"tag-football","12":"tag-futbol","13":"tag-soccer","14":"tag-spain","15":"tag-sports"},"share_on_mastodon":{"url":"","error":""},"_links":{"self":[{"href":"https:\/\/www.europesays.com\/es\/wp-json\/wp\/v2\/posts\/147731","targetHints":{"allow":["GET"]}}],"collection":[{"href":"https:\/\/www.europesays.com\/es\/wp-json\/wp\/v2\/posts"}],"about":[{"href":"https:\/\/www.europesays.com\/es\/wp-json\/wp\/v2\/types\/post"}],"author":[{"embeddable":true,"href":"https:\/\/www.europesays.com\/es\/wp-json\/wp\/v2\/users\/2"}],"replies":[{"embeddable":true,"href":"https:\/\/www.europesays.com\/es\/wp-json\/wp\/v2\/comments?post=147731"}],"version-history":[{"count":0,"href":"https:\/\/www.europesays.com\/es\/wp-json\/wp\/v2\/posts\/147731\/revisions"}],"wp:featuredmedia":[{"embeddable":true,"href":"https:\/\/www.europesays.com\/es\/wp-json\/wp\/v2\/media\/147732"}],"wp:attachment":[{"href":"https:\/\/www.europesays.com\/es\/wp-json\/wp\/v2\/media?parent=147731"}],"wp:term":[{"taxonomy":"category","embeddable":true,"href":"https:\/\/www.europesays.com\/es\/wp-json\/wp\/v2\/categories?post=147731"},{"taxonomy":"post_tag","embeddable":true,"href":"https:\/\/www.europesays.com\/es\/wp-json\/wp\/v2\/tags?post=147731"}],"curies":[{"name":"wp","href":"https:\/\/api.w.org\/{rel}","templated":true}]}}