{"id":147733,"date":"2025-09-30T03:07:06","date_gmt":"2025-09-30T03:07:06","guid":{"rendered":"https:\/\/www.europesays.com\/es\/147733\/"},"modified":"2025-09-30T03:07:06","modified_gmt":"2025-09-30T03:07:06","slug":"lo-que-voy-a-contar-es-delicado","status":"publish","type":"post","link":"https:\/\/www.europesays.com\/es\/147733\/","title":{"rendered":"Lo que voy a contar es delicado"},"content":{"rendered":"<p class=\"article-text\">\n        <strong>M\u00f3nica Naranjo<\/strong> regres\u00f3 a <strong>La Revuelta <\/strong>y gan\u00f3 el premio a \u201cla buena entrevista\u201d por protagonizar una de las charlas que m\u00e1s gustaron al equipo. La artista logr\u00f3 sentar a<strong> David Broncano<\/strong> junto a ella en el sof\u00e1, donde lograron una ambiente m\u00e1s \u00edntimo, en el que le explic\u00f3 c\u00f3mo vivi\u00f3 ser la presentadora de la recordada primera temporada de<strong> La isla de las Tentaciones.<\/strong>\n    <\/p>\n<p>    <a href=\"https:\/\/www.eldiario.es\/vertele\/noticias\/raul-cimas-desvelo-revuelta-visitarla-no-le-han-llamado-hormiguero-no-he-tenido-noticias_1_12633648.html\" data-mrf-recirculation=\"saber-mas\" data-dl-event=\"saber-mas\" rel=\"nofollow noopener\" target=\"_blank\"><\/p>\n<p class=\"know-more__title\">Ra\u00fal Cimas desvel\u00f3 en &#8216;La Revuelta&#8217; que tras visitarla no le han llamado m\u00e1s de &#8216;El Hormiguero&#8217;: \u00abNo he tenido noticias suyas\u00bb<\/p>\n<p>            <img decoding=\"async\" class=\"lazy\" loading=\"lazy\" data-src=\"https:\/\/static.eldiario.es\/clip\/449b0f4c-3aa9-4997-994a-1255e7bc257a_16-9-aspect-ratio_default_0.jpg\" src=\"data:image\/svg+xml,%3Csvg xmlns=\" http:=\"\" viewbox=\"0 0 880 495\" alt=\"Ra\u00fal Cimas desvel\u00f3 en 'La Revuelta' que tras visitarla no le han llamado m\u00e1s de 'El Hormiguero': &quot;No he tenido noticias suyas&quot;\"\/><\/p>\n<p>                        <\/a><\/p>\n<p class=\"article-text\">\n        \u201cMe gustan las primeras temporadas de un reality porque<strong> [los concursantes] van pero no saben a lo que van<\/strong>. En esa temporada la gente que fue iba muy perdida,<strong> no sab\u00edan lo que iba a pasar, llegaban las parejas todos muy monos, fant\u00e1sticos, amables, bonitos, divinos&#8230; y cuando se separaron fue un drama\u201d<\/strong>, record\u00f3.\n    <\/p>\n<p class=\"article-text\">\n        Al ver c\u00f3mo llegaban las chicas y los chicos a sus respectivas casas, con sus tentaciones, Naranjo confes\u00f3 que en el equipo hicieron apuestas: \u201cNos hicimos unas porras para a ver qui\u00e9n la liaba antes. Yo dije que ellos, seguro. A las 24 horas estaban en el jacuzzi, uno de los tentadores tumbado y la otra con el culo puesto.<strong> Y cambi\u00e9 de opini\u00f3n, ellas estaban desatadas totalmente. Era muy fuerte\u201d<\/strong>, asegur\u00f3.\n    <\/p>\n<p class=\"article-text\">\n        Continu\u00f3 expresando que todo lo que ocurri\u00f3 super\u00f3 sus expectativas. \u201cLo que voy a contar es delicado.<strong> \u00bfSabes lo que es ver unas im\u00e1genes antes de ense\u00f1\u00e1rselas al chico y ver que debajo de las s\u00e1banas le est\u00e1n haciendo una &#8216;chupipaji&#8217;?<\/strong> Y se lo vas a ense\u00f1ar&#8230; pens\u00e9 que me iba a pegar\u201d, confes\u00f3 entre risas.\n    <\/p>\n<blockquote class=\"twitter-tweet\" data-lang=\"es\"><p><a href=\"https:\/\/twitter.com\/X\/status\/1972767086163234927?ref_src=twsrc%5Etfw\" rel=\"nofollow noopener\" target=\"_blank\"><\/p><\/blockquote>\n<p class=\"article-text\">\n        Para acabar refiri\u00e9ndose al momento en el que <a href=\"https:\/\/www.eldiario.es\/vertele\/noticias\/christofer-fani-reconciliacion-viva-la-vida-entrevista-directo_1_7422617.html\" target=\"_blank\" data-mrf-recirculation=\"links-noticia\" class=\"link\" rel=\"nofollow noopener\">Christofer explot\u00f3 al ver las im\u00e1genes de Fani<\/a>: \u201cDe verdad que cuando vi que ven\u00eda hacia m\u00ed, pens\u00e9 que hab\u00eda llegado mi final. Pero se fue por la playa gritando &#8216;\u00a1Estefan\u00eda&#8217;!\u201d. Y a\u00f1adi\u00f3: \u201cSi lo analizas bien, es algo que viv\u00ed con ellos,<strong> t\u00fa no eres consciente de que est\u00e1s todo el d\u00eda con c\u00e1maras. Imag\u00ednate durante casi un mes<\/strong>\u201d, explic\u00f3 a Broncano.\n    <\/p>\n<p>    <a href=\"https:\/\/www.eldiario.es\/vertele\/noticias\/rtve-anuncia-primeros-concursantes-maestros-costura-celebrity-2-mario-vaquerizo-reencuentro-upa_1_12642648.html\" data-mrf-recirculation=\"saber-mas-abajo\" data-dl-event=\"saber-mas-abajo\" rel=\"nofollow noopener\" target=\"_blank\"><\/p>\n<p class=\"know-more__title\">RTVE anuncia los primeros concursantes de &#8216;Maestros de la costura Celebrity 2&#8217;, con Mario Vaquerizo y reencuentro &#8216;UPA&#8217;<\/p>\n<p>            <img decoding=\"async\" class=\"lazy\" loading=\"lazy\" data-src=\"https:\/\/static.eldiario.es\/clip\/9b04b917-4650-48f0-b7a7-952875fc7094_16-9-aspect-ratio_default_0.jpg\" src=\"data:image\/svg+xml,%3Csvg xmlns=\" http:=\"\" viewbox=\"0 0 880 495\" alt=\"RTVE anuncia los primeros concursantes de 'Maestros de la costura Celebrity 2', con Mario Vaquerizo y reencuentro 'UPA'\"\/><\/p>\n<p>                        <\/a><\/p>\n<p class=\"article-text\">\n        Naranjo acab\u00f3 concluyendo que ella \u201cno ir\u00eda nunca con una pareja\u201d a ese programa. Y que lo dej\u00f3 en la primera temporada, donde despu\u00e9s le cogi\u00f3 el relevo<strong> Sandra Barneda \u201cque lo hace maravillosamente bien\u201d<\/strong>, zanj\u00f3.\n    <\/p>\n<p>                                    <script async src=\"https:\/\/platform.twitter.com\/widgets.js\" charset=\"utf-8\"><\/script><\/p>\n","protected":false},"excerpt":{"rendered":"M\u00f3nica Naranjo regres\u00f3 a La Revuelta y gan\u00f3 el premio a \u201cla buena entrevista\u201d por protagonizar una de&hellip;\n","protected":false},"author":2,"featured_media":147734,"comment_status":"","ping_status":"","sticky":false,"template":"","format":"standard","meta":{"footnotes":""},"categories":[174],"tags":[13289,255,790,16929,146,147,25,24,256,21317,45228,45229,2564,23,4473,19678],"class_list":{"0":"post-147733","1":"post","2":"type-post","3":"status-publish","4":"format-standard","5":"has-post-thumbnail","7":"category-famosos","8":"tag-broncano","9":"tag-celebrities","10":"tag-contar","11":"tag-delicado","12":"tag-entertainment","13":"tag-entretenimiento","14":"tag-es","15":"tag-espana","16":"tag-famosos","17":"tag-monica","18":"tag-naranjo","19":"tag-narro","20":"tag-presentar","21":"tag-spain","22":"tag-tentaciones","23":"tag-vivio"},"share_on_mastodon":{"url":"","error":""},"_links":{"self":[{"href":"https:\/\/www.europesays.com\/es\/wp-json\/wp\/v2\/posts\/147733","targetHints":{"allow":["GET"]}}],"collection":[{"href":"https:\/\/www.europesays.com\/es\/wp-json\/wp\/v2\/posts"}],"about":[{"href":"https:\/\/www.europesays.com\/es\/wp-json\/wp\/v2\/types\/post"}],"author":[{"embeddable":true,"href":"https:\/\/www.europesays.com\/es\/wp-json\/wp\/v2\/users\/2"}],"replies":[{"embeddable":true,"href":"https:\/\/www.europesays.com\/es\/wp-json\/wp\/v2\/comments?post=147733"}],"version-history":[{"count":0,"href":"https:\/\/www.europesays.com\/es\/wp-json\/wp\/v2\/posts\/147733\/revisions"}],"wp:featuredmedia":[{"embeddable":true,"href":"https:\/\/www.europesays.com\/es\/wp-json\/wp\/v2\/media\/147734"}],"wp:attachment":[{"href":"https:\/\/www.europesays.com\/es\/wp-json\/wp\/v2\/media?parent=147733"}],"wp:term":[{"taxonomy":"category","embeddable":true,"href":"https:\/\/www.europesays.com\/es\/wp-json\/wp\/v2\/categories?post=147733"},{"taxonomy":"post_tag","embeddable":true,"href":"https:\/\/www.europesays.com\/es\/wp-json\/wp\/v2\/tags?post=147733"}],"curies":[{"name":"wp","href":"https:\/\/api.w.org\/{rel}","templated":true}]}}