{"id":147735,"date":"2025-09-30T03:08:12","date_gmt":"2025-09-30T03:08:12","guid":{"rendered":"https:\/\/www.europesays.com\/es\/147735\/"},"modified":"2025-09-30T03:08:12","modified_gmt":"2025-09-30T03:08:12","slug":"mas-de-325-000-personas-siguen-a-esta-casa-en-instagram-y-no-es-casualidad","status":"publish","type":"post","link":"https:\/\/www.europesays.com\/es\/147735\/","title":{"rendered":"M\u00e1s de 325.000 personas siguen a esta casa en Instagram (y no es casualidad)"},"content":{"rendered":"<p>Adem\u00e1s, aprovecha los recursos de su entorno \u2014sol, viento y lluvia\u2014 para generar energ\u00eda, proveer de agua y regular la temperatura interior, de manera que <strong>no necesita la red p\u00fablica para funcionar.<\/strong> \u00bfLo mejor? Danielson y su pareja no tienen que hacer activamente nada para que esto suceda, ya que <strong>todo est\u00e1 automatizado.<\/strong> Lo \u00fanico de lo que se preocupan es de <strong>minimizar el uso de aparatos<\/strong> como lavadora, secadora y lavavajillas.<\/p>\n<p>El asombroso funcionamiento sostenible de la vivienda es uno de los factores que encandila a los usuarios de la red social: \u201cEmpec\u00e9 a compartir el proceso de la reforma cuando compramos la casa, que llevaba meses abandonada y se encontraba en un estado de deterioro extremo, con casi todos los sistemas inutilizados. <strong>Es una vivienda de mucho mantenimiento, y hemos invertido much\u00edsimo trabajo en estos \u00faltimos a\u00f1os para llevarla al estado en el que se encuentra ahora<\/strong>\u201d, recuerda Danielson.<\/p>\n<p><img decoding=\"async\" alt=\"Ms de 325.000 personas siguen a esta casa en Instagram\" loading=\"lazy\" class=\"ResponsiveImageContainer-eNxvmU cfBbTk responsive-image__image\"   src=\"https:\/\/www.europesays.com\/es\/wp-content\/uploads\/2025\/09\/casa%20semienterrada.jpg\"\/><\/p>\n<p>\u201cSoy interiorista y, junto con mi marido, nos dedicamos a las renovaciones DIY, as\u00ed que cuando compramos esta casa y empezamos a trabajar en ella con mis padres (que tambi\u00e9n son grandes aficionados al bricolaje), decid\u00ed mostrarlo en redes, como hago con todos mis proyectos. Soy una gran admiradora de todo tipo de arquitectura ecol\u00f3gica, y <strong>me sorprendi\u00f3 mucho descubrir cu\u00e1nta gente nunca hab\u00eda o\u00eddo hablar de una Earthship, o de una casa semienterrada.<\/strong> Creo que lo que m\u00e1s atrae a la audiencia al principio es la curiosidad, seguida de <strong>la constataci\u00f3n de que as\u00ed es realmente como deber\u00edamos estar viviendo<\/strong>. A la gente le fascina la arquitectura, las plantas y la est\u00e9tica general de la casa, adem\u00e1s de la idea de estar fuera de la red y vivir de forma autosuficiente\u201d, contin\u00faa.<\/p>\n<p>Danielson tiene raz\u00f3n: su est\u00e9tica c\u00e1lida, acogedora y personal es otra de las grandes bazas de esta propiedad con la que es imposible no so\u00f1ar. \u201cQuer\u00eda ser fiel a Colorado y a la tierra en la que estamos, pero no de la manera t\u00edpica. En lugar de la decoraci\u00f3n b\u00e1sica del estado, con \u201calces y osos\u201d, que resulta bastante est\u00e1ndar, me centr\u00e9 sobre todo en la paleta de colores y en las texturas. Para m\u00ed era importante <strong>mantenerme en sinton\u00eda con los valores de la casa y de la tierra, y casi todo lo que tenemos en nuestro hogar es usado o comprado en tiendas de segunda mano.<\/strong> Todo el arte lo hicimos nosotros mismos, y hemos ido armando esta casa pieza por pieza, asegur\u00e1ndonos de que cada cosa fuera muy intencional\u201d.<\/p>\n","protected":false},"excerpt":{"rendered":"Adem\u00e1s, aprovecha los recursos de su entorno \u2014sol, viento y lluvia\u2014 para generar energ\u00eda, proveer de agua y&hellip;\n","protected":false},"author":2,"featured_media":147736,"comment_status":"","ping_status":"","sticky":false,"template":"","format":"standard","meta":{"footnotes":""},"categories":[173],"tags":[229,233,231,230,232,234,146,147,25,24,1285,23,12443,8374],"class_list":{"0":"post-147735","1":"post","2":"type-post","3":"status-publish","4":"format-standard","5":"has-post-thumbnail","7":"category-arte-y-diseno","8":"tag-arte","9":"tag-arte-y-diseno","10":"tag-arts","11":"tag-arts-and-design","12":"tag-design","13":"tag-diseno","14":"tag-entertainment","15":"tag-entretenimiento","16":"tag-es","17":"tag-espana","18":"tag-lugares","19":"tag-spain","20":"tag-splitscreenimageleftfullbleed","21":"tag-web"},"share_on_mastodon":{"url":"","error":""},"_links":{"self":[{"href":"https:\/\/www.europesays.com\/es\/wp-json\/wp\/v2\/posts\/147735","targetHints":{"allow":["GET"]}}],"collection":[{"href":"https:\/\/www.europesays.com\/es\/wp-json\/wp\/v2\/posts"}],"about":[{"href":"https:\/\/www.europesays.com\/es\/wp-json\/wp\/v2\/types\/post"}],"author":[{"embeddable":true,"href":"https:\/\/www.europesays.com\/es\/wp-json\/wp\/v2\/users\/2"}],"replies":[{"embeddable":true,"href":"https:\/\/www.europesays.com\/es\/wp-json\/wp\/v2\/comments?post=147735"}],"version-history":[{"count":0,"href":"https:\/\/www.europesays.com\/es\/wp-json\/wp\/v2\/posts\/147735\/revisions"}],"wp:featuredmedia":[{"embeddable":true,"href":"https:\/\/www.europesays.com\/es\/wp-json\/wp\/v2\/media\/147736"}],"wp:attachment":[{"href":"https:\/\/www.europesays.com\/es\/wp-json\/wp\/v2\/media?parent=147735"}],"wp:term":[{"taxonomy":"category","embeddable":true,"href":"https:\/\/www.europesays.com\/es\/wp-json\/wp\/v2\/categories?post=147735"},{"taxonomy":"post_tag","embeddable":true,"href":"https:\/\/www.europesays.com\/es\/wp-json\/wp\/v2\/tags?post=147735"}],"curies":[{"name":"wp","href":"https:\/\/api.w.org\/{rel}","templated":true}]}}