{"id":147739,"date":"2025-09-30T03:10:08","date_gmt":"2025-09-30T03:10:08","guid":{"rendered":"https:\/\/www.europesays.com\/es\/147739\/"},"modified":"2025-09-30T03:10:08","modified_gmt":"2025-09-30T03:10:08","slug":"muere-querido-actor-de-vecinos-y-la-rosa-de-guadalupe-devastados-le-dan-el-ultimo-adios-shows-famosos","status":"publish","type":"post","link":"https:\/\/www.europesays.com\/es\/147739\/","title":{"rendered":"Muere querido actor de Vecinos y La rosa de Guadalupe: devastados, le dan el \u00faltimo adi\u00f3s | Shows Famosos"},"content":{"rendered":"<p>La noticia fue dada a conocer a trav\u00e9s de redes sociales, donde devastados le dieron el \u00faltimo e hicieron una petici\u00f3n.<\/p>\n<p>A trav\u00e9s de su cuenta oficial de Instagram, <b>la Asociaci\u00f3n Nacional de Int\u00e9rpretes inform\u00f3 que el actor de Vecinos perdi\u00f3 la vida<\/b> este fin de semana.<\/p>\n<p>\u201cLa Asociaci\u00f3n Nacional de Int\u00e9rpretes comunica el sensible fallecimiento de nuestro socio int\u00e9rprete Carlos Arau. A sus familiares y amigos mandamos nuestras m\u00e1s sentidas condolencias de parte del Consejo Directivo y Comit\u00e9 de Vigilancia de la ANDI\u201d, precisaron.<\/p>\n<p>La \u00fanica publicaci\u00f3n que ha hecho la familia Arau fue mediante la cuenta de Facebook de <b>Tihui Arau, hija del m\u00fasico Sergio Arau y familiar cercano del actor, quien hizo una petici\u00f3n. <\/b><\/p>\n<p>\u201c <b>Descanse en paz, el actor y comediante Carlos Arau. Para recordarlo les comparto algo de su trayectoria\u2026 Si gustas contarnos un buen recuerdo que tengas con \u00e9l, nos gustar\u00eda leerlo<\/b>. Gracias\u201d, se\u00f1al\u00f3 junto a varias fotograf\u00edas del actor de cine y televisi\u00f3n.<\/p>\n<p>Carlos Arau comenz\u00f3 su carrera en los a\u00f1os 90 en pel\u00edculas como \u2018Extra\u00f1o caminos\u2019, \u2018Mujeres insumisas\u2019, \u2018Julio y su \u00e1ngel\u2019 y \u2018Perdita Durango\u2019 junto a Javier Bardem.<\/p>\n<p>El actor tambi\u00e9n form\u00f3 una gran carrera en televisi\u00f3n, actuando en producciones como \u2018La familia P. Luche\u2019, \u2018Hospital el paisa\u2019, \u2018Vecinos\u2019, \u2018La Madrastra\u2019, \u2018Eternamente am\u00e1ndonos\u2019 y \u2018La rosa de Guadalupe\u2019.<\/p>\n","protected":false},"excerpt":{"rendered":"La noticia fue dada a conocer a trav\u00e9s de redes sociales, donde devastados le dieron el \u00faltimo e&hellip;\n","protected":false},"author":2,"featured_media":147740,"comment_status":"","ping_status":"","sticky":false,"template":"","format":"standard","meta":{"footnotes":""},"categories":[171],"tags":[45230,45231,146,147,25,24,45232,23,214,3096],"class_list":{"0":"post-147739","1":"post","2":"type-post","3":"status-publish","4":"format-standard","5":"has-post-thumbnail","7":"category-tv","8":"tag-actor-carlos-arau","9":"tag-actor-vecinos-muere","10":"tag-entertainment","11":"tag-entretenimiento","12":"tag-es","13":"tag-espana","14":"tag-muere-carlos-arau","15":"tag-spain","16":"tag-tv","17":"tag-vecinos"},"share_on_mastodon":{"url":"","error":""},"_links":{"self":[{"href":"https:\/\/www.europesays.com\/es\/wp-json\/wp\/v2\/posts\/147739","targetHints":{"allow":["GET"]}}],"collection":[{"href":"https:\/\/www.europesays.com\/es\/wp-json\/wp\/v2\/posts"}],"about":[{"href":"https:\/\/www.europesays.com\/es\/wp-json\/wp\/v2\/types\/post"}],"author":[{"embeddable":true,"href":"https:\/\/www.europesays.com\/es\/wp-json\/wp\/v2\/users\/2"}],"replies":[{"embeddable":true,"href":"https:\/\/www.europesays.com\/es\/wp-json\/wp\/v2\/comments?post=147739"}],"version-history":[{"count":0,"href":"https:\/\/www.europesays.com\/es\/wp-json\/wp\/v2\/posts\/147739\/revisions"}],"wp:featuredmedia":[{"embeddable":true,"href":"https:\/\/www.europesays.com\/es\/wp-json\/wp\/v2\/media\/147740"}],"wp:attachment":[{"href":"https:\/\/www.europesays.com\/es\/wp-json\/wp\/v2\/media?parent=147739"}],"wp:term":[{"taxonomy":"category","embeddable":true,"href":"https:\/\/www.europesays.com\/es\/wp-json\/wp\/v2\/categories?post=147739"},{"taxonomy":"post_tag","embeddable":true,"href":"https:\/\/www.europesays.com\/es\/wp-json\/wp\/v2\/tags?post=147739"}],"curies":[{"name":"wp","href":"https:\/\/api.w.org\/{rel}","templated":true}]}}