{"id":147745,"date":"2025-09-30T03:13:12","date_gmt":"2025-09-30T03:13:12","guid":{"rendered":"https:\/\/www.europesays.com\/es\/147745\/"},"modified":"2025-09-30T03:13:12","modified_gmt":"2025-09-30T03:13:12","slug":"no-acabo-de-creerme-lo-que-he-conseguido","status":"publish","type":"post","link":"https:\/\/www.europesays.com\/es\/147745\/","title":{"rendered":"\u00abNo acabo de creerme lo que he conseguido\u00bb"},"content":{"rendered":"<p><strong><a href=\"https:\/\/www.ultimahora.es\/etiqueta\/Mavi+Garc%C3%ADa.html?utm_source=Inline-tag&amp;utm_medium=internal\" rel=\"nofollow noopener\" target=\"_blank\">Mavi Garc\u00eda<\/a><\/strong> ya est\u00e1 en Mallorca. Una peque\u00f1a parada para la ciclista mallorquina que consigui\u00f3 este fin de semana el <strong>bronce en el mundial de <a href=\"https:\/\/www.ultimahora.es\/etiqueta\/ciclismo.html?utm_source=Inline-tag&amp;utm_medium=internal\" rel=\"nofollow noopener\" target=\"_blank\">ciclismo<\/a> en ruta<\/strong> antes de poner rumbo al europeo que se disputar\u00e1 este pr\u00f3ximo s\u00e1bado en Francia.<\/p>\n<p>En su llegada a Palma, explicaba que no se esperaba este momento despu\u00e9s de tanto tiempo encima de una bici. \u00abAhora mismo todav\u00eda <strong>no me acabo de creer lo que he conseguido en este mundial<\/strong>, porque nunca en la vida hab\u00eda pensado que este momento llegar\u00eda despu\u00e9s de tanto tiempo, pero ahora que ha llegado, <strong>quiero disfrutarlo como se merece<\/strong>\u00bb, explic\u00f3.<\/p>\n<p>Una prueba en la que reconoc\u00eda que llegaba en un gran estado de forma y por encima de todo con muchas ganas de participar. \u00ab<strong>Ten\u00eda muchas ganas de hacer esta carrera, sab\u00eda que har\u00eda calor pero todo estaba yendo s\u00faper bien por all\u00ed<\/strong>. Es verdad que el d\u00eda de antes tambi\u00e9n me lo iba a encontrar s\u00faper bien, hab\u00eda mucha gente que no respiraba muy bien en ese ambiente, pero yo no sent\u00eda nada, tambi\u00e9n hab\u00eda hecho una buena preparaci\u00f3n con altura y despu\u00e9s de esa carrera, pues yo qu\u00e9 s\u00e9, un c\u00famulo de sensaciones, porque antes de empezar se puso a llover pero ha salido bien\u00bb, afirm\u00f3 la ciclista.<\/p>\n<p>Un mundial en el que aseguraba Mavi que hubo muchos momentos complicados y que decidir bien era muy importante para estar delante al final de la carrera. \u00ab<strong>Hab\u00eda ataques inesperados, era un recorrido que hac\u00eda mucho da\u00f1o<\/strong>, que al final te ibas fatigando y todo el mundo ten\u00eda un poco de miedo de eso, de no poder llegar bien al final\u00bb, confes\u00f3 la mallorquina.<\/p>\n<p>Ahora le toca disfrutar de este logro en su carrera pero ya con la mirada puesta en el europeo que ser\u00e1 la \u00faltima prueba de la temporada. \u00abHay mucha gente que ha ido directa para all\u00ed, pero bueno, yo quer\u00eda volver, siempre me gusta volver, aunque sean dos d\u00edas aqu\u00ed con los m\u00edos. Yo dec\u00eda, si hago una medalla en un mundial ya no ir\u00eda a ser europeo, \u00bfno? Pero s\u00ed, <strong>voy al europeo, es mi \u00faltima carrera de la temporada<\/strong> y bueno, y me hace ganas ya que estoy con esta forma tan buena, pues tambi\u00e9n poder aprovecharlo\u00bb, concluy\u00f3.<\/p>\n","protected":false},"excerpt":{"rendered":"Mavi Garc\u00eda ya est\u00e1 en Mallorca. Una peque\u00f1a parada para la ciclista mallorquina que consigui\u00f3 este fin de&hellip;\n","protected":false},"author":2,"featured_media":147746,"comment_status":"","ping_status":"","sticky":false,"template":"","format":"standard","meta":{"footnotes":""},"categories":[93],"tags":[313,1916,168,25,24,329,1914,1915,23,167,327,11214,1794,1917],"class_list":{"0":"post-147745","1":"post","2":"type-post","3":"status-publish","4":"format-standard","5":"has-post-thumbnail","7":"category-deportes","8":"tag-ciclismo","9":"tag-deporte-balear","10":"tag-deportes","11":"tag-es","12":"tag-espana","13":"tag-golf","14":"tag-mavi-garcia","15":"tag-otros-deportes","16":"tag-spain","17":"tag-sports","18":"tag-tenis","19":"tag-uci","20":"tag-vela","21":"tag-voleibol"},"share_on_mastodon":{"url":"","error":""},"_links":{"self":[{"href":"https:\/\/www.europesays.com\/es\/wp-json\/wp\/v2\/posts\/147745","targetHints":{"allow":["GET"]}}],"collection":[{"href":"https:\/\/www.europesays.com\/es\/wp-json\/wp\/v2\/posts"}],"about":[{"href":"https:\/\/www.europesays.com\/es\/wp-json\/wp\/v2\/types\/post"}],"author":[{"embeddable":true,"href":"https:\/\/www.europesays.com\/es\/wp-json\/wp\/v2\/users\/2"}],"replies":[{"embeddable":true,"href":"https:\/\/www.europesays.com\/es\/wp-json\/wp\/v2\/comments?post=147745"}],"version-history":[{"count":0,"href":"https:\/\/www.europesays.com\/es\/wp-json\/wp\/v2\/posts\/147745\/revisions"}],"wp:featuredmedia":[{"embeddable":true,"href":"https:\/\/www.europesays.com\/es\/wp-json\/wp\/v2\/media\/147746"}],"wp:attachment":[{"href":"https:\/\/www.europesays.com\/es\/wp-json\/wp\/v2\/media?parent=147745"}],"wp:term":[{"taxonomy":"category","embeddable":true,"href":"https:\/\/www.europesays.com\/es\/wp-json\/wp\/v2\/categories?post=147745"},{"taxonomy":"post_tag","embeddable":true,"href":"https:\/\/www.europesays.com\/es\/wp-json\/wp\/v2\/tags?post=147745"}],"curies":[{"name":"wp","href":"https:\/\/api.w.org\/{rel}","templated":true}]}}