{"id":147763,"date":"2025-09-30T03:28:07","date_gmt":"2025-09-30T03:28:07","guid":{"rendered":"https:\/\/www.europesays.com\/es\/147763\/"},"modified":"2025-09-30T03:28:07","modified_gmt":"2025-09-30T03:28:07","slug":"el-caceres-preparado-para-el-desafio-del-ascenso","status":"publish","type":"post","link":"https:\/\/www.europesays.com\/es\/147763\/","title":{"rendered":"El C\u00e1ceres, preparado para el desaf\u00edo del ascenso"},"content":{"rendered":"<p class=\"v-mdl-ath__p v-mdl-ath__p--6\">\nLunes, 29 de septiembre 2025, 20:44<\/p>\n<p>| Actualizado 21:47h.<\/p>\n<p class=\"v-p\">El <strong>C\u00e1ceres<\/strong> ha exprimido el entramado competitivo que la<strong> Copa de Espa\u00f1a<\/strong> intercala en medio de la pretemporada y que sirve como laboratorio de pruebas y centro de diagn\u00f3stico avanzado. Porque no es lo mismo un &#8216;bolo&#8217; veraniego sin brega ni mordiente, con alicientes muy difuminados, con la sombra de las lesiones como elemento disuasorio, que jugarse el tipo y salir de la cancha con cuatro puntos de sutura en la frente como le ocurri\u00f3 el s\u00e1bado a Albert Lafuente en el \u00faltimo duelo de la fase de grupos en el pabell\u00f3n Juan de la Cierva de Getafe. <\/p>\n<p class=\"v-p\">Es un desaf\u00edo a nivel de calendario, pero tambi\u00e9n permite a los entrenadores contar con una radiograf\u00eda fiel de la anatom\u00eda de su vestuario. Siempre con los atenuantes de un f\u00edsico a\u00fan lejos de su m\u00e1ximo esplendor y con muchas lagunas t\u00e1cticas y de ensamblaje en el juego, pero con la percha competitiva de un t\u00edtulo en juego. <strong>\u00abEs chulo poder pasar de ronda<\/strong> y tener la posibilidad de jugar aqu\u00ed un partido contra un equipo de superior categor\u00eda, o de la misma, depende del sorteo. Es un objetivo para nosotros y queremos conseguirlo\u00bb. <\/p>\n<p class=\"v-p\">Eran las palabras de <strong>Jacinto Carbajal, entrenador verdinegro,<\/strong> en la previa del duelo decisivo que marcaba el destino de su equipo en la competici\u00f3n de nuevo cu\u00f1o que celebra este curso su segunda edici\u00f3n. Y el C\u00e1ceres lo pele\u00f3 hasta el final para llevarse el triunfo y certificar as\u00ed su pase a dieciseisavos, que podr\u00eda depararle un enfrentamiento contra un rival de la divisi\u00f3n de plata, ya que los <strong>17 clubes de Primera FEB<\/strong> entran a escena junto a los <strong>15 clasificados de Segunda FEB.<\/strong> Un enfrentamiento que se dirimir\u00e1 a partido \u00fanico en la cancha del contendiente de menor categor\u00eda y que est\u00e1 previsto para el <strong>21-22 de octubre.<\/strong><\/p>\n<p>A centrarse en la liga<\/p>\n<p class=\"v-p\">La primera fase de la Copa de Espa\u00f1a ha quedado condensada en apenas dos semanas, periplo que los cacere\u00f1os han saldado con dos victorias ante el Spanish Basketball Academy y el Getafe y una derrota contra el Toledo, quedando ubicado en la posici\u00f3n duod\u00e9cima de la tabla general. El protagonista destacado en esas tres citas ha sido sin duda Wildens Leveque. El p\u00edvot estadounidense ha ca\u00eddo de pie desde su llegada al conjunto extreme\u00f1o y ha sido el m\u00e1s destacado, sumando tres dobles-dobles. El \u00faltimo, 21 puntos y diez rebotes, siendo decisivo para amarrar el pasaporte para la siguiente fase. <\/p>\n<p class=\"v-p\">Ahora el conjunto extreme\u00f1o deber\u00e1 centrarse en el debut liguero, que le llevar\u00e1 a tierras navarras para medirse el s\u00e1bado, a las 20.00 horas, en el polideportivo Sarriguren, al Castillo de Gorraiz Valle de Eg\u00fc\u00e9s, un reci\u00e9n ascendido.<\/p>\n<p class=\"v-p\">Sobre el tiempo de preparaci\u00f3n de una plantilla renovada en profundidad, el t\u00e9cnico cacere\u00f1o, teniendo en cuenta sobre todo ese factor, se muestra satisfecho con el balance. \u00abEs una buena pretemporada, todo lo que el club pod\u00eda poner en nuestras manos ha ocurrido, amistosos, partidos de Copa, buena disposici\u00f3n para trabajar, los jugadores al 80-90% desde el primer d\u00eda est\u00e1bamos todos\u00bb. Tambi\u00e9n resalt\u00f3, que \u00abel trabajo que han desarrollado los jugadores es bueno, con mucha alegr\u00eda, con energ\u00eda, dando la sensaci\u00f3n de que cada d\u00eda van creciendo\u00bb.<\/p>\n<p>Comenta<\/p>\n<p>Reporta un error<\/p>\n","protected":false},"excerpt":{"rendered":"Lunes, 29 de septiembre 2025, 20:44 | Actualizado 21:47h. El C\u00e1ceres ha exprimido el entramado competitivo que la&hellip;\n","protected":false},"author":2,"featured_media":147764,"comment_status":"","ping_status":"","sticky":false,"template":"","format":"standard","meta":{"footnotes":""},"categories":[269],"tags":[6421,299,298,3975,168,10897,25,24,9976,23,167],"class_list":{"0":"post-147763","1":"post","2":"type-post","3":"status-publish","4":"format-standard","5":"has-post-thumbnail","7":"category-baloncesto","8":"tag-ascenso","9":"tag-baloncesto","10":"tag-basketball","11":"tag-caceres","12":"tag-deportes","13":"tag-desafio","14":"tag-es","15":"tag-espana","16":"tag-preparado","17":"tag-spain","18":"tag-sports"},"share_on_mastodon":{"url":"","error":""},"_links":{"self":[{"href":"https:\/\/www.europesays.com\/es\/wp-json\/wp\/v2\/posts\/147763","targetHints":{"allow":["GET"]}}],"collection":[{"href":"https:\/\/www.europesays.com\/es\/wp-json\/wp\/v2\/posts"}],"about":[{"href":"https:\/\/www.europesays.com\/es\/wp-json\/wp\/v2\/types\/post"}],"author":[{"embeddable":true,"href":"https:\/\/www.europesays.com\/es\/wp-json\/wp\/v2\/users\/2"}],"replies":[{"embeddable":true,"href":"https:\/\/www.europesays.com\/es\/wp-json\/wp\/v2\/comments?post=147763"}],"version-history":[{"count":0,"href":"https:\/\/www.europesays.com\/es\/wp-json\/wp\/v2\/posts\/147763\/revisions"}],"wp:featuredmedia":[{"embeddable":true,"href":"https:\/\/www.europesays.com\/es\/wp-json\/wp\/v2\/media\/147764"}],"wp:attachment":[{"href":"https:\/\/www.europesays.com\/es\/wp-json\/wp\/v2\/media?parent=147763"}],"wp:term":[{"taxonomy":"category","embeddable":true,"href":"https:\/\/www.europesays.com\/es\/wp-json\/wp\/v2\/categories?post=147763"},{"taxonomy":"post_tag","embeddable":true,"href":"https:\/\/www.europesays.com\/es\/wp-json\/wp\/v2\/tags?post=147763"}],"curies":[{"name":"wp","href":"https:\/\/api.w.org\/{rel}","templated":true}]}}