{"id":147768,"date":"2025-09-30T03:32:08","date_gmt":"2025-09-30T03:32:08","guid":{"rendered":"https:\/\/www.europesays.com\/es\/147768\/"},"modified":"2025-09-30T03:32:08","modified_gmt":"2025-09-30T03:32:08","slug":"si-eres-progresista-por-favor-lee-este-libro","status":"publish","type":"post","link":"https:\/\/www.europesays.com\/es\/147768\/","title":{"rendered":"Si eres progresista, por favor, lee este libro"},"content":{"rendered":"\n<p> \u00bfRecuerda el cartel electoral del <strong>PSOE<\/strong> en 1977? En \u00e9l, junto a <strong>Felipe Gonz\u00e1lez<\/strong>, aparec\u00eda un grupo de trabajadores \u2014un obrero industrial, un minero, un oficinista con corbata, una agricultora\u2014 frente a un paisaje que proclamaba abundancia. F\u00e1bricas humeantes, barcos cargados, ciudades con edificios altos, campos bien labrados. Era el mensaje que durante <a href=\"https:\/\/blogs.elconfidencial.com\/mundo\/tribuna-internacional\/2025-09-29\/derecha-izquierda-europa-inmigracion-socialdemocracia-1hms_4217680\/\" target=\"_blank\" rel=\"nofollow noopener\">muchas d\u00e9cadas transmiti\u00f3 la izquierda<\/a>: lo deseable era un mundo en el que <strong>la producci\u00f3n marchara a toda m\u00e1quina<\/strong> y los trabajadores fueran felices. <\/p>\n<p> Con el tiempo, ese mensaje cambi\u00f3. Hoy <strong>la izquierda presume mucho m\u00e1s de su capacidad para regular o redistribuir<\/strong> que de su talento para <a href=\"https:\/\/www.elconfidencial.com\/economia\/2023-05-05\/informe-ivie-bbva-productividad-capital-humano_3623048\/\" target=\"_self\" rel=\"nofollow noopener\">crear riqueza per c\u00e1pita<\/a>. Casi todos los mensajes progresistas hablan de <strong>regulaciones<\/strong>, <strong>leyes y normas<\/strong>. O son directamente un rega\u00f1o porque, al parecer, consumimos demasiado. <\/p>\n<p> <strong>Ezra Klein<\/strong> y <strong>Derek Thompson<\/strong> son dos periodistas estadounidenses progresistas que hace tiempo detectaron que esto es un problema grave. No solo provoca que la gente viva peor, porque le faltan cosas que querr\u00eda tener. Adem\u00e1s, hace que muchas personas que aspiran a tener m\u00e1s sientan <strong>antipat\u00eda por la izquierda<\/strong>. El a\u00f1o pasado, recogieron esa denuncia en un libro brillante que ahora ha aparecido en castellano en la editorial <strong>Capit\u00e1n Swing<\/strong>. Es el mejor <a href=\"https:\/\/blogs.elconfidencial.com\/cultura\/mala-fama\/2016-06-22\/libros-politica-izquierda-podemos-orgullo-comunista_1220743\/\" target=\"_self\" rel=\"nofollow noopener\">libro de izquierdas<\/a>, y el m\u00e1s osado, que he le\u00eddo en mucho tiempo. Y precisamente por eso, la opini\u00f3n de la izquierda sobre \u00e9l est\u00e1 dividida: hay quienes creen que su defensa de la abundancia es puro neoliberalismo y quienes piensan que ya era hora de que alguien explicara que tener de todo, y en abundancia, es tambi\u00e9n progresista. El libro se titula, claro,  Abundancia. Sus ejemplos se centran en Estados Unidos, pero son perfectamente <strong>trasladables a nuestra realidad.<\/strong> <\/p>\n<p>            La incapacidad de construir           <\/p>\n<p> Klein y Thompson explican algunas historias de terror sobre c\u00f3mo <strong>Estados Unidos ya no es capaz de producir aquello que la gente necesita<\/strong> por culpa de la regulaci\u00f3n y el dogmatismo ideol\u00f3gico. El mejor ejemplo es el de <strong>la falta de vivienda<\/strong>, <strong>tan acuciante<\/strong> en algunas ciudades estadounidenses como aqu\u00ed. En ocasiones, los ayuntamientos impulsan la <a href=\"https:\/\/www.elconfidencial.com\/inmobiliario\/residencial\/2024-12-25\/vivienda-social-tutecho-socimis-inversion-impacto-hogar-si_4018106\/\" target=\"_self\" rel=\"nofollow noopener\">construcci\u00f3n de viviendas sociales<\/a>, y se asocian con el sector privado y con organizaciones no gubernamentales que quieren contribuir con su dinero a apoyar a la gente con necesidades. Pero una <strong>regulaci\u00f3n<\/strong> dice que hay que reservar una parte de esas viviendas para los veteranos de guerra. Otra parte, para las v\u00edctimas de violencia dom\u00e9stica. Los constructores deben obligar a los trabajadores a hacer gimnasia todas las ma\u00f1anas antes de empezar la jornada, para as\u00ed reducir el riesgo de accidentes y lesiones. Las regulaciones medioambientales obligan, adem\u00e1s, a instalar sistemas de ventilaci\u00f3n de alta calidad si las casas est\u00e1n a cierta distancia de una autopista. Pero entonces <strong>las casas son mucho m\u00e1s caras<\/strong>, con lo que dejan de ser accesibles para los pobres, que era el objetivo inicial. O, simplemente, <a href=\"https:\/\/www.elconfidencial.com\/economia\/2025-01-12\/espana-construye-70-menos-viviendas-hace-dos-decadas_4040272\/\" target=\"_self\" rel=\"nofollow noopener\">no se construyen<\/a>. <\/p>\n<p class=\"bodyObject bodyBlockquote\">Estados Unidos ya no es capaz de producir aquello que la gente necesita por culpa de la regulaci\u00f3n y el dogmatismo ideol\u00f3gico<\/p>\n<p> Hay m\u00e1s ejemplos. <a href=\"https:\/\/www.elconfidencial.com\/mundo\/2025-09-24\/trump-foto-biden-autopen-galeria-presidencial-casa-blanca_4215684\/\" target=\"_blank\" rel=\"nofollow noopener\">La administraci\u00f3n Biden<\/a> estableci\u00f3 como prioridad que se fabricaran<strong> chips en Estados Unidos<\/strong>: todo el mundo los usa en sus tel\u00e9fonos, lavadoras y coches, y con buen criterio el Gobierno decidi\u00f3 <strong>subvencionar su producci\u00f3n dom\u00e9stica<\/strong>. Pero surgieron muchos problemas porque la regulaci\u00f3n exig\u00eda que los fabricantes contrataran de manera preferente a \u00abmujeres y otros individuos econ\u00f3micamente desfavorecidos\u00bb, y que incluyeran en sus cadenas log\u00edsticas a empresas propiedad de miembros de minor\u00edas, veteranos y mujeres. Como dicen los autores: \u00abMuchos de esos objetivos son buenos. Pero \u00bfson buenos<strong> objetivos que haya que incluir<\/strong> en este proyecto?\u00bb <\/p>\n<p> El <a href=\"https:\/\/www.elconfidencial.com\/economia\/2024-08-09\/juez-efectos-exceso-leyes-gente-comun_3938984\/\" target=\"_self\" rel=\"nofollow noopener\">exceso regulatorio<\/a> tambi\u00e9n limita las capacidades de otros sectores: la <strong><a href=\"https:\/\/www.elconfidencial.com\/cultura\/2025-09-23\/satira-universitaria-arrasa-italia-izquierda-conservadora_4213757\/\" target=\"_blank\" rel=\"nofollow noopener\">burocracia universitaria<\/a><\/strong>, cuentan Klein y Thompson, impide que cient\u00edficos que desarrollan <strong>medicamentos muy innovadores<\/strong>, que podr\u00edan acabar con enfermedades graves, consigan <strong>financiaci\u00f3n p\u00fablica<\/strong>. Esta va a parar a <strong>proyectos m\u00e1s banales<\/strong>, porque as\u00ed los bur\u00f3cratas evitan que les reprochen haber dedicado <strong>dinero a proyectos arriesgados<\/strong>. La consecuencia es que, si eres cient\u00edfico, prefieres dedicarte a <strong>investigaciones intrascendentes<\/strong> que te ayudan a desarrollar tu carrera y conseguir dinero p\u00fablico, que a aquellas que podr\u00edan generar <strong>beneficios para la sociedad<\/strong>. <\/p>\n<p>               &#8216;Abundancia&#8217; de Ezra Klein y Derek Thompson. (EC\/Capit\u00e1n Swing)             <\/p>\n<p> Klein y Thompson son generosos con la izquierda. En la mayor\u00eda de los casos, piensan que estos <strong>errores que impiden que la gente acceda<\/strong> a cosas tan necesarias como la vivienda, el transporte p\u00fablico o un tratamiento contra el c\u00e1ncer son un <strong>exceso de buena voluntad<\/strong>, fruto del deseo de <strong>regular en favor del medioambiente<\/strong>, de <strong>proteger a las minor\u00edas<\/strong> o <strong>evitar el fraude<\/strong>. Pero el resultado es siempre el mismo: <strong>la escasez<\/strong>. <\/p>\n<p> \u00ab<a href=\"https:\/\/www.elconfidencial.com\/vivienda\/\" target=\"_blank\" rel=\"nofollow noopener\">Queremos m\u00e1s vivienda<\/a> y m\u00e1s energ\u00eda, m\u00e1s curaci\u00f3n de enfermedades y m\u00e1s construcci\u00f3n. Esta historia debe asentarse en ladrillos, acero, <strong>paneles solares y redes de alta tensi\u00f3n<\/strong>, no solo en palabras\u00bb. Y eso no se conseguir\u00e1 con el <strong>decrecentismo<\/strong> ni la <strong>obsesi\u00f3n regulatoria y burocr\u00e1tica<\/strong>, por bien intencionadas que sean, sino <strong>derribando barreras<\/strong>. <\/p>\n<p> Abundancia ha generado una enorme pol\u00e9mica en Estados Unidos, donde los <a href=\"https:\/\/www.elconfidencial.com\/mundo\/2025-08-06\/gran-evasion-democrata-crisis-texas-revertir-poder-trump_4186744\/\" target=\"_self\" rel=\"nofollow noopener\">dem\u00f3cratas<\/a> se debaten entre seguir la senda de los \u00faltimos a\u00f1os, que muchas veces ha resultado incompetente y moralista, o volver a un <strong>progresismo que persiga<\/strong>, <strong>por encima de todo<\/strong>, <strong>riqueza material<\/strong>. <\/p>\n<p class=\"bodyObject bodyBlockquote\">La burocracia universitaria impide que cient\u00edficos que desarrollan medicamentos muy innovadores, consigan financiaci\u00f3n p\u00fablica<\/p>\n<p> El debate est\u00e1 abierto. La <strong><a href=\"https:\/\/www.elconfidencial.com\/espana\/2025-07-12\/izquierda-fuera-juego-espana_4170714\/\" target=\"_self\" rel=\"nofollow noopener\">izquierda espa\u00f1ola<\/a><\/strong>, que con tanta frecuencia nos ha dicho que la <strong>respuesta al cambio clim\u00e1tico<\/strong> o a la escasez de materias primas pasaba por <strong>tener menos y repartir m\u00e1s<\/strong>, deber\u00eda estar plante\u00e1ndose ya este dilema. Este libro es el <strong>mejor punto de partida<\/strong>. <\/p>\n<p> \u00bfRecuerda el cartel electoral del <strong>PSOE<\/strong> en 1977? En \u00e9l, junto a <strong>Felipe Gonz\u00e1lez<\/strong>, aparec\u00eda un grupo de trabajadores \u2014un obrero industrial, un minero, un oficinista con corbata, una agricultora\u2014 frente a un paisaje que proclamaba abundancia. F\u00e1bricas humeantes, barcos cargados, ciudades con edificios altos, campos bien labrados. Era el mensaje que durante <a href=\"https:\/\/blogs.elconfidencial.com\/mundo\/tribuna-internacional\/2025-09-29\/derecha-izquierda-europa-inmigracion-socialdemocracia-1hms_4217680\/\" target=\"_blank\" rel=\"nofollow noopener\">muchas d\u00e9cadas transmiti\u00f3 la izquierda<\/a>: lo deseable era un mundo en el que <strong>la producci\u00f3n marchara a toda m\u00e1quina<\/strong> y los trabajadores fueran felices. <\/p>\n","protected":false},"excerpt":{"rendered":"\u00bfRecuerda el cartel electoral del PSOE en 1977? En \u00e9l, junto a Felipe Gonz\u00e1lez, aparec\u00eda un grupo de&hellip;\n","protected":false},"author":2,"featured_media":147769,"comment_status":"","ping_status":"","sticky":false,"template":"","format":"standard","meta":{"footnotes":""},"categories":[172],"tags":[224,146,147,25,24,225,23],"class_list":{"0":"post-147768","1":"post","2":"type-post","3":"status-publish","4":"format-standard","5":"has-post-thumbnail","7":"category-libros","8":"tag-books","9":"tag-entertainment","10":"tag-entretenimiento","11":"tag-es","12":"tag-espana","13":"tag-libros","14":"tag-spain"},"share_on_mastodon":{"url":"","error":""},"_links":{"self":[{"href":"https:\/\/www.europesays.com\/es\/wp-json\/wp\/v2\/posts\/147768","targetHints":{"allow":["GET"]}}],"collection":[{"href":"https:\/\/www.europesays.com\/es\/wp-json\/wp\/v2\/posts"}],"about":[{"href":"https:\/\/www.europesays.com\/es\/wp-json\/wp\/v2\/types\/post"}],"author":[{"embeddable":true,"href":"https:\/\/www.europesays.com\/es\/wp-json\/wp\/v2\/users\/2"}],"replies":[{"embeddable":true,"href":"https:\/\/www.europesays.com\/es\/wp-json\/wp\/v2\/comments?post=147768"}],"version-history":[{"count":0,"href":"https:\/\/www.europesays.com\/es\/wp-json\/wp\/v2\/posts\/147768\/revisions"}],"wp:featuredmedia":[{"embeddable":true,"href":"https:\/\/www.europesays.com\/es\/wp-json\/wp\/v2\/media\/147769"}],"wp:attachment":[{"href":"https:\/\/www.europesays.com\/es\/wp-json\/wp\/v2\/media?parent=147768"}],"wp:term":[{"taxonomy":"category","embeddable":true,"href":"https:\/\/www.europesays.com\/es\/wp-json\/wp\/v2\/categories?post=147768"},{"taxonomy":"post_tag","embeddable":true,"href":"https:\/\/www.europesays.com\/es\/wp-json\/wp\/v2\/tags?post=147768"}],"curies":[{"name":"wp","href":"https:\/\/api.w.org\/{rel}","templated":true}]}}