{"id":147778,"date":"2025-09-30T03:38:18","date_gmt":"2025-09-30T03:38:18","guid":{"rendered":"https:\/\/www.europesays.com\/es\/147778\/"},"modified":"2025-09-30T03:38:18","modified_gmt":"2025-09-30T03:38:18","slug":"top-con-falso-escote-falda-pareo-y-medias-de-camuflaje","status":"publish","type":"post","link":"https:\/\/www.europesays.com\/es\/147778\/","title":{"rendered":"top con falso escote, falda pareo y medias de camuflaje"},"content":{"rendered":"<p id=\"e1m8xyxVFb\" data-wc=\"95\">Par\u00eds acoge ya su cita de cada temporada con el pr\u00eat-\u00e0-porter, una <strong>Semana de la moda<\/strong> con repercusi\u00f3n global no solo por las colecciones que se presentan sobre la pasarela, tambi\u00e9n por las <strong>much\u00edsimas celebridades -como<\/strong><a class=\"hm-link ho-link\" href=\"https:\/\/www.hola.com\/fashion\/20250929858441\/ana-de-armas-traje-negro-mocasines-paris-sin-tom-cruise\/\" data-mrf-recirculation=\"article-body-link\" rel=\"nofollow noopener\" target=\"_blank\">\u00a0Ana de Armas<\/a><strong>&#8211; que viajan hasta all\u00ed\u00a0<\/strong>para descubrir en primera persona los nuevos dise\u00f1os de sus firmas favoritas. Desde el lunes 29 de septiembre hasta el martes 7 de octubre, las calles de la capital francesa se llenan de tendencias&#8230; y de <strong>looks tan rompedores como el que hoy ha lucido Rosal\u00eda a las puertas del H\u00f4tel Ritz.<\/strong><\/p>\n<p> <img src=\"https:\/\/www.europesays.com\/es\/wp-content\/uploads\/2025\/09\/f64c7f56de04-dlu592165005.jpg\"   width=\"682\" height=\"1024\" loading=\"lazy\" decoding=\"async\" alt=\"Media Image\" fetchpriority=\"auto\" class=\"image ho-image\"\/>\u00a9 GTRES<\/p>\n<p id=\"e7aCqC3LHkU\" data-wc=\"103\"><strong>Saliendo del lujoso hotel, camino del desfile de Julie Kegels,\u00a0<\/strong>la artista catalana ha sido fotografiada con un conjunto que no dejar\u00e1 a nadie indiferente. Mientras saludaba a sus fans y firmaba aut\u00f3grafos, los paparazzi\u00a0han podido capturar el incre\u00edble estilismos escogido por Rosal\u00eda, que hace solo unos d\u00edas celebraba su 33 cumplea\u00f1os. Fue precisamente el pasado 25 de septiembre cuando analiz\u00e1bamos el <a class=\"hm-link ho-link\" href=\"https:\/\/www.hola.com\/moda\/20250925857156\/rosalia-cambio-estilo-analisis-looks-lady-cumpleanios\/\" data-mrf-recirculation=\"article-body-link\" rel=\"nofollow noopener\" target=\"_blank\">nuevo estilo lady\u00a0de la cantante<\/a> y su reci\u00e9n estrenada predilecci\u00f3n por el blanco y el negro; colores que tambi\u00e9n protagonizan su look de hoy, si bien es <strong>mucho m\u00e1s arriesgado que los que ha llevado en los \u00faltimos meses.<\/strong><\/p>\n<p> <img src=\"https:\/\/www.europesays.com\/es\/wp-content\/uploads\/2025\/09\/cb32b57c5c77-dlu592165003.jpg\"   width=\"682\" height=\"1024\" loading=\"lazy\" decoding=\"async\" alt=\"Media Image\" fetchpriority=\"auto\" class=\"image ho-image\"\/>\u00a9 GTRES<br \/>\nTop &#8216;halter&#8217; con falso escote<\/p>\n<p id=\"eA6UJYxqma\" data-wc=\"83\">Cada elemento del look de Rosal\u00eda merece un an\u00e1lisis independiente, comenzado por el top. En negro y blanco roto, cuenta con dos piezas superpuestas que crean el <strong>trampantojo de un falso escote ca\u00eddo<\/strong>. De lejos, la parte negra parece estar suelta directamente sobre la piel, aunque en realidad cuenta con una secci\u00f3n beige que cubre por completo el escote y rodea el cuello. Eso s\u00ed, lejos de ser recatado, el top cuenta con un<strong>\u00a0vertiginoso escote lateral, adem\u00e1s de la espalda al descubieto.<\/strong><\/p>\n<p>  <img src=\"https:\/\/www.europesays.com\/es\/wp-content\/uploads\/2025\/09\/6f6bcfae5f78-dlu592165011.jpg\"   width=\"1080\" height=\"1800\" loading=\"lazy\" decoding=\"async\" alt=\"Media Image\" fetchpriority=\"auto\" class=\"image ho-image\"\/>\u00a9 GTRES<\/p>\n<p>  <img src=\"https:\/\/www.europesays.com\/es\/wp-content\/uploads\/2025\/09\/818a1f7d9cb4-dlu592165027.jpg\"   width=\"1080\" height=\"1800\" loading=\"lazy\" decoding=\"async\" alt=\"Media Image\" fetchpriority=\"auto\" class=\"image ho-image\"\/>\u00a9 GTRES<\/p>\n<p>Falda pareo &#8216;college&#8217;<\/p>\n<p id=\"eta_fP0vPB\" data-wc=\"66\">Posiblemente la falda sea la prenda m\u00e1s llamativa de todo el conjunto, pues <strong>fusiona dos estilos diametralmente opuestos<\/strong>: la inspiraci\u00f3n <a class=\"hm-link ho-link\" href=\"https:\/\/www.hola.com\/fashion\/20250909854639\/minifalda-tablas-looks-dia-noche\/\" data-mrf-recirculation=\"article-body-link\" rel=\"nofollow noopener\" target=\"_blank\">college\u00a0<\/a>(presente en el tableado de la pieza negro) y la tendencia de las faldas cruzadas a modo pareo, correspondiente a la parte beige. Igual que sucede con el top, es como si llevara dos piezas diferentes superpuestas, creando un <strong>efecto \u00f3ptico de lo m\u00e1s curioso.\u00a0<\/strong><\/p>\n<p>  <img src=\"https:\/\/www.europesays.com\/es\/wp-content\/uploads\/2025\/09\/80a0dcd19426-dlu592165016.jpg\"   width=\"1080\" height=\"1800\" loading=\"lazy\" decoding=\"async\" alt=\"Media Image\" fetchpriority=\"auto\" class=\"image ho-image\"\/>\u00a9 GTRES<\/p>\n<p>  <img src=\"https:\/\/www.europesays.com\/es\/wp-content\/uploads\/2025\/09\/dc43b5d66a79-dlu592165024.jpg\"   width=\"1080\" height=\"1800\" loading=\"lazy\" decoding=\"async\" alt=\"Media Image\" fetchpriority=\"auto\" class=\"image ho-image\"\/>\u00a9 GTRES<\/p>\n<p>Medias de camuflaje y zapatos &#8216;lady&#8217;<\/p>\n<p id=\"ebAVG8m4ES\" data-wc=\"71\">Para acompa\u00f1ar el ya de por s\u00ed particular estilismo, la cantante ha apostado por unas<strong>\u00a0medias altas en negro<\/strong> con una decoraci\u00f3n que parece imitar el estampado de camuflaje, l print\u00a0caracter\u00edstico de los uniformes militares y de la ropa que usan los cazadores. Los zapatos, tambi\u00e9n negros y con cierto aire lady -lo \u00fanico cl\u00e1sico que lleva-, abrazan sus pies con varias lazadas, copiando las zapatillas que utilizan las bailarinas.<\/p>\n<p>  <img src=\"https:\/\/www.europesays.com\/es\/wp-content\/uploads\/2025\/09\/6ab9ee150836-dlu590809023.jpg\"   width=\"1080\" height=\"1800\" loading=\"lazy\" decoding=\"async\" alt=\"A la salida del desfile de Calvin Klein, el 12 de septiembre en Nueva York\" fetchpriority=\"auto\" class=\"image ho-image\"\/>\u00a9 GTRESA la salida del desfile de Calvin Klein, el 12 de septiembre en Nueva York<\/p>\n<p>  <img src=\"https:\/\/www.europesays.com\/es\/wp-content\/uploads\/2025\/09\/1b7b07dd3d8a-dlu565452062.jpg\"   width=\"1080\" height=\"1800\" loading=\"lazy\" decoding=\"async\" alt=\"Rosal\u00eda en el desfile de Dior de septiembre 2024\" fetchpriority=\"auto\" class=\"image ho-image\"\/>\u00a9 GTRESRosal\u00eda en el desfile de Dior de septiembre 2024<\/p>\n<p>Sus \u00faltimos looks<\/p>\n<p id=\"edJ5nDukxp\" data-wc=\"77\">Aunque cre\u00edamos que la sofisticaci\u00f3n hab\u00eda llegado a su armario y, en esta edici\u00f3n de Paris Fashion Week, solo aparecer\u00eda con looks sobrios como los que ha llevado en los \u00faltimos eventos de moda, hoy Rosal\u00eda nos ha recordado que es<strong>\u00a0la reina de las tendencias rompedoras y de las mezclas imposibles<\/strong>. \u00bfVestir\u00e1 as\u00ed de atrevida en el desfile de Christian Dior, el pr\u00f3ximo mi\u00e9rcoles 1 de octubre, o la veremos tan recatada <a class=\"hm-link ho-link\" href=\"https:\/\/www.hola.com\/actualidad\/20240925720305\/rosalia-semana-moda-paris\/\" data-mrf-recirculation=\"article-body-link\" rel=\"nofollow noopener\" target=\"_blank\">como hace un a\u00f1o<\/a>?<\/p>\n","protected":false},"excerpt":{"rendered":"Par\u00eds acoge ya su cita de cada temporada con el pr\u00eat-\u00e0-porter, una Semana de la moda con repercusi\u00f3n&hellip;\n","protected":false},"author":2,"featured_media":147779,"comment_status":"","ping_status":"","sticky":false,"template":"","format":"standard","meta":{"footnotes":""},"categories":[91],"tags":[1024,146,147,25,24,1023,22110,4147,23],"class_list":{"0":"post-147778","1":"post","2":"type-post","3":"status-publish","4":"format-standard","5":"has-post-thumbnail","7":"category-entretenimiento","8":"tag-actualidad-moda","9":"tag-entertainment","10":"tag-entretenimiento","11":"tag-es","12":"tag-espana","13":"tag-moda","14":"tag-paris-fashion-week","15":"tag-rosalia","16":"tag-spain"},"share_on_mastodon":{"url":"","error":""},"_links":{"self":[{"href":"https:\/\/www.europesays.com\/es\/wp-json\/wp\/v2\/posts\/147778","targetHints":{"allow":["GET"]}}],"collection":[{"href":"https:\/\/www.europesays.com\/es\/wp-json\/wp\/v2\/posts"}],"about":[{"href":"https:\/\/www.europesays.com\/es\/wp-json\/wp\/v2\/types\/post"}],"author":[{"embeddable":true,"href":"https:\/\/www.europesays.com\/es\/wp-json\/wp\/v2\/users\/2"}],"replies":[{"embeddable":true,"href":"https:\/\/www.europesays.com\/es\/wp-json\/wp\/v2\/comments?post=147778"}],"version-history":[{"count":0,"href":"https:\/\/www.europesays.com\/es\/wp-json\/wp\/v2\/posts\/147778\/revisions"}],"wp:featuredmedia":[{"embeddable":true,"href":"https:\/\/www.europesays.com\/es\/wp-json\/wp\/v2\/media\/147779"}],"wp:attachment":[{"href":"https:\/\/www.europesays.com\/es\/wp-json\/wp\/v2\/media?parent=147778"}],"wp:term":[{"taxonomy":"category","embeddable":true,"href":"https:\/\/www.europesays.com\/es\/wp-json\/wp\/v2\/categories?post=147778"},{"taxonomy":"post_tag","embeddable":true,"href":"https:\/\/www.europesays.com\/es\/wp-json\/wp\/v2\/tags?post=147778"}],"curies":[{"name":"wp","href":"https:\/\/api.w.org\/{rel}","templated":true}]}}