{"id":147780,"date":"2025-09-30T03:39:14","date_gmt":"2025-09-30T03:39:14","guid":{"rendered":"https:\/\/www.europesays.com\/es\/147780\/"},"modified":"2025-09-30T03:39:14","modified_gmt":"2025-09-30T03:39:14","slug":"apple-prepara-una-solucion-para-los-problemas-de-ios-26-una-nueva-actualizacion-llegara-a-iphone","status":"publish","type":"post","link":"https:\/\/www.europesays.com\/es\/147780\/","title":{"rendered":"Apple prepara una soluci\u00f3n para los problemas de iOS 26: una nueva actualizaci\u00f3n llegar\u00e1 a iPhone"},"content":{"rendered":"<p><img alt=\"La versi\u00f3n iOS 26.0.1 solucionar\u00e1\" class=\"global-image\" decoding=\"async\" fetchpriority=\"high\" height=\"2667\" loading=\"eager\" src=\"https:\/\/www.europesays.com\/es\/wp-content\/uploads\/2025\/09\/CABFT7VCPJAYZAOS7H2N3KXP7Q.JPG\" width=\"4000\"\/>La versi\u00f3n iOS 26.0.1 solucionar\u00e1 fallos de c\u00e1mara, WiFi y Apple Intelligence en los \u00faltimos modelos de iPhone. (REUTERS\/Ann Wang)<\/p>\n<p class=\"paragraph\"><b>La llegada de <\/b><a href=\"https:\/\/www.infobae.com\/tag\/ios-26\/\" target=\"_blank\" rel=\"noreferrer nofollow noopener\" title=\"https:\/\/www.infobae.com\/tag\/ios-26\/\"><b>iOS 26<\/b><\/a><b> a los dispositivos de Apple agreg\u00f3 funciones y cambios en iPhone, pero tambi\u00e9n errores y problemas a algunos usuarios<\/b>. Por ese motivo, la empresa est\u00e1 preparando una actualizaci\u00f3n para corregir la situaci\u00f3n.<\/p>\n<p class=\"paragraph\"><a href=\"https:\/\/www.infobae.com\/tecno\/2025\/09\/23\/traduccion-en-vivo-en-ios-26-como-funciona-y-que-ofrece-la-herramienta-de-ia-de-iphone\/\" target=\"_blank\" rel=\"noreferrer nofollow noopener\" title=\"https:\/\/www.infobae.com\/tecno\/2025\/09\/23\/traduccion-en-vivo-en-ios-26-como-funciona-y-que-ofrece-la-herramienta-de-ia-de-iphone\/\">Esta nueva versi\u00f3n ajustar\u00eda importantes elementos del sistema para remediar tanto errores graves<\/a> como peque\u00f1os inconvenientes de uso diario, <b>ya que los principales afectados est\u00e1n siendo los iPhone 17 y iPhone Air, reci\u00e9n lanzados.<\/b><\/p>\n<p class=\"paragraph\"><b>Si bien el despliegue de cada nueva versi\u00f3n de iOS genera expectativas y curiosidad<\/b>, tambi\u00e9n desencadena el monitoreo intensivo de cualquier anomal\u00eda en el rendimiento y la experiencia de usuario. Con la llegada de iOS 26, algunos fallos comenzaron a reportarse r\u00e1pidamente. Entre los m\u00e1s relevantes destacan:<\/p>\n<p><img alt=\"Los problemas detectados tras el\" class=\"global-image\" decoding=\"async\" fetchpriority=\"low\" height=\"1139\" loading=\"lazy\" src=\"https:\/\/www.europesays.com\/es\/wp-content\/uploads\/2025\/09\/1759203552_592_VBKQKLQACFHPNPEBGC4SE42IJE.jpg\" width=\"1920\"\/>Los problemas detectados tras el lanzamiento de iOS 26 afectan la experiencia de usuario y la conectividad en dispositivos Apple. (Apple)<\/p>\n<ul data-icon=\"\u2b24\" class=\"list\">\n<li data-icon=\"\u2b24\"><b>Errores en la c\u00e1mara de iPhone Air e iPhone 17 Pro:<\/b>\u00a0diversos usuarios advirtieron problemas al tomar fotograf\u00edas, especialmente relacionados con la gesti\u00f3n de altas luces y la exposici\u00f3n, impactando la calidad de las im\u00e1genes capturadas en distintas condiciones.<\/li>\n<li data-icon=\"\u2b24\"><b>Desconexiones aleatorias del WiFi:<\/b>\u00a0uno de los problemas m\u00e1s extendidos afecta tanto a la conectividad inal\u00e1mbrica tradicional como al funcionamiento de\u00a0<b>CarPlay<\/b>. Se reportan desconexiones intermitentes, que hacen que los iPhone 17 se desincronicen del Wi-Fi o pierdan la conexi\u00f3n con el sistema multimedia de los autom\u00f3viles de manera espont\u00e1nea y sin causa aparente.<\/li>\n<li data-icon=\"\u2b24\"><b>Fallo en la b\u00fasqueda de eventos en la app Calendario:<\/b>\u00a0para algunos usuarios, especialmente quienes actualizaron de inmediato, la aplicaci\u00f3n de Calendario dej\u00f3 de permitir b\u00fasquedas de eventos correctamente, con lo cual dificulta la gesti\u00f3n diaria y la consulta del hist\u00f3rico de compromisos personales o laborales.<\/li>\n<li data-icon=\"\u2b24\"><b>Problemas al descargar modelos de Apple Intelligence:<\/b>\u00a0esta funci\u00f3n, clave para las capacidades de inteligencia artificial de los iPhone m\u00e1s avanzados, registr\u00f3 errores de descarga en ciertas unidades. Afecta a modelos recientes incluidos el iPhone 17 y el 17 Pro Max, lo que limita el acceso pleno a las \u00faltimas propuestas de Apple en cuanto a predicci\u00f3n, personalizaci\u00f3n y automatizaci\u00f3n inteligente.<\/li>\n<li data-icon=\"\u2b24\"><b>Detalles menores en la interfaz:<\/b>\u00a0adem\u00e1s de los grandes problemas t\u00e9cnicos, algunos usuarios han reportado fallos visuales en la animaci\u00f3n de desbloqueo, donde los iconos pueden no mostrarse de inmediato, as\u00ed como inconsistencias en el brillo de la barra de volumen sobre fondos claros y leves errores de transparencia en la interfaz.<\/li>\n<\/ul>\n<p class=\"paragraph\"><b>Aunque en t\u00e9rminos generales no se identificaron errores destructivos o de seguridad de gravedad m\u00e1xima tras el lanzamiento de iOS 26<\/b>, la suma de estos inconvenientes impacta de forma directa la experiencia de miles de usuarios. <\/p>\n<p class=\"paragraph\">Ante estos reportes, <b>Apple inform\u00f3 que la mayor parte de las incidencias quedar\u00e1n resueltas con<\/b> <b>iOS 26.0.1<\/b>, versi\u00f3n cuyo n\u00famero de compilaci\u00f3n ser\u00e1 23A355.<\/p>\n<p><img alt=\"La actualizaci\u00f3n iOS 26.0.1 no\" class=\"global-image\" decoding=\"async\" fetchpriority=\"low\" height=\"3618\" loading=\"lazy\" src=\"https:\/\/www.europesays.com\/es\/wp-content\/uploads\/2025\/09\/FDMNQDVZ4ZAAZC32ONAFO3HXDE.JPG\" width=\"5421\"\/>La actualizaci\u00f3n iOS 26.0.1 no agregar\u00e1 nuevas funciones, sino que corregir\u00e1 errores cr\u00edticos de la versi\u00f3n principal.(REUTERS\/Maxim Shemetov)<\/p>\n<p class=\"paragraph\"><b>iOS 26.0.1 no busca agregar funcionalidades, sino aportar estabilidad y restaurar la confianza de los usuarios.<\/b> A diferencia de lo que se espera para futuras versiones como iOS 26.1, que ya tiene prometidas integraciones de inteligencia artificial como traducci\u00f3n en vivo en AirPods compatibles y nuevos idiomas para las funcionalidades inteligentes<b>, la inminente actualizaci\u00f3n se concentra exclusivamente en resolver las disfunciones introducidas por la versi\u00f3n principal.<\/b><\/p>\n<p class=\"paragraph\">El listado concreto de problemas que abordar\u00eda la nueva versi\u00f3n incluye:<\/p>\n<ul data-icon=\"\u2b24\" class=\"list\">\n<li data-icon=\"\u2b24\">Soluci\u00f3n a fallos en la c\u00e1mara, especialmente en los \u00faltimos modelos lanzados.<\/li>\n<li data-icon=\"\u2b24\">Reparaci\u00f3n de fallos de conectividad Wi-Fi y de CarPlay inal\u00e1mbrico.<\/li>\n<li data-icon=\"\u2b24\">Correcci\u00f3n del mal funcionamiento de b\u00fasqueda en la app Calendario.<\/li>\n<li data-icon=\"\u2b24\">Resoluci\u00f3n de problemas de descarga de modelos de\u00a0Apple Intelligence\u00a0para aprovechar las herramientas de\u00a0IA integrada.<\/li>\n<li data-icon=\"\u2b24\">Mejora de peque\u00f1as inconsistencias visuales en la interfaz de usuario, desde animaciones hasta elementos de transparencia.<\/li>\n<\/ul>\n<p class=\"paragraph\">Apple suele reservar actualizaciones correctivas menores para las semanas inmediatamente posteriores a cada lanzamiento mayor. Esto consolida la percepci\u00f3n de trabajo \u00e1gil y reactivo por parte de su equipo de software, adem\u00e1s de frenar cualquier ola de descontento p\u00fablico en redes y medios tecnol\u00f3gicos.<\/p>\n<p><img alt=\"Los usuarios de iPhone 17\" class=\"global-image\" decoding=\"async\" fetchpriority=\"low\" height=\"255\" loading=\"lazy\" src=\"https:\/\/www.europesays.com\/es\/wp-content\/uploads\/2025\/09\/ZPG73HZ2BJH2DEYJOFLDHDEY2M.png\" width=\"385\"\/>Los usuarios de iPhone 17 y iPhone Air reportan problemas en la c\u00e1mara, WiFi y la app Calendario tras actualizar a iOS 26. (Foto: Apple)<\/p>\n<p class=\"paragraph\">La pr\u00f3xima estaci\u00f3n en la hoja de ruta de actualizaciones ser\u00e1 iOS 26.1, actualmente disponible en fase beta, que s\u00ed tendr\u00e1 adiciones visibles para los usuarios avanzados e innovadores. Incorporaciones como Live Translation para AirPods compatibles, <b>ampliaci\u00f3n del soporte de idiomas en la plataforma de Apple Intelligence y peque\u00f1os ajustes a aplicaciones emblem\u00e1ticas como M\u00fasica, Fotos y Safari conforman sus principales novedades.<\/b><\/p>\n","protected":false},"excerpt":{"rendered":"La versi\u00f3n iOS 26.0.1 solucionar\u00e1 fallos de c\u00e1mara, WiFi y Apple Intelligence en los \u00faltimos modelos de iPhone.&hellip;\n","protected":false},"author":2,"featured_media":147781,"comment_status":"","ping_status":"","sticky":false,"template":"","format":"standard","meta":{"footnotes":""},"categories":[81],"tags":[4820,119,123,124,404,25,24,117,121,122,23,15673,118,120],"class_list":{"0":"post-147780","1":"post","2":"type-post","3":"status-publish","4":"format-standard","5":"has-post-thumbnail","7":"category-ciencia-y-tecnologia","8":"tag-asia-pacific","9":"tag-ciencia","10":"tag-ciencia-y-tecnologia","11":"tag-cienciaytecnologia","12":"tag-corporate-events","13":"tag-es","14":"tag-espana","15":"tag-science","16":"tag-science-and-technology","17":"tag-scienceandtechnology","18":"tag-spain","19":"tag-taipei","20":"tag-technology","21":"tag-tecnologia"},"share_on_mastodon":{"url":"","error":""},"_links":{"self":[{"href":"https:\/\/www.europesays.com\/es\/wp-json\/wp\/v2\/posts\/147780","targetHints":{"allow":["GET"]}}],"collection":[{"href":"https:\/\/www.europesays.com\/es\/wp-json\/wp\/v2\/posts"}],"about":[{"href":"https:\/\/www.europesays.com\/es\/wp-json\/wp\/v2\/types\/post"}],"author":[{"embeddable":true,"href":"https:\/\/www.europesays.com\/es\/wp-json\/wp\/v2\/users\/2"}],"replies":[{"embeddable":true,"href":"https:\/\/www.europesays.com\/es\/wp-json\/wp\/v2\/comments?post=147780"}],"version-history":[{"count":0,"href":"https:\/\/www.europesays.com\/es\/wp-json\/wp\/v2\/posts\/147780\/revisions"}],"wp:featuredmedia":[{"embeddable":true,"href":"https:\/\/www.europesays.com\/es\/wp-json\/wp\/v2\/media\/147781"}],"wp:attachment":[{"href":"https:\/\/www.europesays.com\/es\/wp-json\/wp\/v2\/media?parent=147780"}],"wp:term":[{"taxonomy":"category","embeddable":true,"href":"https:\/\/www.europesays.com\/es\/wp-json\/wp\/v2\/categories?post=147780"},{"taxonomy":"post_tag","embeddable":true,"href":"https:\/\/www.europesays.com\/es\/wp-json\/wp\/v2\/tags?post=147780"}],"curies":[{"name":"wp","href":"https:\/\/api.w.org\/{rel}","templated":true}]}}