{"id":147791,"date":"2025-09-30T03:53:10","date_gmt":"2025-09-30T03:53:10","guid":{"rendered":"https:\/\/www.europesays.com\/es\/147791\/"},"modified":"2025-09-30T03:53:10","modified_gmt":"2025-09-30T03:53:10","slug":"ralf-schumacher-critica-a-cadillac-por-elegir-a-checo-perez-y-bottas-para-2026","status":"publish","type":"post","link":"https:\/\/www.europesays.com\/es\/147791\/","title":{"rendered":"Ralf Schumacher critica a Cadillac por elegir a Checo P\u00e9rez y Bottas para 2026"},"content":{"rendered":"<p data-start=\"0\" data-end=\"377\"><a href=\"https:\/\/www.record.com.mx\/formula1\/cadillac-busca-jak-crawford-para-ser-la-reserva-de-checo-perez-la-siguiente-campana\" rel=\"nofollow noopener\" target=\"_blank\"><strong data-start=\"0\" data-end=\"15\">Cadillac<\/strong><\/a> prepara su <strong data-start=\"27\" data-end=\"75\">debut en la F\u00f3rmula 1 para la temporada 2026<\/strong> con una estrategia basada en la <strong data-start=\"108\" data-end=\"123\">experiencia<\/strong>. La escuder\u00eda estadounidense, que ser\u00e1 la <strong data-start=\"166\" data-end=\"194\">n\u00famero 11 en la parrilla<\/strong>, ha apostado por <strong data-start=\"212\" data-end=\"236\">Sergio \u2018Checo\u2019 P\u00e9rez<\/strong> y <strong data-start=\"239\" data-end=\"258\">Valtteri Bottas<\/strong> como sus primeros pilotos, buscando acortar el tiempo de adaptaci\u00f3n al m\u00e1s alto nivel del <strong data-start=\"349\" data-end=\"374\">automovilismo mundial<\/strong>.<\/p>\n<p data-start=\"379\" data-end=\"753\">La elecci\u00f3n, sin embargo, ha despertado <strong data-start=\"419\" data-end=\"453\">cuestionamientos en el paddock<\/strong>. Si bien ambos suman <strong data-start=\"475\" data-end=\"517\">16 triunfos en 527 carreras disputadas<\/strong>, sus \u00faltimos a\u00f1os en la <a href=\"https:\/\/www.record.com.mx\/formula1\" rel=\"nofollow noopener\" target=\"_blank\"><strong data-start=\"542\" data-end=\"555\">F\u00f3rmula 1<\/strong><\/a> estuvieron lejos de ser exitosos. <a href=\"https:\/\/www.record.com.mx\/tags\/sergio-checo-perez\" rel=\"nofollow noopener\" target=\"_blank\"><strong data-start=\"590\" data-end=\"634\">Checo P\u00e9rez<\/strong><\/a><strong data-start=\"590\" data-end=\"634\"> finaliz\u00f3 octavo con Red Bull<\/strong> en la \u00faltima temporada, mientras que <strong data-start=\"672\" data-end=\"750\">Bottas no consigui\u00f3 un solo punto en las 24 carreras disputadas con Sauber<\/strong>.<\/p>\n<p><img loading=\"lazy\" decoding=\"async\" data-entity-uuid=\"d55fc897-7830-45fb-8fb3-400507d5fcb6\" data-entity-type=\"file\" src=\"https:\/\/www.europesays.com\/es\/wp-content\/uploads\/2025\/09\/20070206_768 (1).jpg\" width=\"800\" height=\"522\" data-caption=\"Schumacher no est\u00e1 de acuerdo con el regreso de los dos pilotos de Cadillac | MexSport\"\/><\/p>\n<p>Schumacher no est\u00e1 de acuerdo con el regreso de los dos pilotos de Cadillac | MexSport<\/p>\n<p><strong data-start=\"755\" data-end=\"808\">Ralf Schumacher cuestiona la elecci\u00f3n de Cadillac<\/strong><\/p>\n<p data-start=\"812\" data-end=\"1147\">El analista y expiloto de <strong data-start=\"838\" data-end=\"868\">F\u00f3rmula 1, Ralf Schumacher<\/strong>, no tard\u00f3 en expresar sus dudas sobre la dupla elegida por <strong data-start=\"928\" data-end=\"940\">Cadillac<\/strong>. Seg\u00fan explic\u00f3 en declaraciones a t-online, la <strong data-start=\"990\" data-end=\"1023\">experiencia de P\u00e9rez y Bottas<\/strong> es incuestionable, pero sus <strong data-start=\"1052\" data-end=\"1076\">recientes desempe\u00f1os<\/strong> generan incertidumbre sobre su verdadera competitividad en la pista.<\/p>\n<p data-start=\"1149\" data-end=\"1487\">\u201c<strong data-start=\"1150\" data-end=\"1298\">La \u00fanica pregunta es si ambos todav\u00eda tienen velocidad. Despu\u00e9s de todo, el \u00faltimo a\u00f1o de ambos no fue particularmente bueno, por decir lo menos<\/strong>\u201d, asegur\u00f3 <strong data-start=\"1309\" data-end=\"1323\">Schumacher<\/strong>. El alem\u00e1n considera que <strong data-start=\"1349\" data-end=\"1361\">Cadillac<\/strong> pudo haber apostado por una f\u00f3rmula distinta que combinara la <strong data-start=\"1424\" data-end=\"1468\">veteran\u00eda con el talento joven emergente<\/strong> en la categor\u00eda.<\/p>\n<p data-start=\"1489\" data-end=\"1820\">Adem\u00e1s, <strong data-start=\"1497\" data-end=\"1511\">Schumacher<\/strong> destac\u00f3 que su sobrino <strong data-start=\"1535\" data-end=\"1554\">Mick Schumacher<\/strong>, quien tambi\u00e9n fue candidato para un asiento en <strong data-start=\"1603\" data-end=\"1615\">Cadillac<\/strong>, pudo haber sido una mejor opci\u00f3n. El <strong data-start=\"1654\" data-end=\"1675\">ex piloto de Haas<\/strong>, actualmente ligado al <strong data-start=\"1699\" data-end=\"1736\">Campeonato Mundial de Resistencia<\/strong>, habr\u00eda aportado <strong data-start=\"1754\" data-end=\"1766\">juventud<\/strong> y una <strong data-start=\"1773\" data-end=\"1794\">visi\u00f3n m\u00e1s fresca<\/strong> para el nuevo proyecto.<\/p>\n<p><img loading=\"lazy\" decoding=\"async\" data-entity-uuid=\"1ce3a77e-35ab-4718-8226-54b0c2dabf2d\" data-entity-type=\"file\" src=\"https:\/\/www.europesays.com\/es\/wp-content\/uploads\/2025\/09\/Gz2lloSXsAAHA85 (1).jpg\" width=\"640\" height=\"800\" data-caption=\"Bottas y P\u00e9rez son parte del nuevo equipo de F1 | X: @Cadillac_F1\"\/><\/p>\n<p>Bottas y P\u00e9rez son parte del nuevo equipo de F1 | X: @Cadillac_F1<\/p>\n<p><strong>Cadillac ya trabaja rumbo a 2026<\/strong><\/p>\n<p data-start=\"1862\" data-end=\"2115\">M\u00e1s all\u00e1 de las cr\u00edticas, <strong data-start=\"1888\" data-end=\"1903\">Cadillac F1<\/strong> contin\u00faa con su <strong data-start=\"1920\" data-end=\"1935\">preparaci\u00f3n<\/strong>. La escuder\u00eda ya trabaja intensamente en el <strong data-start=\"1980\" data-end=\"2005\">simulador de carreras<\/strong> para comenzar a recopilar datos y acortar la curva de aprendizaje que implica un <strong data-start=\"2087\" data-end=\"2112\">debut en la F\u00f3rmula 1<\/strong>.<\/p>\n<p data-start=\"2117\" data-end=\"2451\">En este sentido, <strong data-start=\"2134\" data-end=\"2150\">Sergio P\u00e9rez<\/strong> ha tomado la delantera en el <strong data-start=\"2180\" data-end=\"2194\">desarrollo<\/strong>, ya que actualmente se encuentra <strong data-start=\"2228\" data-end=\"2264\">libre tras su salida de Red Bull<\/strong>. El <strong data-start=\"2269\" data-end=\"2281\">mexicano<\/strong> ha pasado tiempo en la base del equipo en <strong data-start=\"2324\" data-end=\"2339\">Silverstone<\/strong>, colaborando directamente con los <strong data-start=\"2374\" data-end=\"2388\">ingenieros<\/strong> para definir el rumbo t\u00e9cnico de los <strong data-start=\"2426\" data-end=\"2448\">monoplazas de 2026<\/strong>.<\/p>\n<p><img loading=\"lazy\" decoding=\"async\" data-entity-uuid=\"36e22405-48e5-4038-8dad-8e6eaaa8e12d\" data-entity-type=\"file\" src=\"https:\/\/www.europesays.com\/es\/wp-content\/uploads\/2025\/09\/20070206_765 (1).jpg\" width=\"800\" height=\"505\" data-caption=\"Veh\u00edculo de Michael Schumacher | MexSport\"\/><\/p>\n<p>Veh\u00edculo de Michael Schumacher | MexSport<\/p>\n<p data-start=\"2453\" data-end=\"2838\">Por su parte, <strong data-start=\"2467\" data-end=\"2486\">Valtteri Bottas<\/strong> combina su rol como <strong data-start=\"2507\" data-end=\"2526\">piloto Cadillac<\/strong> con sus responsabilidades como <strong data-start=\"2558\" data-end=\"2588\">piloto reserva en Mercedes<\/strong>, lo que podr\u00eda limitar su presencia en esta primera etapa de trabajo. Sin embargo, su <strong data-start=\"2675\" data-end=\"2699\">conocimiento t\u00e9cnico<\/strong> y su pasado como <strong data-start=\"2717\" data-end=\"2778\">escudero de Lewis Hamilton en un equipo campe\u00f3n del mundo<\/strong> son activos que <strong data-start=\"2795\" data-end=\"2807\">Cadillac<\/strong> espera aprovechar al m\u00e1ximo.<\/p>\n<p data-start=\"2840\" data-end=\"3225\" data-is-last-node=\"\" data-is-only-node=\"\">Con <strong data-start=\"2844\" data-end=\"2871\">cr\u00edticas y expectativas<\/strong> a la par, el proyecto <strong data-start=\"2894\" data-end=\"2909\">Cadillac F1<\/strong> se perfila como uno de los <strong data-start=\"2937\" data-end=\"2966\">grandes focos de atenci\u00f3n<\/strong> para el inicio de la <strong data-start=\"2988\" data-end=\"3025\">nueva era de la F\u00f3rmula 1 en 2026<\/strong>. La gran inc\u00f3gnita ser\u00e1 si la <strong data-start=\"3056\" data-end=\"3095\">experiencia de Checo P\u00e9rez y Bottas<\/strong> ser\u00e1 suficiente para dar resultados inmediatos o si las <strong data-start=\"3152\" data-end=\"3192\">dudas planteadas por Ralf Schumacher<\/strong> se har\u00e1n realidad en la pista.<\/p>\n<p><img loading=\"lazy\" decoding=\"async\" data-entity-uuid=\"349b1189-da20-449a-bb37-7ae4ea055aaa\" data-entity-type=\"file\" src=\"https:\/\/www.europesays.com\/es\/wp-content\/uploads\/2025\/09\/Gz2li2jXwAAQcHN_0.jpg\" width=\"640\" height=\"800\" data-caption=\"Nueva etapa para los pilotos en su regreso | X: @Cadillac_F1\"\/><\/p>\n<p>Nueva etapa para los pilotos en su regreso | X: @Cadillac_F1<\/p>\n","protected":false},"excerpt":{"rendered":"Cadillac prepara su debut en la F\u00f3rmula 1 para la temporada 2026 con una estrategia basada en la&hellip;\n","protected":false},"author":2,"featured_media":147792,"comment_status":"","ping_status":"","sticky":false,"template":"","format":"standard","meta":{"footnotes":""},"categories":[270],"tags":[168,25,24,306,271,272,6480,23,167],"class_list":{"0":"post-147791","1":"post","2":"type-post","3":"status-publish","4":"format-standard","5":"has-post-thumbnail","7":"category-formula-1","8":"tag-deportes","9":"tag-es","10":"tag-espana","11":"tag-f1","12":"tag-formula-1","13":"tag-formula1","14":"tag-sergio-checo-perez","15":"tag-spain","16":"tag-sports"},"share_on_mastodon":{"url":"","error":""},"_links":{"self":[{"href":"https:\/\/www.europesays.com\/es\/wp-json\/wp\/v2\/posts\/147791","targetHints":{"allow":["GET"]}}],"collection":[{"href":"https:\/\/www.europesays.com\/es\/wp-json\/wp\/v2\/posts"}],"about":[{"href":"https:\/\/www.europesays.com\/es\/wp-json\/wp\/v2\/types\/post"}],"author":[{"embeddable":true,"href":"https:\/\/www.europesays.com\/es\/wp-json\/wp\/v2\/users\/2"}],"replies":[{"embeddable":true,"href":"https:\/\/www.europesays.com\/es\/wp-json\/wp\/v2\/comments?post=147791"}],"version-history":[{"count":0,"href":"https:\/\/www.europesays.com\/es\/wp-json\/wp\/v2\/posts\/147791\/revisions"}],"wp:featuredmedia":[{"embeddable":true,"href":"https:\/\/www.europesays.com\/es\/wp-json\/wp\/v2\/media\/147792"}],"wp:attachment":[{"href":"https:\/\/www.europesays.com\/es\/wp-json\/wp\/v2\/media?parent=147791"}],"wp:term":[{"taxonomy":"category","embeddable":true,"href":"https:\/\/www.europesays.com\/es\/wp-json\/wp\/v2\/categories?post=147791"},{"taxonomy":"post_tag","embeddable":true,"href":"https:\/\/www.europesays.com\/es\/wp-json\/wp\/v2\/tags?post=147791"}],"curies":[{"name":"wp","href":"https:\/\/api.w.org\/{rel}","templated":true}]}}