{"id":147797,"date":"2025-09-30T03:56:08","date_gmt":"2025-09-30T03:56:08","guid":{"rendered":"https:\/\/www.europesays.com\/es\/147797\/"},"modified":"2025-09-30T03:56:08","modified_gmt":"2025-09-30T03:56:08","slug":"asi-es-la-presentadora-que-sustituira-a-roberto-vilar-en-quen-anda-ai","status":"publish","type":"post","link":"https:\/\/www.europesays.com\/es\/147797\/","title":{"rendered":"as\u00ed es la presentadora que sustituir\u00e1 a Roberto Vilar en &#8216;Quen anda a\u00ed?&#8217;"},"content":{"rendered":"<p><strong>Quen anda a\u00ed? <\/strong>ha confirmado este lunes\u00a0qui\u00e9n ser\u00e1 la nueva copresentadora\u00a0del programa vespertino\u00a0de Televisi\u00f3n de Galicia.\u00a0<a target=\"_blank\" href=\"https:\/\/www.elprogreso.es\/tags\/beatriz-manjon\/\" rel=\"nofollow noopener\"><strong>Beatriz Manj\u00f3n<\/strong><\/a>, reconocida presentadora ferrolana, tomar\u00e1 las riendas del espacio tras la marcha de <a target=\"_blank\" href=\"https:\/\/www.elprogreso.es\/tags\/roberto-vilar\/\" rel=\"nofollow noopener\"><strong>Roberto Vilar<\/strong><\/a>, quien ha estado al frente del formato durante los \u00faltimos seis a\u00f1os. El anuncio se produjo durante la emisi\u00f3n del programa este lunes, donde la nueva presentadora hizo una entrada espectacular a bordo de un<strong> tractor <\/strong>conducido por Isi, marcando as\u00ed el inicio de esta nueva etapa.<\/p>\n<blockquote class=\"instagram-media\" data-instgrm-captioned=\"\" data-instgrm-permalink=\"https:\/\/www.instagram.com\/p\/DPMNKSWAjSz\/?utm_source=ig_embed&amp;utm_campaign=loading\" data-instgrm-version=\"14\" style=\" background:#FFF; border:0; border-radius:3px; box-shadow:0 0 1px 0 rgba(0,0,0,0.5),0 1px 10px 0 rgba(0,0,0,0.15); margin: 1px; max-width:540px; min-width:326px; padding:0; width:99.375%; width:-webkit-calc(100% - 2px); width:calc(100% - 2px);\">\n<\/blockquote>\n<p>La incorporaci\u00f3n de Manj\u00f3n supone un regreso a la conducci\u00f3n de programas tras<strong> una d\u00e9cada alejada <\/strong>de estas funciones. Durante su presentaci\u00f3n, la comunicadora no dud\u00f3 en mostrar su entusiasmo a pesar de los nervios iniciales: \u00abDespois dunha d\u00e9cada sen presentar<strong> estou como en pr\u00e1cticas. Estou co L\u00bb,<\/strong> declar\u00f3 ante las c\u00e1maras, evidenciando una mezcla de ilusi\u00f3n y responsabilidad por el nuevo desaf\u00edo profesional que asume.\u00a0<\/p>\n<p>El equipo de Quen anda a\u00ed?\u00a0dedic\u00f3 unas emotivas<strong> palabras de agradecimiento<\/strong> al c\u00f3mico mari\u00f1ano: \u00abDespu\u00e9s de seis a\u00f1os de risas, grandes momentos y de presentar Quen anda a\u00ed?\u00a0desde sus inicios, Roberto Vilar se despide del programa. La energ\u00eda y alegr\u00eda de Roberto ha marcado cada tarde y es por ello que estamos agradecidos por estos inolvidables a\u00f1os. Te deseamos de todo coraz\u00f3n el mayor de los \u00e9xitos en todo lo que venga\u00bb.\u00a0<\/p>\n<p>La nueva etapa de Quen anda a\u00ed?\u00a0con Beatriz Manj\u00f3n<\/p>\n<p>Beatriz Manj\u00f3n no estar\u00e1 sola en esta <strong>nueva aventura televisiva <\/strong>que comienza. La comunicadora ferrolana compartir\u00e1 la conducci\u00f3n del programa con <strong>Juan Fuentes<\/strong>, quien ya formaba parte del equipo, y con <strong>Raquel Atanes, Marcial Mouzo y Eva Iglesias.\u00a0<\/strong>Esta f\u00f3rmula de copresentaci\u00f3n busca mantener la esencia del formato mientras se renueva su imagen y din\u00e1mica.<\/p>\n<p>La carrera de Manj\u00f3n en la <b>Televisi\u00f3n de Galicia no comienza con<\/b> este nombramiento, ya que se trata de una profesional con amplia experiencia en la cadena auton\u00f3mica. Su rostro ya era familiar para los espectadores gallegos gracias a su participaci\u00f3n en diversos formatos a lo largo de los a\u00f1os como\u00a0Bravo polos amigos (2002) Noite Brava (2004),\u00a0Noitem\u00f3bil (2006),\u00a0Buscando estrelas o A Revista Fin de Semana.\u00a0<\/p>\n<p>Adem\u00e1s ha trabajado en otras cadenas de televisi\u00f3n como TVE, Antena 3, Canal Sur, Canal 7 Regi\u00f3n de Murcia y\u00a0 Canal Nou.<\/p>\n<p>\u00a0<\/p>\n<p>                        <script async src=\"\/\/www.instagram.com\/embed.js\"><\/script><\/p>\n","protected":false},"excerpt":{"rendered":"Quen anda a\u00ed? ha confirmado este lunes\u00a0qui\u00e9n ser\u00e1 la nueva copresentadora\u00a0del programa vespertino\u00a0de Televisi\u00f3n de Galicia.\u00a0Beatriz Manj\u00f3n, reconocida&hellip;\n","protected":false},"author":2,"featured_media":147798,"comment_status":"","ping_status":"","sticky":false,"template":"","format":"standard","meta":{"footnotes":""},"categories":[174],"tags":[45245,255,146,147,25,24,256,260,12648,45244,23,4132],"class_list":{"0":"post-147797","1":"post","2":"type-post","3":"status-publish","4":"format-standard","5":"has-post-thumbnail","7":"category-famosos","8":"tag-beatriz-manjon","9":"tag-celebrities","10":"tag-entertainment","11":"tag-entretenimiento","12":"tag-es","13":"tag-espana","14":"tag-famosos","15":"tag-gente","16":"tag-ia-news","17":"tag-roberto-vilar","18":"tag-spain","19":"tag-tvg"},"share_on_mastodon":{"url":"","error":""},"_links":{"self":[{"href":"https:\/\/www.europesays.com\/es\/wp-json\/wp\/v2\/posts\/147797","targetHints":{"allow":["GET"]}}],"collection":[{"href":"https:\/\/www.europesays.com\/es\/wp-json\/wp\/v2\/posts"}],"about":[{"href":"https:\/\/www.europesays.com\/es\/wp-json\/wp\/v2\/types\/post"}],"author":[{"embeddable":true,"href":"https:\/\/www.europesays.com\/es\/wp-json\/wp\/v2\/users\/2"}],"replies":[{"embeddable":true,"href":"https:\/\/www.europesays.com\/es\/wp-json\/wp\/v2\/comments?post=147797"}],"version-history":[{"count":0,"href":"https:\/\/www.europesays.com\/es\/wp-json\/wp\/v2\/posts\/147797\/revisions"}],"wp:featuredmedia":[{"embeddable":true,"href":"https:\/\/www.europesays.com\/es\/wp-json\/wp\/v2\/media\/147798"}],"wp:attachment":[{"href":"https:\/\/www.europesays.com\/es\/wp-json\/wp\/v2\/media?parent=147797"}],"wp:term":[{"taxonomy":"category","embeddable":true,"href":"https:\/\/www.europesays.com\/es\/wp-json\/wp\/v2\/categories?post=147797"},{"taxonomy":"post_tag","embeddable":true,"href":"https:\/\/www.europesays.com\/es\/wp-json\/wp\/v2\/tags?post=147797"}],"curies":[{"name":"wp","href":"https:\/\/api.w.org\/{rel}","templated":true}]}}