{"id":147816,"date":"2025-09-30T04:08:11","date_gmt":"2025-09-30T04:08:11","guid":{"rendered":"https:\/\/www.europesays.com\/es\/147816\/"},"modified":"2025-09-30T04:08:11","modified_gmt":"2025-09-30T04:08:11","slug":"el-combate-en-torno-a-la-inmigracion-no-se-ganara-por-puntos","status":"publish","type":"post","link":"https:\/\/www.europesays.com\/es\/147816\/","title":{"rendered":"El combate en torno a la inmigraci\u00f3n no se ganar\u00e1 por puntos"},"content":{"rendered":"<p><a class=\"a2a_button_facebook\" href=\"https:\/\/www.addtoany.com\/add_to\/facebook?linkurl=https%3A%2F%2Feconomistasfrentealacrisis.com%2Fel-combate-en-torno-a-la-inmigracion-no-se-ganara-por-puntos%2F&amp;linkname=El%20combate%20en%20torno%20a%20la%20inmigraci%C3%B3n%20no%20se%20ganar%C3%A1%20por%20puntos\" title=\"Facebook\" rel=\"nofollow noopener\" target=\"_blank\"><a class=\"a2a_button_twitter\" href=\"https:\/\/www.addtoany.com\/add_to\/twitter?linkurl=https%3A%2F%2Feconomistasfrentealacrisis.com%2Fel-combate-en-torno-a-la-inmigracion-no-se-ganara-por-puntos%2F&amp;linkname=El%20combate%20en%20torno%20a%20la%20inmigraci%C3%B3n%20no%20se%20ganar%C3%A1%20por%20puntos\" title=\"Twitter\" rel=\"nofollow noopener\" target=\"_blank\"><a class=\"a2a_button_email\" href=\"https:\/\/www.addtoany.com\/add_to\/email?linkurl=https%3A%2F%2Feconomistasfrentealacrisis.com%2Fel-combate-en-torno-a-la-inmigracion-no-se-ganara-por-puntos%2F&amp;linkname=El%20combate%20en%20torno%20a%20la%20inmigraci%C3%B3n%20no%20se%20ganar%C3%A1%20por%20puntos\" title=\"Email\" rel=\"nofollow noopener\" target=\"_blank\"><a class=\"a2a_button_whatsapp\" href=\"https:\/\/www.addtoany.com\/add_to\/whatsapp?linkurl=https%3A%2F%2Feconomistasfrentealacrisis.com%2Fel-combate-en-torno-a-la-inmigracion-no-se-ganara-por-puntos%2F&amp;linkname=El%20combate%20en%20torno%20a%20la%20inmigraci%C3%B3n%20no%20se%20ganar%C3%A1%20por%20puntos\" title=\"WhatsApp\" rel=\"nofollow noopener\" target=\"_blank\"><a class=\"a2a_button_meneame\" href=\"https:\/\/www.addtoany.com\/add_to\/meneame?linkurl=https%3A%2F%2Feconomistasfrentealacrisis.com%2Fel-combate-en-torno-a-la-inmigracion-no-se-ganara-por-puntos%2F&amp;linkname=El%20combate%20en%20torno%20a%20la%20inmigraci%C3%B3n%20no%20se%20ganar%C3%A1%20por%20puntos\" title=\"Meneame\" rel=\"nofollow noopener\" target=\"_blank\"><a class=\"a2a_dd a2a_counter addtoany_share_save addtoany_share\" href=\"https:\/\/www.addtoany.com\/share\" rel=\"nofollow noopener\" target=\"_blank\"><img decoding=\"async\" data-recalc-dims=\"1\" src=\"https:\/\/www.europesays.com\/es\/wp-content\/uploads\/2025\/09\/favicon.png\" alt=\"Share\"\/><\/a><\/p>\n<p>\u00a0<\/p>\n<p>Desde que se inici\u00f3 la llegada de importantes flujos de inmigrantes, al alba del nuevo milenio, Espa\u00f1a ha adoptado un nuevo modelo de crecimiento demogr\u00e1fico cuyos resultados contradicen todas las proyecciones de poblaci\u00f3n anteriores. Nuestra pooblaci\u00f3n crece por encima de la de muchos pa\u00edses de nuestro entorno. El n\u00famero de ocupados y de cotizantes a la Seguridad Social aumenta, en contra de los interesados vaticinios de los que ve\u00edan a la vuelta de la esquina la ruina de nuestro sistema de protecci\u00f3n social, debido al aumento del n\u00famero de viejos y a la inevitable, seg\u00fan ellos, ca\u00edda de la poblaci\u00f3n de adultos en edad de trabajar. Nuestra demograf\u00eda funciona. Pero funciona de una manera distinta a la que nos ha habituado la historia. El crecimiento de la poblaci\u00f3n, o al menos su mantenimiento, no surge de las familias, que est\u00e1n muy lejos de renovarse, puesto que una pareja trae ahora al mundo, en promedio, 1,2 hijos. Nuestra poblaci\u00f3n se renueva hoy por la v\u00eda del mercado de trabajo: llegan inmigrantes deseosos de trabajar y terminan asent\u00e1ndose, trayendo a su familia, o formando una, e integrando la poblaci\u00f3n espa\u00f1ola con un buen n\u00famero adoptando la nacionalidad. Este modelo, que lleva funcionando de facto en Espa\u00f1a m\u00e1s de 25 a\u00f1os, tiene ventajas e inconvenientes. La principal ventaja es evitar que, si se prolonga indefinidamente la baja fecundidad, los espa\u00f1oles acaben por desaparecer de la faz de la tierra o, por lo menos, vayan siendo cada vez menos, con una carga de mayores insostenible. Otra gran ventaja es que nos llegan personas dispuestas a trabajar, cuya crianza y formaci\u00f3n la han costeado otros pa\u00edses. La adecuaci\u00f3n de la formaci\u00f3n, a la demanda del mercado de trabajo no constituye un obst\u00e1culo en s\u00ed ya que, por las peculiaridades de este mercado, se crean empleos que ocupan sobre todo los inmigrantes, para los que estos no compiten con los aut\u00f3ctonos.Una selecci\u00f3n de inmigrantes en funci\u00f3n de las necesidades del mercado de trabajo solo afectar\u00eda a efectivos muy reducidos, en sectores con escasez de oferta de trabajo suficientemente cualificada como, por ejemplo, ciertas ingenier\u00edas. Nada que ver con la entrada de varios cientos de miles de personas cada a\u00f1o que se insertan y forman en nuestro sistema productivo.<\/p>\n<p>S\u00ed se puede contar entre los incovenientes que esa crianza que nos sale gratis entra\u00f1a habitualmente costumbres, pr\u00e1cticas religiosas o hablas alejadas de las que imperan mayoritariamente aqu\u00ed. Espa\u00f1a cuenta con la ventaja, que no se da en otros pa\u00edses importantes de la Uni\u00f3n Europea, de que la inmigraci\u00f3n, en su gran mayor\u00eda, proviene de pa\u00edses en los que se habla castellano y se practica la misma religi\u00f3n<a href=\"#_edn1\" name=\"_ednref1\">[1]<\/a>.<\/p>\n<p>Otro rasgo, menos aparente, pero que debe preocupar, es que la llegada neta de inmigrantes en un a\u00f1o dado va a depender de la situaci\u00f3n econ\u00f3mica, a trav\u00e9s del mercado de trabajo. Si esto interesa indudablemente a las empresas, para las que representa un mecanismo de ajuste de las plantillas muy flexible, no lo es tanto para nuestra demograf\u00eda. Cuando la poblaci\u00f3n se alimenta fundamentalmente de nacimientos, su evoluci\u00f3n es regular, porque no se producen, salvo circunstancias excepcionales, variaciones bruscas en el n\u00famero de nacidos cada a\u00f1o. Cuando la evoluci\u00f3n demogr\u00e1fica depende de las necesidades del mercado de trabajo, s\u00ed que pueden producirse variaciones importantes de las entradas entre a\u00f1os de crisis y a\u00f1os de bonanza econ\u00f3mica. Lo que puede parecer bueno para el mercado de trabajo se traduce en posibles desequilibrios en la estructura por edades y en el ritmo de crecimiento de la poblaci\u00f3n.<\/p>\n<p style=\"text-align: center;\"><img data-recalc-dims=\"1\" loading=\"lazy\" decoding=\"async\" class=\"size-medium wp-image-230213 alignleft\" src=\"https:\/\/www.europesays.com\/es\/wp-content\/uploads\/2025\/09\/in-Sin-titulo.jpg\" alt=\"\" width=\"300\" height=\"192\"  \/><\/p>\n<p>Se deduce de lo anterior que, lejos de ligar todav\u00eda m\u00e1s la inmigraci\u00f3n al mercado de trabajo, algo que ya funciona razonablemente bien, lo que importa realmente es como asegurarse de que los que vienen a trabajar accedan a la plena ciudadan\u00eda. El modelo del \u201cgastarbeiter\u201d (trabajador invitado, literalmente), aplicado a los trabajadores que llegaron a Alemania entre los a\u00f1os cincuenta y setenta, nunca funcion\u00f3: entre los que ven\u00edan a cubrir huecos en el mercado de trabajo con expectativa temporal, la mayor\u00eda permaneci\u00f3 en el pa\u00eds de forma permanente, sin acceder al estatus de ciudadano.<\/p>\n<p>El pleno acceso de los inmigrantes a la ciudadan\u00eda es el verdadero reto para una pol\u00edtica de inmigraci\u00f3n eficaz. Es necesario aceptar, con todas sus consecuencias, el cambio de modelo demogr\u00e1fico. El deficit de nacimientos se est\u00e1 cubriendo con llegadas continuadas de inmigrantes que vienen a trabajar y se integran en la poblaci\u00f3n. La pol\u00edtica inmigratoria debe fijarse esa integraci\u00f3n como \u00fanico objetivo: no son preocupantes los flujos de llegada, que hasta ahora no superan la capacidad de integraci\u00f3n en el mercado de trabajo, no es preocupante la situaci\u00f3n irregular de muchos de ellos, que se debe a la escasez de v\u00edas de acceso con plena legalidad y a la lentitud de los procesos administrativos que regularizan a ciertas categor\u00edas, como los demandantes de asilo, y que es posible solucionar mediante regularizaciones, de car\u00e1cter peri\u00f3dico si es necesario. Solo es realmente preocupante la instrumentalizaci\u00f3n de la inmigraci\u00f3n por los partidos de la derecha, en una pugna cainita, para intentar rascar votos. Es un comportamiento que va directamente en contra de los intereses de nuestra naci\u00f3n y que, adem\u00e1s puede crear conflictos internos innecesarios, no deseados ni por los inmigrantes ni por la mayor\u00eda del resto de los ciudadanos.<\/p>\n<p>En esto d\u00edas el Partido Popular ha aprobado una llamada \u201cDeclaraci\u00f3n de Murcia\u201d por la que anuncia un mayor endurecimiento de su pol\u00edtica hacia la inmigraci\u00f3n. Restringe las entradas, discrimina a los inmigrantes que cometen delitos con relaci\u00f3n al resto de la poblaci\u00f3n y, en general, favorece la suspicacia, la desconfianza hacia un colectivo que Espa\u00f1a necesita y que ni suplanta a trabajadores espa\u00f1oles ni delinque m\u00e1s que el resto de quienes residen en Espa\u00f1a. Un colectivo que aporta mucho a nuestro PIB y es esencial para nuestra continuidad como poblaci\u00f3n. Esta \u201cDeclaraci\u00f3n\u201d y otros pronunciamientos anteriores denotan la ausencia de miras de una derecha supuestamente moderada que, lejos de ver en la inmigraci\u00f3n un problema de Estado, no duda en utilizarla para intereses cortoplacistas, a riesgo incluso de equivocarse y ser superado por el discurso m\u00e1s desacomplejado de su rival de la ultraderecha.<\/p>\n<p>Es una iron\u00eda de la Historia que esta \u201cDeclaraci\u00f3n\u201d haya visto la luz en la regi\u00f3n que aliment\u00f3 a Catalu\u00f1a de inmigrantes, que recib\u00edan el nombre gen\u00e9rico de \u201cmurcianos\u201d. All\u00ed llegaban a trabajar, sin conocer el idioma, con costumbres que, a\u00fan hoy, son despreciadas por algunos catalanes. Sin embargo, la inteligencia del sistema catal\u00e1n los integr\u00f3, primero como trabajadores, muchos en las categor\u00edas m\u00e1s bajas, y progresivamente como ciudadanos y ciudadanas, que fueron escalando posiciones y criando hijos catalanes. Las autoridades murcianas, hoy del Partido Popular, no deber\u00edan olvidar la historia de su pueblo y ganar\u00edan en prestar el nombre de esa regi\u00f3n a una pol\u00edtica de integraci\u00f3n inteligente y humana y no a unos prop\u00f3sitos marcados por la xenofobia y el oportunismo.<\/p>\n<p><a href=\"#_ednref1\" name=\"_edn1\">[1]<\/a> Aunque convendr\u00eda analizar la creciente influencia del evangelismo entre los inmigrados de origen latinoam\u00e9ricano.<\/p>\n","protected":false},"excerpt":{"rendered":"\u00a0 Desde que se inici\u00f3 la llegada de importantes flujos de inmigrantes, al alba del nuevo milenio, Espa\u00f1a&hellip;\n","protected":false},"author":2,"featured_media":147817,"comment_status":"","ping_status":"","sticky":false,"template":"","format":"standard","meta":{"footnotes":""},"categories":[8],"tags":[17,18,25,24,13,14,11,19,20,9,10,15,16,23,12,21,22],"class_list":{"0":"post-147816","1":"post","2":"type-post","3":"status-publish","4":"format-standard","5":"has-post-thumbnail","7":"category-espana","8":"tag-breaking-news","9":"tag-breakingnews","10":"tag-es","11":"tag-espana","12":"tag-featured-news","13":"tag-featurednews","14":"tag-headlines","15":"tag-latest-news","16":"tag-latestnews","17":"tag-news","18":"tag-noticias","19":"tag-noticias-destacadas","20":"tag-noticiasdestacadas","21":"tag-spain","22":"tag-titulares","23":"tag-ultimas-noticias","24":"tag-ultimasnoticias"},"share_on_mastodon":{"url":"","error":""},"_links":{"self":[{"href":"https:\/\/www.europesays.com\/es\/wp-json\/wp\/v2\/posts\/147816","targetHints":{"allow":["GET"]}}],"collection":[{"href":"https:\/\/www.europesays.com\/es\/wp-json\/wp\/v2\/posts"}],"about":[{"href":"https:\/\/www.europesays.com\/es\/wp-json\/wp\/v2\/types\/post"}],"author":[{"embeddable":true,"href":"https:\/\/www.europesays.com\/es\/wp-json\/wp\/v2\/users\/2"}],"replies":[{"embeddable":true,"href":"https:\/\/www.europesays.com\/es\/wp-json\/wp\/v2\/comments?post=147816"}],"version-history":[{"count":0,"href":"https:\/\/www.europesays.com\/es\/wp-json\/wp\/v2\/posts\/147816\/revisions"}],"wp:featuredmedia":[{"embeddable":true,"href":"https:\/\/www.europesays.com\/es\/wp-json\/wp\/v2\/media\/147817"}],"wp:attachment":[{"href":"https:\/\/www.europesays.com\/es\/wp-json\/wp\/v2\/media?parent=147816"}],"wp:term":[{"taxonomy":"category","embeddable":true,"href":"https:\/\/www.europesays.com\/es\/wp-json\/wp\/v2\/categories?post=147816"},{"taxonomy":"post_tag","embeddable":true,"href":"https:\/\/www.europesays.com\/es\/wp-json\/wp\/v2\/tags?post=147816"}],"curies":[{"name":"wp","href":"https:\/\/api.w.org\/{rel}","templated":true}]}}