{"id":147818,"date":"2025-09-30T04:12:25","date_gmt":"2025-09-30T04:12:25","guid":{"rendered":"https:\/\/www.europesays.com\/es\/147818\/"},"modified":"2025-09-30T04:12:25","modified_gmt":"2025-09-30T04:12:25","slug":"el-meteorologo-de-la-ser-explica-en-que-se-diferencian-estas-lluvias-en-valencia-de-la-dana-del-29-de-octubre-sociedad","status":"publish","type":"post","link":"https:\/\/www.europesays.com\/es\/147818\/","title":{"rendered":"El meteor\u00f3logo de la SER explica en qu\u00e9 se diferencian estas lluvias en Val\u00e8ncia de la DANA del 29 de octubre | Sociedad"},"content":{"rendered":"<p>La provincia de Val\u00e8ncia ha vuelto a sufrir la peor parte del temporal con 356 litros m2 en pocas horas y reventones t\u00e9rmicos, sobre todo en su litoral. Las comarcas de la Ribera Baixa y La Safor han sido las m\u00e1s castigadas, con 356,8 litros por m2 en 12 horas en Gandia. La lluvia ha vuelto a dejar calles anegadas, inundaciones y problemas en el transporte en toda la provincia.<\/p>\n<p>M\u00e1s informaci\u00f3n<\/p>\n<p>Afortunadamente, la AEMET ha rebajado la alerta a naranja en el litoral valenciano para este martes. Esto se suma al aviso naranja en la costa de Alicante y Murcia y las islas de Mallorca e Ibiza. La isla de Menorca, el interior de Murcia, Valencia y Alicante y el litoral de Castell\u00f3n se mantienen en alerta amarilla por lluvias. \u00abPeligro importante por lluvias muy fuertes y persistentes, sobre todo en la primera mitad del d\u00eda. Por la tarde, en principio, ir\u00e1n a menos\u00bb, ha informado la AEMET sobre la situaci\u00f3n de este martes en las costas de la Comunitat Valenciana, Regi\u00f3n de Murcia e Islas Baleares. <\/p>\n<blockquote class=\"twitter-tweet\">\n<p lang=\"es\" dir=\"ltr\">\ud83d\udfe0 Avisos naranjas en la Comunitat Valenciana, Regi\u00f3n de Murcia y Baleares para el martes 30.<\/p>\n<p>\u26c8\ufe0f Peligro importante por lluvias muy fuertes y persistentes, sobre todo en la primera mitad del d\u00eda. Por la tarde, en principio, ir\u00e1n a menos. <a href=\"https:\/\/t.co\/Mq6oK13fCB\" rel=\"nofollow\">pic.twitter.com\/Mq6oK13fCB<\/a><\/p>\n<p>\u2014 AEMET (@AEMET_Esp) <a href=\"https:\/\/twitter.com\/AEMET_Esp\/status\/1972755718454563207?ref_src=twsrc%5Etfw\" rel=\"nofollow noopener\" target=\"_blank\">September 29, 2025<\/a><\/p><\/blockquote>\n<p>A pesar de las fuertes lluvias, los destrozos han sido menores que los de la tr\u00e1gica tarde la DANA del pasado 29 de octubre que dej\u00f3 227 muertos en la provincia de Val\u00e8ncia. El meteor\u00f3logo de la SER ha explicado en qu\u00e9 se diferencia este temporal que el de hace justo 11 meses. <\/p>\n<p>\u00abEl resultado final es que la repercusi\u00f3n en extensi\u00f3n territorial no es tan grande y la diferencia radica en d\u00f3nde se est\u00e1n centrando las precipitaciones. Hace casi un a\u00f1o cuando la DANA, la lluvia ca\u00eda sobre todo con intensidad y mucha persistencia en la parte m\u00e1s monta\u00f1osa del interior de Valencia, de Castell\u00f3n e incluso de Alicante. Eso hac\u00eda que el agua se acumulara en la cabecera de todos los cauces de agua y despu\u00e9s bajaba con grandes cantidades de agua. Eso hac\u00eda que al final la repercusi\u00f3n fuera mucho m\u00e1s extensa\u00bb, ha explicado Jordi Carb\u00f3 en Hora 25. <\/p>\n<p>Seg\u00fan el meteor\u00f3logo, la diferencia es que en este caso \u00ablas tormentas est\u00e1n sobre el mar y a ratos entran un poco hacia el interior\u00bb. \u00abNo van m\u00e1s all\u00e1, es decir, no es una situaci\u00f3n que sea buena ni mucho menos, pero no es tan perniciosa como lo fue hace un a\u00f1o. Aun as\u00ed, es pr\u00e1cticamente igual de peligrosa\u00bb, ha sentenciado Carb\u00f3 en el programa de Aimar Bretos. <\/p>\n<p>M\u00e1xima alerta en Val\u00e8ncia ante las intensas lluvias<\/p>\n<p>El sur de la provincia de Val\u00e8ncia, en especial localidades como Sueca, Cullera o Gand\u00eda, ha sufrido esta tarde intensas tormentas con m\u00e1s de 350 l\/m2 acumulados en 12 horas. La provincia se ha mantenido en alerta roja hasta esta medianoche y los ciudadanos de las zonas afectadas por la DANA han extremado las precauciones un a\u00f1o despu\u00e9s de la tragedia que se cobr\u00f3 m\u00e1s de 220 muertes en la provincia. <\/p>\n<p>El conseller de Emergencias de la Comunitat Valenciana, Juan Carlos Valderrama, ha informado de que el temporal que azota a la zona de las comarcas de La Safor y la Ribera Baixa se podr\u00eda dirigir hacia el mar, aunque no puede descartarse que lo haga hacia la zona de la DANA. \u00abCualquier viento puede trasladar la lluvia all\u00ed\u00bb, ha informado el conseller. En la Regi\u00f3n de Murcia contin\u00faa la alerta naranja, siendo Molina de Segura la ciudad m\u00e1s afectada con 35 incidencias atendidas. <\/p>\n<p><img decoding=\"async\" src=\"https:\/\/www.europesays.com\/es\/wp-content\/uploads\/2025\/09\/https:\/\/sdmedia.playser.cadenaser.com\/playser\/image\/20259\/29\/1759169980536_1759180180_asset_still.pn.jpeg\" alt=\"La alerta roja por lluvias preocupa a la provincia de Valencia un a\u00f1o despu\u00e9s de la DANA\" width=\"655\"   loading=\"lazy\"\/><\/p>\n<p class=\"tit\">La alerta roja por lluvias preocupa a la provincia de Valencia un a\u00f1o despu\u00e9s de la DANA<\/p>\n<p>00:00:0002:46<\/p>\n<p>El c\u00f3digo iframe se ha copiado en el portapapeles<\/p>\n<p>FacebookTwitterLinkedinWhatsAppCerrar<\/p>\n<p><script async src=\"https:\/\/platform.twitter.com\/widgets.js\" charset=\"utf-8\"><\/script><\/p>\n","protected":false},"excerpt":{"rendered":"La provincia de Val\u00e8ncia ha vuelto a sufrir la peor parte del temporal con 356 litros m2 en&hellip;\n","protected":false},"author":2,"featured_media":147819,"comment_status":"","ping_status":"","sticky":false,"template":"","format":"standard","meta":{"footnotes":""},"categories":[5],"tags":[17,18,25,24,13,14,11,19,20,9,10,15,16,23,12,21,22],"class_list":{"0":"post-147818","1":"post","2":"type-post","3":"status-publish","4":"format-standard","5":"has-post-thumbnail","7":"category-titulares","8":"tag-breaking-news","9":"tag-breakingnews","10":"tag-es","11":"tag-espana","12":"tag-featured-news","13":"tag-featurednews","14":"tag-headlines","15":"tag-latest-news","16":"tag-latestnews","17":"tag-news","18":"tag-noticias","19":"tag-noticias-destacadas","20":"tag-noticiasdestacadas","21":"tag-spain","22":"tag-titulares","23":"tag-ultimas-noticias","24":"tag-ultimasnoticias"},"share_on_mastodon":{"url":"","error":""},"_links":{"self":[{"href":"https:\/\/www.europesays.com\/es\/wp-json\/wp\/v2\/posts\/147818","targetHints":{"allow":["GET"]}}],"collection":[{"href":"https:\/\/www.europesays.com\/es\/wp-json\/wp\/v2\/posts"}],"about":[{"href":"https:\/\/www.europesays.com\/es\/wp-json\/wp\/v2\/types\/post"}],"author":[{"embeddable":true,"href":"https:\/\/www.europesays.com\/es\/wp-json\/wp\/v2\/users\/2"}],"replies":[{"embeddable":true,"href":"https:\/\/www.europesays.com\/es\/wp-json\/wp\/v2\/comments?post=147818"}],"version-history":[{"count":0,"href":"https:\/\/www.europesays.com\/es\/wp-json\/wp\/v2\/posts\/147818\/revisions"}],"wp:featuredmedia":[{"embeddable":true,"href":"https:\/\/www.europesays.com\/es\/wp-json\/wp\/v2\/media\/147819"}],"wp:attachment":[{"href":"https:\/\/www.europesays.com\/es\/wp-json\/wp\/v2\/media?parent=147818"}],"wp:term":[{"taxonomy":"category","embeddable":true,"href":"https:\/\/www.europesays.com\/es\/wp-json\/wp\/v2\/categories?post=147818"},{"taxonomy":"post_tag","embeddable":true,"href":"https:\/\/www.europesays.com\/es\/wp-json\/wp\/v2\/tags?post=147818"}],"curies":[{"name":"wp","href":"https:\/\/api.w.org\/{rel}","templated":true}]}}