{"id":147820,"date":"2025-09-30T04:13:10","date_gmt":"2025-09-30T04:13:10","guid":{"rendered":"https:\/\/www.europesays.com\/es\/147820\/"},"modified":"2025-09-30T04:13:10","modified_gmt":"2025-09-30T04:13:10","slug":"el-frigorificos-aplica-energia-y-efectividad","status":"publish","type":"post","link":"https:\/\/www.europesays.com\/es\/147820\/","title":{"rendered":"El Frigor\u00edficos aplica energ\u00eda y efectividad"},"content":{"rendered":"<p class=\"ft-text ft-helper-closenews\"><strong>Energ\u00eda, ritmo y efectividad<\/strong> fueron los tres principales ingredientes del <strong>Frigor\u00edficos del Morrazo<\/strong> para certificar su<a class=\"ft-link ft-link--decoration\" href=\"https:\/\/www.farodevigo.es\/deportes\/morrazo\/2025\/09\/28\/primera-quique-dominguez-122031228.html\" rel=\"nofollow noopener\" target=\"_blank\"> primer triunfo de la temporada ante el Bada Huesca, <\/a>un resultado que le permite ganar confianza a un proyecto que todav\u00eda est\u00e1 arrancando<strong>. \u00abNos da confianza, seguridad, sobre todo por el trabajo que llevamos haciendo durante tantas semanas<\/strong>. Por eso era importante que llegase cuanto antes, porque hay m\u00e1s alegr\u00eda y eso es bueno\u00bb, afirma el entrenador del cuadro morracense, Quique Dom\u00ednguez.<\/p>\n<p class=\"ft-text\">El t\u00e9cnico admite que su equipo<a class=\"ft-link ft-link--decoration\" href=\"https:\/\/www.farodevigo.es\/deportes\/morrazo\/2025\/09\/26\/frigorificos-busca-mejorar-punteria-121965233.html\" rel=\"nofollow noopener\" target=\"_blank\"> se quit\u00f3 la espinita de la falta de acierto en el lanzamiento de los dos primeros partidos<\/a>. \u00abVen\u00edamos de hacer las cosas bien, pero <strong>el acierto es clave, y ten\u00edamos un porcentaje inferior al que quer\u00edamos\u00bb,<\/strong> explica, antes de a\u00f1adir que \u00abante el Huesca, <strong>sobre todo en la primera parte, estuvimos mucho m\u00e1s acertados.<\/strong> Nos fuimos al descanso cinco arriba y despu\u00e9s de marcar 19 goles. Mejoramos la efectividad y fuimos llevando el partido mucho mejor\u00bb. Los n\u00fameros as\u00ed lo reflejaron, con un 74,4 por ciento de acierto en todo el encuentro, y con un 8\/8 en los primeros lanzamientos del partido.<\/p>\n<p>El escenario buscado en el arranque<\/p>\n<p class=\"ft-text\">Precisamente el buen inicio del Cangas le facilit\u00f3 sobremanera las cosas en el resto del choque. Los locales salieron mucho mejor que los oscenses y supieron imponer el estilo de juego que m\u00e1s les conven\u00eda.<strong> \u00abEntramos muy bien en el partido<\/strong>. Ten\u00edamos muchas ganas de ir a por el partido y<strong> lo hicimos con mucha energ\u00eda, tanto en defensa como en el ritmo de juego\u00bb, <\/strong>se\u00f1ala. Para Dom\u00ednguez \u00abnos conven\u00eda un ritmo alto, era el escenario que busc\u00e1bamos y lo conseguimos en la primera parte. En la segunda ya nos cost\u00f3 m\u00e1s\u00bb.<\/p>\n<p class=\"ft-text\">En ese <strong>segundo periodo fue el Huesca el que arrim\u00f3 el ascua a su sardina<\/strong>, para manejar un ritmo m\u00e1s pausado, m\u00e1s conveniente a su estilo y a sus circunstancias, al llegar con varias bajas. \u00abEl 5.1 se nos trab\u00f3 un poco, no<strong> tuvimos la fluidez de antes, el acierto,<\/strong> e incluso creo que en alg\u00fan momento<strong> nos pudieron haber pesado los dos resultados anteriores contra Ademar y Nava\u00bb<\/strong>, explica Quique Dom\u00ednguez, que ahonda en esa idea de que <strong>\u00abquiz\u00e1s hubo alguna peque\u00f1a ansiedad <\/strong>que la porter\u00eda acabo por resolver, apareciendo en esos momentos en los que parec\u00eda que ellos pod\u00edan meterse en partido\u00bb.<\/p>\n<p>\u00abPanjan ha hecho unos n\u00fameros acordes a su nivel y a su integraci\u00f3n\u00bb<\/p>\n<p class=\"ft-text\">Poco dado a individualizar, Dom\u00ednguez quiere hacer una excepci\u00f3n con Panjan, uno de los protagonistas del choque tras haber totalizado 14 intervenciones, quit\u00e1ndose la presi\u00f3n de los dos duelos anteriores, en donde hab\u00eda estado desacertado. \u00abQuer\u00eda destacarlo porque <strong>lleg\u00f3 en una situaci\u00f3n complicada, con la pretemporada muy avanzada, <\/strong>a pocos d\u00edas de empezar la Liga, y ocupando un puesto determinante\u00bb, subraya.<\/p>\n<p class=\"ft-text\">Ha sido ahora cuando, para el preparador pontevedr\u00e9s, <strong>\u00abha hecho unos n\u00fameros acordes al nivel que tiene y a su integraci\u00f3n. <\/strong>Nosotros lo valoramos siempre, pero el que solo lo vea en los partidos no pod\u00eda tener esa idea. Esto le viene muy bien y le restar\u00e1 algo de ansiedad para poder demostrar qu\u00e9 jugador es\u00bb.<\/p>\n<p class=\"ft-text\">Sobre<strong> Santi L\u00f3pez<\/strong>, el otro protagonista del partido otras no haber hecho pretemporada, Dom\u00ednguez dijo que <strong>\u00abno ten\u00eda ninguna duda sobre \u00e9l.<\/strong> Jug\u00f3 ya el primer partido muchos minutos y volvi\u00f3 a hacerlo en los otros dos. Es <strong>uno de los puntales de este equipo, por todo lo que aporta en lo an\u00edmico, lo emocional, lo balonman\u00edstico<\/strong>. Es un jugador que contagia y del que agotan los adjetivos\u00bb.<\/p>\n<p>Resonancia para conocer la lesi\u00f3n de Javi Garc\u00eda<\/p>\n<p class=\"ft-text\">El <strong>pivote Javi Garc\u00eda contin\u00faa entre algodones <\/strong>al seguir arrastrando molestias en su hombro derecho derivadas de la ca\u00edda que <a class=\"ft-link ft-link--decoration\" href=\"https:\/\/www.farodevigo.es\/deportes\/morrazo\/2025\/09\/20\/patotsky-amarga-dia-frigorificos-121767053.html\" rel=\"nofollow noopener\" target=\"_blank\">sufri\u00f3 en el partido de la segunda jornada ante el Viveros Herol Nava<\/a>. El leon\u00e9s forz\u00f3 para jugar ante el Huesca y aunque no anot\u00f3 s\u00ed cumpli\u00f3, haciendo un trabajo m\u00e1s oscuro. Ahora la intenci\u00f3n del club es la de hacerle una r<strong>esonancia esta semana para descartar cualquier tipo de afectaci\u00f3n \u00f3sea o muscular<\/strong>.<\/p>\n<p class=\"ft-text\">No fue Javi Garc\u00eda, sin embargo, el \u00fanico jugador tocado tras una semana un tanto accidentada en el Frigor\u00edficos del Morrazo. <strong>Mart\u00edn Gayo fue reservado durante bastantes minutos por molestias en el tend\u00f3n rotuliano<\/strong> de una de sus rodillas. Tampoco disfrut\u00f3 de mucha presencia en la pista <strong>Ar\u00f3n D\u00edaz<\/strong>, que durante la semana hab\u00eda sufrido una elongaci\u00f3n en la zona intercostal. El parte de guerra se complet\u00f3 con el noruego <strong>Valderhaug<\/strong>, que se incorpor\u00f3 al grupo el jueves tras un proceso gripal.<\/p>\n<p>Semana normal para preparar el duelo ante el Bar\u00e7a<\/p>\n<p class=\"ft-text\">Una semana normal, con id\u00e9nticas sesiones y preparaci\u00f3n, ser\u00e1 lo que afronte el Frigor\u00edficos del Morrazo para encarar el <strong>choque del pr\u00f3ximo s\u00e1bado ante el F\u00fatbol Club Barcelona.<\/strong> \u00abSeguiremos puliendo cosas y afrontando el partido igual\u00bb, se\u00f1ala Dom\u00ednguez, que reconoce, no obstante, que no quemar\u00e1 las naves forzando a jugadores que puedan estar tocados. Eso s\u00ed, \u00ab<strong>una vez estamos all\u00ed y sabiendo del nivel del rival al que nos enfrentamos, competiremos\u00bb.<\/strong><\/p>\n<p data-close=\"closedContent\" class=\"subscribeHideForDisplay\">Suscr\u00edbete para seguir leyendo<\/p>\n","protected":false},"excerpt":{"rendered":"Energ\u00eda, ritmo y efectividad fueron los tres principales ingredientes del Frigor\u00edficos del Morrazo para certificar su primer triunfo&hellip;\n","protected":false},"author":2,"featured_media":147821,"comment_status":"","ping_status":"","sticky":false,"template":"","format":"standard","meta":{"footnotes":""},"categories":[278],"tags":[6256,1672,376,168,25,24,1673,375,33147,38025,1675,7872,23,167],"class_list":{"0":"post-147820","1":"post","2":"type-post","3":"status-publish","4":"format-standard","5":"has-post-thumbnail","7":"category-balonmano","8":"tag-bada-huesca","9":"tag-balonman-cangas","10":"tag-balonmano","11":"tag-deportes","12":"tag-es","13":"tag-espana","14":"tag-frigorificos-del-morrazo","15":"tag-handball","16":"tag-ivan-panjan","17":"tag-javi-garcia","18":"tag-liga-asobal","19":"tag-quique-dominguez","20":"tag-spain","21":"tag-sports"},"share_on_mastodon":{"url":"","error":""},"_links":{"self":[{"href":"https:\/\/www.europesays.com\/es\/wp-json\/wp\/v2\/posts\/147820","targetHints":{"allow":["GET"]}}],"collection":[{"href":"https:\/\/www.europesays.com\/es\/wp-json\/wp\/v2\/posts"}],"about":[{"href":"https:\/\/www.europesays.com\/es\/wp-json\/wp\/v2\/types\/post"}],"author":[{"embeddable":true,"href":"https:\/\/www.europesays.com\/es\/wp-json\/wp\/v2\/users\/2"}],"replies":[{"embeddable":true,"href":"https:\/\/www.europesays.com\/es\/wp-json\/wp\/v2\/comments?post=147820"}],"version-history":[{"count":0,"href":"https:\/\/www.europesays.com\/es\/wp-json\/wp\/v2\/posts\/147820\/revisions"}],"wp:featuredmedia":[{"embeddable":true,"href":"https:\/\/www.europesays.com\/es\/wp-json\/wp\/v2\/media\/147821"}],"wp:attachment":[{"href":"https:\/\/www.europesays.com\/es\/wp-json\/wp\/v2\/media?parent=147820"}],"wp:term":[{"taxonomy":"category","embeddable":true,"href":"https:\/\/www.europesays.com\/es\/wp-json\/wp\/v2\/categories?post=147820"},{"taxonomy":"post_tag","embeddable":true,"href":"https:\/\/www.europesays.com\/es\/wp-json\/wp\/v2\/tags?post=147820"}],"curies":[{"name":"wp","href":"https:\/\/api.w.org\/{rel}","templated":true}]}}