{"id":147824,"date":"2025-09-30T04:19:09","date_gmt":"2025-09-30T04:19:09","guid":{"rendered":"https:\/\/www.europesays.com\/es\/147824\/"},"modified":"2025-09-30T04:19:09","modified_gmt":"2025-09-30T04:19:09","slug":"previa-gp-de-italia-se-acerca-el-fin-de-la-temporada","status":"publish","type":"post","link":"https:\/\/www.europesays.com\/es\/147824\/","title":{"rendered":"Previa GP de Italia: Se acerca el fin de la temporada"},"content":{"rendered":"<p>La temporada de la F\u00f3rmula 1 sigue cuando nos trasladamos al Autodromo Nazionale Monza para el <strong><a href=\"https:\/\/www.vavel.com\/mx\/polideportivo-mx\/2025\/08\/30\/1232223-previa-gp-de-paises-bajos-mclaren-continua-la-disputa-por-definir-a-su-ganador.html\" rel=\"nofollow noopener\" target=\"_blank\">Gran Premio<\/a><\/strong> de Italia 2025 y estas son las cosas que necesitas saber antes de la carrera.<\/p>\n<p>\u00bfCu\u00e1l es el Circuito?<\/p>\n<p>El Autodromo Nazionale Monza ser\u00e1 donde se realice la d\u00e9cimo sexta carrera de la temporada 2025 de la F\u00f3rmula 1, esta ser\u00e1 la edici\u00f3n 73 en que se desarrolle este <strong><a href=\"https:\/\/www.vavel.com\/mx\/polideportivo-mx\/2025\/08\/30\/1232223-previa-gp-de-paises-bajos-mclaren-continua-la-disputa-por-definir-a-su-ganador.html\" rel=\"nofollow noopener\" target=\"_blank\">Gran Premio<\/a><\/strong>. El circuito cuenta con una longitud de 5.793 kil\u00f3metros, adem\u00e1s de 11 curvas y 2 zonas de DRS, este fue inaugurado en 1950. Para esta carrera, se realizar\u00e1n 53 vueltas para definir al ganador del <strong><a href=\"https:\/\/www.vavel.com\/mx\/polideportivo-mx\/2025\/08\/30\/1232223-previa-gp-de-paises-bajos-mclaren-continua-la-disputa-por-definir-a-su-ganador.html\" rel=\"nofollow noopener\" target=\"_blank\">Gran Premio<\/a><\/strong> de Italia.<\/p>\n<p>El \u00faltimo ganador del <strong><a href=\"https:\/\/www.vavel.com\/mx\/polideportivo-mx\/2025\/08\/18\/1230862-lando-norris-gana-en-hungria-y-aprieta-la-tabla.html\" rel=\"nofollow noopener\" target=\"_blank\">Gran Premio<\/a><\/strong> de Italia fue Max Verstappen del equipo de Red Bull con un tiempo de 1:13:24.325 en la temporada pasada, al piloto neerland\u00e9s lo acompa\u00f1aron <strong><a href=\"https:\/\/www.vavel.com\/mx\/polideportivo-mx\/2025\/07\/31\/1229151-oscar-piastri-gana-en-un-lluvioso-gran-premio-de-belgica.html\" rel=\"nofollow noopener\" target=\"_blank\">Lando Norris<\/a><\/strong> de McLaren y tambi\u00e9n <strong><a href=\"https:\/\/www.vavel.com\/mx\/polideportivo-mx\/2025\/08\/18\/1230861-previa-gp-de-hungria-sigue-la-pelea-de-mclaren-por-definir-a-su-ganador.html\" rel=\"nofollow noopener\" target=\"_blank\">Oscar Piastri<\/a><\/strong> de McLaren y en el podio.<\/p>\n<p><strong>\u00bfA qu\u00e9 hora inicia la carrera?<\/strong><\/p>\n<p>El <strong><a href=\"https:\/\/www.vavel.com\/mx\/polideportivo-mx\/2025\/08\/18\/1230862-lando-norris-gana-en-hungria-y-aprieta-la-tabla.html\" rel=\"nofollow noopener\" target=\"_blank\">Gran Premio<\/a><\/strong> de Italia se realizar\u00e1 el domingo 7 de septiembre con los siguientes horarios en diferentes pa\u00edses:<\/p>\n<ul>\n<li>7 horas en M\u00e9xico<\/li>\n<li>9 horas en Estados Unidos (ET)<\/li>\n<li>10 horas en Ecuador, Colombia y Per\u00fa<\/li>\n<li>11 horas en Bolivia y Venezuela<\/li>\n<li>12 horas en Argentina, Brasil, Chile, Uruguay y Paraguay.<\/li>\n<li>15 horas en Espa\u00f1a<\/li>\n<\/ul>\n<p>Contin\u00faa la batalla constante entre ambos pilotos de McLaren y la diferencia es muy poca para definir al ganador del Campeonato de Pilotos, <strong><a href=\"https:\/\/www.vavel.com\/mx\/polideportivo-mx\/2025\/08\/18\/1230861-previa-gp-de-hungria-sigue-la-pelea-de-mclaren-por-definir-a-su-ganador.html\" rel=\"nofollow noopener\" target=\"_blank\">Oscar Piastri<\/a><\/strong> lidera la tabla con 11 puntos de ventaja sobre <strong><a href=\"https:\/\/www.vavel.com\/mx\/polideportivo-mx\/2025\/07\/31\/1229151-oscar-piastri-gana-en-un-lluvioso-gran-premio-de-belgica.html\" rel=\"nofollow noopener\" target=\"_blank\">Lando Norris<\/a><\/strong> y los resultados de cada carrera son fundamentales para definir al pr\u00f3ximo ganador. La gran noticia de la semana fue el anuncio de los pilotos de Cadillac para la pr\u00f3xima temporada con el regreso de Sergio \u201cCheco\u201d P\u00e9rez y <strong><a href=\"https:\/\/www.vavel.com\/mx\/polideportivo-mx\/2025\/08\/26\/1231702-checo-perez-esta-de-regreso-cadillac-anuncia-sus-pilotos-para-la-proxima-temporada.html\" rel=\"nofollow noopener\" target=\"_blank\">Valtteri Bottas,<\/a><\/strong> con esto tendremos 22 pilotos la pr\u00f3xima campa\u00f1a y esta noticia fue muy importante para que los aficionados tengan muchas ganas de ver esta nueva \u00e9poca.<\/p>\n<p>Durante lo largo de esta temporada hemos tenido muchas noticias y cambios importantes, entre las noticias m\u00e1s sorprendentes tenemos los cambios en la parrilla, as\u00ed como <strong><a href=\"https:\/\/www.vavel.com\/mx\/polideportivo-mx\/2025\/05\/29\/1224315-previa-gp-de-espana-lucha-entre-los-mclaren-por-el-primer-puesto.html\" rel=\"nofollow noopener\" target=\"_blank\">Yuki Tsunoda<\/a><\/strong> reemplaz\u00f3 a <strong><a href=\"https:\/\/www.vavel.com\/mx\/polideportivo-mx\/2025\/03\/30\/1218702-yuki-tsunoda-reemplaza-a-lawson-y-se-une-a-red-bull.html\" rel=\"nofollow noopener\" target=\"_blank\">Liam Lawson<\/a><\/strong> en el equipo Red Bull debido a los malos resultados del neerland\u00e9s \u2014lo que llev\u00f3 al equipo a moverse r\u00e1pidamente y ascender a Tsunoda, con varios a\u00f1os de experiencia, como compa\u00f1ero de Max Verstappen para el resto de la temporada\u2014, tambi\u00e9n se produjeron cambios en Alpine, donde, tras la confirmaci\u00f3n de un nuevo rumbo en la direcci\u00f3n del equipo, se anunci\u00f3 la baja temporal de <strong><a href=\"https:\/\/www.vavel.com\/mx\/polideportivo-mx\/2025\/05\/07\/1222570-grandes-cambios-en-alpine-nuevo-director-de-equipo-y-el-regreso-de-colapinto.html\" rel=\"nofollow noopener\" target=\"_blank\">Jack Doohan<\/a><\/strong> por las pr\u00f3ximas cinco carreras, dando paso al regreso de Franco Colapinto a las pistas de la F\u00f3rmula 1. El argentino vuelve a la categor\u00eda reina del automovilismo tras haber debutado la campa\u00f1a anterior como reemplazo de <strong><a href=\"https:\/\/www.vavel.com\/mx\/polideportivo-mx\/2024\/03\/23\/1177098-previa-gp-de-australia-quien-frena-a-red-bull.html\" rel=\"nofollow noopener\" target=\"_blank\">Logan Sargeant<\/a><\/strong> en Williams Racing.<\/p>\n<p>Otra zona a seguir es la pelea por el primer puesto del Mundial de Constructores luego del dominio de Red Bull en las \u00faltimas temporadas, finalmente parece que los cambios en la parrilla est\u00e1n surtiendo efecto y tenemos al equipo de McLaren siendo quien lidere la competici\u00f3n con 362 puntos, 197 de ventaja sobre Ferrari. La escuder\u00eda italiana cuenta con un <strong><a href=\"https:\/\/www.vavel.com\/mx\/polideportivo-mx\/2025\/03\/15\/1216968-previa-gp-de-australia-nueva-temporada-nuevas-caras.html\" rel=\"nofollow noopener\" target=\"_blank\">Lewis Hamilton<\/a><\/strong> en su primera temporada en el equipo y un <strong><a href=\"https:\/\/www.vavel.com\/mx\/polideportivo-mx\/2024\/03\/09\/1175500-red-bull-continua-su-reinado-en-el-gp-de-arabia-saudita.html\" rel=\"nofollow noopener\" target=\"_blank\">Charles Leclerc<\/a><\/strong> siendo el l\u00edder del equipo dejando buenas impresiones. Por otro lado, el equipo de Mercedes s\u00f3lo ha contado con uno de sus pilotos experimentados generando puntos siendo <strong><a href=\"https:\/\/www.vavel.com\/mx\/polideportivo-mx\/2025\/07\/25\/1228630-previa-gp-de-belgica-inicia-la-segunda-parte-de-la-temporada.html\" rel=\"nofollow noopener\" target=\"_blank\">George Russell<\/a><\/strong> el principal encargado de estos y reflej\u00e1ndose en la primera temporada de <strong><a href=\"https:\/\/www.vavel.com\/mx\/polideportivo-mx\/2025\/06\/29\/1226774-lando-norris-gana-un-aparatoso-gran-premio-de-austria.html\" rel=\"nofollow noopener\" target=\"_blank\">Kimi Antonelli.<\/a><\/strong><\/p>\n<p>As\u00ed qued\u00f3 definida toda la parrilla de salida para el d\u00eda de ma\u00f1ana en el Autodromo Nazionale Monza de Italia:<\/p>\n<p><img decoding=\"async\" src=\"https:\/\/www.europesays.com\/es\/wp-content\/uploads\/2025\/09\/IMG_0765-1.jpeg\"\/><br \/>\nF1<\/p>\n<p>No te pierdas el <strong><a href=\"https:\/\/www.vavel.com\/mx\/polideportivo-mx\/2025\/08\/18\/1230862-lando-norris-gana-en-hungria-y-aprieta-la-tabla.html\" rel=\"nofollow noopener\" target=\"_blank\">Gran Premio<\/a><\/strong> de Italia a trav\u00e9s de la se\u00f1al de <strong><a href=\"https:\/\/www.vavel.com\/mx\/polideportivo-mx\/2025\/08\/20\/1231031-previa-steelers-vs-panthers-ultima-llamada-al-inicio-de-la-temporada.html\" rel=\"nofollow noopener\" target=\"_blank\">VAVEL<\/a><\/strong>.<\/p>\n","protected":false},"excerpt":{"rendered":"La temporada de la F\u00f3rmula 1 sigue cuando nos trasladamos al Autodromo Nazionale Monza para el Gran Premio&hellip;\n","protected":false},"author":2,"featured_media":147825,"comment_status":"","ping_status":"","sticky":false,"template":"","format":"standard","meta":{"footnotes":""},"categories":[270],"tags":[168,25,24,306,2041,271,272,27620,23,167],"class_list":{"0":"post-147824","1":"post","2":"type-post","3":"status-publish","4":"format-standard","5":"has-post-thumbnail","7":"category-formula-1","8":"tag-deportes","9":"tag-es","10":"tag-espana","11":"tag-f1","12":"tag-fia","13":"tag-formula-1","14":"tag-formula1","15":"tag-gran-premio-de-italia","16":"tag-spain","17":"tag-sports"},"share_on_mastodon":{"url":"","error":""},"_links":{"self":[{"href":"https:\/\/www.europesays.com\/es\/wp-json\/wp\/v2\/posts\/147824","targetHints":{"allow":["GET"]}}],"collection":[{"href":"https:\/\/www.europesays.com\/es\/wp-json\/wp\/v2\/posts"}],"about":[{"href":"https:\/\/www.europesays.com\/es\/wp-json\/wp\/v2\/types\/post"}],"author":[{"embeddable":true,"href":"https:\/\/www.europesays.com\/es\/wp-json\/wp\/v2\/users\/2"}],"replies":[{"embeddable":true,"href":"https:\/\/www.europesays.com\/es\/wp-json\/wp\/v2\/comments?post=147824"}],"version-history":[{"count":0,"href":"https:\/\/www.europesays.com\/es\/wp-json\/wp\/v2\/posts\/147824\/revisions"}],"wp:featuredmedia":[{"embeddable":true,"href":"https:\/\/www.europesays.com\/es\/wp-json\/wp\/v2\/media\/147825"}],"wp:attachment":[{"href":"https:\/\/www.europesays.com\/es\/wp-json\/wp\/v2\/media?parent=147824"}],"wp:term":[{"taxonomy":"category","embeddable":true,"href":"https:\/\/www.europesays.com\/es\/wp-json\/wp\/v2\/categories?post=147824"},{"taxonomy":"post_tag","embeddable":true,"href":"https:\/\/www.europesays.com\/es\/wp-json\/wp\/v2\/tags?post=147824"}],"curies":[{"name":"wp","href":"https:\/\/api.w.org\/{rel}","templated":true}]}}