{"id":147830,"date":"2025-09-30T04:22:10","date_gmt":"2025-09-30T04:22:10","guid":{"rendered":"https:\/\/www.europesays.com\/es\/147830\/"},"modified":"2025-09-30T04:22:10","modified_gmt":"2025-09-30T04:22:10","slug":"monica-naranjo-no-se-corta-al-sentenciar-lo-que-piensa-de-david-broncano-en-la-revuelta-yo-seria-incapaz","status":"publish","type":"post","link":"https:\/\/www.europesays.com\/es\/147830\/","title":{"rendered":"M\u00f3nica Naranjo no se corta al sentenciar lo que piensa de David Broncano en &#8216;La Revuelta&#8217;: \u00abYo ser\u00eda incapaz\u00bb"},"content":{"rendered":"<p>M\u00f3nica Naranjo ha acudido por primera vez a <a href=\"https:\/\/eltelevisero.huffingtonpost.es\/2025\/09\/quien-es-el-invitado-que-acude-hoy-a-la-revuelta-de-david-broncano-este-lunes-29-de-septiembre\/\" rel=\"nofollow noopener\" target=\"_blank\">&#8216;La Revuelta&#8217;<\/a> este lunes para celebrar el lanzamiento de &#8216;Por un like&#8217; su nuevo sencillo cuya producci\u00f3n ha corrido a cargo de Nebulossa. Sin embargo, lejos de adelantar detalles sobre la nueva m\u00fasica que est\u00e1 por venir tras este lanzamiento, la cantante ha terminado sincer\u00e1ndose con <a href=\"https:\/\/eltelevisero.huffingtonpost.es\/2025\/09\/david-broncano-destripa-los-proximos-invitados-de-esta-semana-en-la-revuelta-y-desconcierta-con-su-anuncio\/\" rel=\"nofollow noopener\" target=\"_blank\">David Broncano<\/a> sobre lo que pens\u00f3 de \u00e9l tras su primera visita al programa. <\/p>\n<p>\u00abPocas veces empezamos la entrevista as\u00ed\u00bb, ha comenzado advirtiendo el conductor de &#8216;La Revuelta&#8217; despu\u00e9s de que la int\u00e9rprete de &#8216;Sobrevivir\u00e9&#8217; le animase a arrancar la noche sentados en el sof\u00e1, en lugar de hablar con ella desde la mesa. \u00abEl tema cambia vibracionalmente, porque t\u00fa ahora est\u00e1s inc\u00f3modo\u00bb, advirti\u00f3 entonces la cantante.<\/p>\n<p>M\u00f3nica Naranjo pone en un aprieto a David Broncano con lo que cambia en &#8216;La Revuelta&#8217;: \u00abEse es tu sitio de poder\u00bb<\/p>\n<p>Ha sido ah\u00ed cuando David Broncano ha comenzado a sonrojarse mientras la invitada se\u00f1alaba la actitud del presentador al cambiar el formato de la entrevista. <strong>\u00abTu sitio de confort y de poder en el programa es ese, \u00bfQuieres que me siente yo ah\u00ed?\u00bb<\/strong>, le propon\u00eda entonces M\u00f3nica Naranjo antes de ocupar el escritorio del presentador y echar un vistazo a algunas de las preguntas que ten\u00eda preparadas.<\/p>\n<p>\u00abCuanto tiempo sin verte, rubio, maquillado, trajeado&#8230;\u00bb, ha se\u00f1alado la artista en un intento de seguir sonrojando al humorista, que permanec\u00eda en el sof\u00e1 de invitado a la espera de retomar el orden natural de la noche. <strong>\u00abYo si fuese invitado te dir\u00eda que no veo ning\u00fan cambio en ti porque te veo igual de carism\u00e1tica y radiante que siempre\u00bb<\/strong>, resolvi\u00f3 Broncano haciendo que la cantante le devolviese su sitio.<\/p>\n<p>Y mientras el presentador retomaba las riendas del programa, M\u00f3nica Naranjo no ha dudado en sincerarse la impresi\u00f3n que se llev\u00f3 de \u00e9l tras su primera visita al programa. <strong>\u00abHubo una cosa que me sorprendi\u00f3 mucho y lo admir\u00e9\u00bb<\/strong>, ha advertido la que fue presentadora de &#8216;La isla de las tentaciones&#8217; durante su primera edici\u00f3n en 2020 entre otros proyectos en la peque\u00f1a pantalla. <\/p>\n<p><strong>\u00abYo estoy acostumbrada a hacer televisi\u00f3n, a tener mis programas, entonces para m\u00ed los guiones son como que no te los puedes saltar a no ser que te lo digan, vamos con pinganillo, con cue&#8230; \u00c9l lo improvisa todo y es dif\u00edcil, yo ser\u00eda incapaz\u00bb<\/strong>, ha reconocido entre aplausos la invitada. \u00abAs\u00ed sale el programa\u00bb, se\u00f1alaba con sorna Broncano mientras la cantante insist\u00eda en que hace que el formato sea \u00abm\u00e1s aut\u00e9ntico\u00bb.<\/p>\n","protected":false},"excerpt":{"rendered":"M\u00f3nica Naranjo ha acudido por primera vez a &#8216;La Revuelta&#8217; este lunes para celebrar el lanzamiento de &#8216;Por&hellip;\n","protected":false},"author":2,"featured_media":147831,"comment_status":"","ping_status":"","sticky":false,"template":"","format":"standard","meta":{"footnotes":""},"categories":[174],"tags":[255,146,147,25,24,256,23],"class_list":{"0":"post-147830","1":"post","2":"type-post","3":"status-publish","4":"format-standard","5":"has-post-thumbnail","7":"category-famosos","8":"tag-celebrities","9":"tag-entertainment","10":"tag-entretenimiento","11":"tag-es","12":"tag-espana","13":"tag-famosos","14":"tag-spain"},"share_on_mastodon":{"url":"","error":""},"_links":{"self":[{"href":"https:\/\/www.europesays.com\/es\/wp-json\/wp\/v2\/posts\/147830","targetHints":{"allow":["GET"]}}],"collection":[{"href":"https:\/\/www.europesays.com\/es\/wp-json\/wp\/v2\/posts"}],"about":[{"href":"https:\/\/www.europesays.com\/es\/wp-json\/wp\/v2\/types\/post"}],"author":[{"embeddable":true,"href":"https:\/\/www.europesays.com\/es\/wp-json\/wp\/v2\/users\/2"}],"replies":[{"embeddable":true,"href":"https:\/\/www.europesays.com\/es\/wp-json\/wp\/v2\/comments?post=147830"}],"version-history":[{"count":0,"href":"https:\/\/www.europesays.com\/es\/wp-json\/wp\/v2\/posts\/147830\/revisions"}],"wp:featuredmedia":[{"embeddable":true,"href":"https:\/\/www.europesays.com\/es\/wp-json\/wp\/v2\/media\/147831"}],"wp:attachment":[{"href":"https:\/\/www.europesays.com\/es\/wp-json\/wp\/v2\/media?parent=147830"}],"wp:term":[{"taxonomy":"category","embeddable":true,"href":"https:\/\/www.europesays.com\/es\/wp-json\/wp\/v2\/categories?post=147830"},{"taxonomy":"post_tag","embeddable":true,"href":"https:\/\/www.europesays.com\/es\/wp-json\/wp\/v2\/tags?post=147830"}],"curies":[{"name":"wp","href":"https:\/\/api.w.org\/{rel}","templated":true}]}}