{"id":147832,"date":"2025-09-30T04:24:10","date_gmt":"2025-09-30T04:24:10","guid":{"rendered":"https:\/\/www.europesays.com\/es\/147832\/"},"modified":"2025-09-30T04:24:10","modified_gmt":"2025-09-30T04:24:10","slug":"roberto-santiago-a-vinicius-y-a-lamine-les-vendria-bien-leer-los-futbolisimos","status":"publish","type":"post","link":"https:\/\/www.europesays.com\/es\/147832\/","title":{"rendered":"Roberto Santiago: \u201cA Vinicius y a Lamine les vendr\u00eda bien leer Los Futbol\u00edsimos\u201d"},"content":{"rendered":"<p class=\"\"><b>Vuelven a AS Los Futbol\u00edsimos. \u00bfCu\u00e1les son las emociones de Roberto Santiago ante esta nueva novela interactiva en AS?<\/b><\/p>\n<p class=\"\">Es un momento especial porque estoy esperando todo el a\u00f1o a que llegue. Para m\u00ed la novela interactiva de AS es una manera de escribir diferente, que me encanta, me apasiona, me ilusiona y me pone nervioso todav\u00eda. Porque nunca s\u00e9 lo que va a ocurrir&#8230; Tengo un t\u00edtulo, una idea y un \u00fanico cap\u00edtulo escrito. Nada m\u00e1s. Llevo meses esperando para que llegue el momento y por fin ya est\u00e1 aqu\u00ed, as\u00ed que estoy deseando empezar. <\/p>\n<p class=\"\"><b>Es la novela n\u00famero 29 de Los Futbol\u00edsimos y llama la atenci\u00f3n el nombre, \u2018El misterio del c\u00f3rner m\u00e1s largo del mundo\u2019, por la similitud con la pel\u00edcula que dirigi\u00f3 hace 20 a\u00f1os, \u2018El penalti m\u00e1s largo del mundo\u2019 y que tuvo tanto \u00e9xito. \u00bfLa semejanza es pura coincidencia o esconde alguna raz\u00f3n especial?<\/b><\/p>\n<p class=\"\">No fue una decisi\u00f3n racional sino puramente instintiva. \u2018El penalti m\u00e1s largo del mundo\u2019 es un cuento de Osvaldo Soriano, que luego convert\u00ed en pel\u00edcula y que me trajo mucho \u00e9xito. Ahora, que justo se cumplen 20 a\u00f1os, pens\u00e9 que era una bonita manera de hacer un homenaje a un cuento y a una pel\u00edcula que me encantan, que tienen f\u00fatbol, intriga y, adem\u00e1s, un componente social. Como lo va a tener ahora tambi\u00e9n \u2018El misterio del c\u00f3rner m\u00e1s largo del mundo\u2019. Adem\u00e1s, el c\u00f3rner todav\u00eda no lo hab\u00eda utilizado en ninguno de mis t\u00edtulos. Este nuevo libro tiene su intriga y, sin desvelar mucho, ocurre algo similar a lo que ocurr\u00eda en \u2018El penalti m\u00e1s largo del mundo\u2019. En este caso Pakete va a lanzar un c\u00f3rner decisivo y no se lo permiten porque se interrumpe el partido en el \u00faltimo minuto. <\/p>\n<p class=\"\"><b>Habla de componente social. \u00bfCu\u00e1l es el que persigue este nuevo libro de Los Futbol\u00edsimos?<\/b><\/p>\n<p class=\"\">El f\u00fatbol, por desgracia, vive unos momentos en el que la violencia est\u00e1 muy presente<a href=\"https:\/\/as.com\/futbol\/mas_futbol\/el-terror-de-ser-arbitro-n\/\" target=\"_self\" rel=\"nofollow noopener\" title=\"https:\/\/as.com\/futbol\/mas_futbol\/el-terror-de-ser-arbitro-n\/\"> en los campos en las categor\u00edas inferiores<\/a> y eso me preocupa. Ya he hablado antes de ello en Los Futbol\u00edsimos, pero en esta novela quiero que el tema sea tratado de una forma m\u00e1s directa y m\u00e1s clara. En \u2018El misterio del c\u00f3rner m\u00e1s largo del mundo\u2019 hay una invasi\u00f3n de campo. Unos padres y unos familiares que se enfadan por una decisi\u00f3n arbitral e invaden el campo e impiden lanzar un c\u00f3rner. El fondo de la historia va por ah\u00ed, por denunciar esa violencia que casi nunca viene de los ni\u00f1os, y que en lugar de ir a menos va a m\u00e1s. No puede ser que ese exceso de competitividad mal entendido se transforme en violencia. <\/p>\n<p class=\"\"><b>18 semanas pendientes de un c\u00f3rner. \u00bfUn c\u00f3rner da para tanto? \u00bfLo ha pensado bien?<\/b><\/p>\n<p class=\"\">No, no lo he pensado. Me tiro a la piscina de nuevo. Lo que s\u00ed s\u00e9 es que el tema me apasiona. Me pone en tensi\u00f3n para ver qu\u00e9 va a ocurrir. \u00a1Vete t\u00fa a saber d\u00f3nde puede acabar el c\u00f3rner!<\/p>\n<p class=\"\"><b>Y en este primer cap\u00edtulo Los Futbol\u00edsimos ya toman una decisi\u00f3n importante, se declaran en la huelga. <\/b><\/p>\n<p class=\"\">Efectivamente, a ellos les gusta mucho consensuar sus decisiones y votan a favor de la huelga. <\/p>\n<p class=\"\"><b>\u00bfEsta decisi\u00f3n les convierte un poco en justicieros? <\/b><\/p>\n<p class=\"\">Totalmente. Deciden que ante algo que no les gusta nada y que les parece una injusticia. como es la violencia en los campos de f\u00fatbol, ellos deciden hacer algo y ese algo es hacer huelga. Deciden no volver a jugar al f\u00fatbol hasta que los que han invadido el campo pidan perd\u00f3n p\u00fablicamente. Ellos hacen huelga y dejan de hacer lo que m\u00e1s les gusta, que es entrenar y jugar al f\u00fatbol. <\/p>\n<p class=\"\"><b>\u00bfA Los Futbol\u00edsimos les mueve esa idea rom\u00e1ntica de cambiar el mundo?<\/b><\/p>\n<p class=\"\">Creo que s\u00ed. Yo la sigo teniendo y creo que el f\u00fatbol es un deporte maravilloso que practican y ven millones de personas en todo el mundo y que a trav\u00e9s del f\u00fatbol se puede transformar el mundo. Tengo la suerte de que cuento con millones de lectores, lo que me anima a escribir una novela que, adem\u00e1s de entretener, tambi\u00e9n ponga su granito de arena para ayudar a mejorar el mundo. <\/p>\n<p class=\"\"><b>\u00bfCree que el mundo de Los Futbol\u00edsimos tiene cosas que ense\u00f1ar al f\u00fatbol profesional? <\/b><\/p>\n<p class=\"\">Creo que la ficci\u00f3n tiene ese poder transformador y que la realidad se nutre y aprende de la ficci\u00f3n. Los Futbol\u00edsimos hablan de la empat\u00eda con los que son diferentes\u2026 En el f\u00fatbol profesional preocupan los insultos racistas. Pienso que s\u00ed, que Los Futbol\u00edsimos tienen esa capacidad de ense\u00f1ar y de ayudar a transformar y a mejorar el mundo en el que nos movemos. El f\u00fatbol y la literatura pueden ayudar a transformar el mundo. <\/p>\n<p class=\"\"><b>\u00bfHay a alguien del mundo del f\u00fatbol al que recomendar\u00eda que leyera Los Futbol\u00edsimos?<\/b><\/p>\n<p class=\"\">Es dif\u00edcil esto\u2026 (risas). A m\u00ed, que me gusta mucho el f\u00fatbol y lo sigo, me parece que los futbolistas no solo tienen que ser buenos deportistas, tambi\u00e9n tienen que ser buenas personas porque son un ejemplo para millones de ni\u00f1as y ni\u00f1os del mundo entero. Mira, voy a nombrar a un jugador del Real Madrid y otro del Bar\u00e7a, para que no haya suspicacias. Vinicius y Lamine Yamal, por ejemplo. Son dos de los mejores futbolistas del mundo y creo que les vendr\u00eda muy bien leer Los Futbol\u00edsimos. Porque adem\u00e1s de ser excelentes futbolistas tienen la capacidad de transmitir valores de empat\u00eda, de concordia, de trabajo en equipo y de humildad. Cuanto m\u00e1s talento tienes, m\u00e1s humilde te tienes que mostrar. Y eso tambi\u00e9n es algo que se refleja en Los Futbol\u00edsimos. <\/p>\n<p class=\"\"><b>Entre el libro n\u00famero 29, el que est\u00e1 a punto de escribir con los lectores de AS y el 27, el que termin\u00f3 tambi\u00e9n con los lectores a principios de este a\u00f1o, ha escrito otra novela y ha estrenado la segunda pel\u00edcula de los Futbol\u00edsimos. \u00bfLos a\u00f1os de pel\u00edcula son diferentes?<\/b><\/p>\n<p class=\"\">Para m\u00ed s\u00ed. Este verano, al haberse <a href=\"https:\/\/as.com\/meristation\/cine\/miguel-angel-lamata-los-futbolisimos-2-homenajea-alguno-de-los-goles-clasicos-r\/\" target=\"_self\" rel=\"nofollow noopener\" title=\"https:\/\/as.com\/meristation\/cine\/miguel-angel-lamata-los-futbolisimos-2-homenajea-alguno-de-los-goles-clasicos-r\/\">estrenado la pel\u00edcula<\/a>, hemos hecho acciones, presentaciones y encuentros y el libro sobre el que se ha basado la pel\u00edcula, \u2018El misterio del tesoro pirata\u2019, ha llegado a m\u00e1s lectores. Los fans de Los Futbol\u00edsimos estaban deseando que se estrenara y ahora, de cara a la Navidad, que llegar\u00e1 a Movistar, esperamos que Los Futbol\u00edsimos lleguen todav\u00eda m\u00e1s lejos y, sobre todo, a m\u00e1s lectores, que es siempre mi ilusi\u00f3n. <\/p>\n<p class=\"\"><b>\u00bfCon qu\u00e9 jugador de Los Futbol\u00edsimos se identifica Roberto Santiago?<\/b><\/p>\n<p class=\"\">Con Pakete. Porque es muy observador, t\u00edmido, yo de ni\u00f1o lo era, y tiene una especial empat\u00eda con los que le rodean. No es el l\u00edder del equipo en absoluto, yo tampoco lo fui en mi grupo de amigos. Es como el que se pone en la segunda fila, que era lo que yo hac\u00eda. Me identifico mucho con esa forma de ser y con la capacidad de observar que tiene, obligada en un escritor. A Pakete no se le escapa nada. <\/p>\n<p class=\"\"><b>Si las camisetas del equipo Soto Alto se vendieran, \u00bfcu\u00e1l cree que encabezar\u00eda la lista de ventas? <\/b> <\/p>\n<p class=\"\">La primera ser\u00eda el n\u00famero 7 de Pakete. La segunda ser\u00eda la de Helena con H, que fue la que tuvo la idea del pacto de Los Futbol\u00edsimos. <\/p>\n<p class=\"\"><b>El inicio de esta nueva aventura en AS ha coincidido con la presentaci\u00f3n de su libro \u2018El C\u00edrculo\u2019, que est\u00e1 teniendo un gran calado por el problema que aborda del <\/b><b>bullying <\/b><b>juvenil. \u00bfC\u00f3mo valora la repercusi\u00f3n que est\u00e1 teniendo?<\/b><\/p>\n<p class=\"\">Es un cambio de registro. Es un libro para j\u00f3venes, no para ni\u00f1os. Y es un libro duro porque afronta cara a cara un problema grav\u00edsimo como es el bullying, que en lugar de ir a menos va a m\u00e1s y cada vez con casos m\u00e1s crueles. He escrito una historia de ficci\u00f3n en la que intento aportar mi granito de arena a este tema. Intento que se hable del asunto y que, sobre todo, el libro sirva para todos aquellos j\u00f3venes que se han sido acosados en alg\u00fan momento no se sientan solos. \u2018El Circulo\u2019 puede acompa\u00f1ar a los que han sufrido o lo sufren. <\/p>\n<p class=\"\"><b>\u00bfQu\u00e9 est\u00e1 pasando en esta sociedad para que nos cueste evitar que sucedan este tipo de cosas?<\/b><\/p>\n<p class=\"\">Denuncio que los acosadores son culpables. S\u00ed, desde luego, pero m\u00e1s culpable es el sistema que hemos creado que permite que esto ocurra y que no se pongan todos los medios para impedirlo. Hablo a nivel de instituciones, de que los profesores tengan m\u00e1s armas, m\u00e1s tiempo y eso es tambi\u00e9n una inversi\u00f3n suficiente, que creo que no se hace en absoluto. <\/p>\n<p class=\"\"><b>Los Futbol\u00edsimos llevan 5,5 millones de libros vendidos en Espa\u00f1a, ha sido traducido a 22 idiomas\u2026 \u00bfCu\u00e1l es el idioma m\u00e1s ex\u00f3tico al que han sido traducidos?<\/b><\/p>\n<p class=\"\">El farsi, el idioma de Ir\u00e1n. M\u00e1s que ex\u00f3tico, lo destacar\u00eda por lo que implica el que Los Futbol\u00edsimos sean traducidos al idioma de un pa\u00eds como Ir\u00e1n, con una dictadura terrible. Conseguimos sortear la censura de una manera sorprendente y me hace una ilusi\u00f3n enorme saber que hay ni\u00f1as y ni\u00f1os en Ir\u00e1n que est\u00e1n leyendo unos libros donde las ni\u00f1as y los ni\u00f1os juegan al f\u00fatbol en igualdad de condiciones en un pa\u00eds donde las ni\u00f1as y las mujeres no tienen derecho a nada. Llevan ya 8 libros traducidos y publicados y eso me emociona. Nunca pens\u00e9 que sortear\u00edamos la censura y lo logramos y eso me llena de satisfacci\u00f3n. A partir de los 12 las ni\u00f1as desaparecen de la sociedad, pero hasta los 12 s\u00ed les permiten que practiquen deporte y vayan a la escuela. Es incre\u00edble. <\/p>\n<p class=\"\"><b>\u00bfUn deseo para esta nueva novela de Los Futbol\u00edsimos?<\/b><\/p>\n<p class=\"\">Al margen de que llegue a muchos lectores, me motiva el componente social que tiene este nuevo libro. Ojal\u00e1 sirva para remover conciencias y para poner el foco en un problema end\u00e9mico que tiene el f\u00fatbol ahora mismo, el exceso de competitividad llevado al extremo y la violencia en los campos, que a m\u00ed, como gran amante del f\u00fatbol, me preocupa enormemente. Ojal\u00e1 este nuevo libro de Los Futbol\u00edsimos sirva para remover conciencias.<\/p>\n<p>Noticias relacionadas<a href=\"https:\/\/as.com\/futbol\/mas_futbol\/roberto-santiago-cada-novela-de-los-futbolisimos-es-un-reto-nuevo-n\/\" class=\"s_m_w\" title=\"El autor de la exitosa colecci\u00f3n literaria para p\u00fablico infantil present\u00f3 el n\u00famero 27, \u2018El misterio del campamento de verano\u2019, junto al periodista de la Cadena SER Ant\u00f3n Meana.\" data-tb-link=\"\" rel=\"nofollow noopener\" target=\"_blank\"><img decoding=\"async\" src=\"https:\/\/www.europesays.com\/es\/wp-content\/uploads\/2025\/09\/3GYYURSCURE6PJTIRD6RQBBD4I.JPG\" alt=\"Roberto Santiago: \u201cCada novela de \u2018Los Futbol\u00edsimos\u2019 es un reto nuevo\u201d\" class=\"\" height=\"1\" width=\"1\"   loading=\"lazy\" data-tb-thumbnail=\"\"\/><\/a><a href=\"https:\/\/as.com\/futbol\/mas_futbol\/roberto-santiago-es-un-sueno-que-cada-libro-de-los-futbolisimos-siga-siendo-un-best-seller-n\/\" class=\"s_m_w\" title=\"Vuelven Los Futbol\u00edsimos a AS. \u2018El misterio del campamento de verano\u2019 ser\u00e1 la 27\u00aa novela de la saga, la cuarta interactiva. Roberto Santiago (Madrid, 1968), su autor, la afronta con mucha ilusi\u00f3n y tambi\u00e9n, con muchos nervios. Desde este viernes y durante 18 semanas los lectores ser\u00e1n los que decidan los designios de la historia. \" data-tb-link=\"\" rel=\"nofollow noopener\" target=\"_blank\"><img decoding=\"async\" src=\"https:\/\/www.europesays.com\/es\/wp-content\/uploads\/2025\/09\/DLEYJMK232TBW55FU6WLISOJCA.jpg\" alt=\"Roberto Santiago: \u201cEs un sue\u00f1o que cada libro de Los Futbol\u00edsimos siga siendo un best seller\u201d\" class=\"\" height=\"1\" width=\"1\"   loading=\"lazy\" data-tb-thumbnail=\"\"\/><\/a><\/p>\n<p class=\"\"><b>\u00a1Tus opiniones importan!<\/b> Comenta en los art\u00edculos y suscr\u00edbete gratis a nuestra <a href=\"https:\/\/asfan.as.com\/newsletters\/\" target=\"_blank\" rel=\"nofollow noopener\" title=\"https:\/\/asfan.as.com\/newsletters\/\">newsletter<\/a> y a las alertas informativas en la <a href=\"https:\/\/as.com\/aplicacion-de-as-n\/\" target=\"_blank\" rel=\"nofollow noopener\" title=\"https:\/\/as.com\/aplicacion-de-as-n\/\">App<\/a> o el canal de <a href=\"https:\/\/www.whatsapp.com\/channel\/0029VaAasdA7j6g745nz9M10\" target=\"_blank\" rel=\"nofollow noopener\" title=\"https:\/\/www.whatsapp.com\/channel\/0029VaAasdA7j6g745nz9M10\">WhatsApp<\/a>. <\/p>\n<p class=\"\">\u00bfBuscas licenciar contenido? Haz clic <a href=\"https:\/\/profesional.elpais.com\/soluciones-sindicacion?utm_medium=interno&amp;utm_source=crosslinking&amp;utm_campaign=sindicacion_as_pie_articulos\" target=\"_blank\" rel=\"nofollow noopener\" title=\"https:\/\/profesional.elpais.com\/soluciones-sindicacion?utm_medium=interno&amp;utm_source=crosslinking&amp;utm_campaign=sindicacion_as_pie_articulos\">aqu\u00ed<\/a>.<\/p>\n","protected":false},"excerpt":{"rendered":"Vuelven a AS Los Futbol\u00edsimos. \u00bfCu\u00e1les son las emociones de Roberto Santiago ante esta nueva novela interactiva en&hellip;\n","protected":false},"author":2,"featured_media":147833,"comment_status":"","ping_status":"","sticky":false,"template":"","format":"standard","meta":{"footnotes":""},"categories":[172],"tags":[224,146,147,25,24,225,23],"class_list":{"0":"post-147832","1":"post","2":"type-post","3":"status-publish","4":"format-standard","5":"has-post-thumbnail","7":"category-libros","8":"tag-books","9":"tag-entertainment","10":"tag-entretenimiento","11":"tag-es","12":"tag-espana","13":"tag-libros","14":"tag-spain"},"share_on_mastodon":{"url":"","error":""},"_links":{"self":[{"href":"https:\/\/www.europesays.com\/es\/wp-json\/wp\/v2\/posts\/147832","targetHints":{"allow":["GET"]}}],"collection":[{"href":"https:\/\/www.europesays.com\/es\/wp-json\/wp\/v2\/posts"}],"about":[{"href":"https:\/\/www.europesays.com\/es\/wp-json\/wp\/v2\/types\/post"}],"author":[{"embeddable":true,"href":"https:\/\/www.europesays.com\/es\/wp-json\/wp\/v2\/users\/2"}],"replies":[{"embeddable":true,"href":"https:\/\/www.europesays.com\/es\/wp-json\/wp\/v2\/comments?post=147832"}],"version-history":[{"count":0,"href":"https:\/\/www.europesays.com\/es\/wp-json\/wp\/v2\/posts\/147832\/revisions"}],"wp:featuredmedia":[{"embeddable":true,"href":"https:\/\/www.europesays.com\/es\/wp-json\/wp\/v2\/media\/147833"}],"wp:attachment":[{"href":"https:\/\/www.europesays.com\/es\/wp-json\/wp\/v2\/media?parent=147832"}],"wp:term":[{"taxonomy":"category","embeddable":true,"href":"https:\/\/www.europesays.com\/es\/wp-json\/wp\/v2\/categories?post=147832"},{"taxonomy":"post_tag","embeddable":true,"href":"https:\/\/www.europesays.com\/es\/wp-json\/wp\/v2\/tags?post=147832"}],"curies":[{"name":"wp","href":"https:\/\/api.w.org\/{rel}","templated":true}]}}