{"id":147834,"date":"2025-09-30T04:25:14","date_gmt":"2025-09-30T04:25:14","guid":{"rendered":"https:\/\/www.europesays.com\/es\/147834\/"},"modified":"2025-09-30T04:25:14","modified_gmt":"2025-09-30T04:25:14","slug":"no-podemos-decir-nada-pero-yo-lo-digo","status":"publish","type":"post","link":"https:\/\/www.europesays.com\/es\/147834\/","title":{"rendered":"No podemos decir nada, pero yo lo digo"},"content":{"rendered":"<p>En &#8216;Y ahora Sonsoles&#8217; no se suele hablar de pol\u00edtica salvo en contadas ocasiones por alguna noticia de \u00faltima hora. Sin embargo, este lunes, <a href=\"https:\/\/eltelevisero.huffingtonpost.es\/2025\/08\/ana-obregon-pone-voz-a-la-queja-mas-repetida-a-sonsoles-onega-dentro-de-su-equipo-se-nota-que-no-esta\/\" data-type=\"link\" data-id=\"https:\/\/eltelevisero.huffingtonpost.es\/2025\/08\/ana-obregon-pone-voz-a-la-queja-mas-repetida-a-sonsoles-onega-dentro-de-su-equipo-se-nota-que-no-esta\/\" rel=\"nofollow noopener\" target=\"_blank\">Ana Obreg\u00f3n <\/a>ha decidido saltarse el guion habitual y lanzar un dardo al gobierno tras escuchar un testimonio en el programa. <\/p>\n<p>El programa de Sonsoles \u00d3nega conectaba este lunes con Miguel Beato, un profesor de m\u00fasica que tocaba el piano mientras los cirujanos le extirpaban un tumor cerebral. Tras emitir un v\u00eddeo explicando su caso, el invitado aclaraba el motivo por el que tocaba m\u00fasica en plena operaci\u00f3n. <\/p>\n<p>\u00abLo primero decir que era tocar un poco el piano para que se viese que estaba consciente y de que se estaba haciendo medianamente bien. El cerebro no duele. Previamente te duermen, te abren el cr\u00e1neo y cuando est\u00e1 abierto es cuando te despiertan y en ese momento operan mientras yo toco para ver que la parte derecha que es la que podr\u00eda sufrir funciona\u00bb, confesaba Miguel Beato. <\/p>\n<p>Un testimonio que emocionaba mucho a Ana Obreg\u00f3n pues le hace recordar todo lo que ella vivi\u00f3 con su hijo Aless. \u00abS\u00e9 que tienes un tumor en estadio 4, \u00bfhan conseguido extirparlo totalmente?\u00bb, le cuestionaba la actriz y presentadora. \u00abS\u00ed, era el m\u00e1s agresivo pero han conseguido extirparlo en su totalidad por suerte\u00bb, le aclaraba \u00e9l. <\/p>\n<p><img loading=\"lazy\" decoding=\"async\" width=\"1200\" height=\"676\" src=\"data:image\/svg+xml,%3Csvg%20xmlns=\" http:=\"\" alt=\"\" class=\"wp-image-899707\" data-lazy- data-lazy- data-lazy-src=\"https:\/\/www.europesays.com\/es\/wp-content\/uploads\/2025\/09\/yas-29s-min.jpg\"\/><\/p>\n<p>\u00abEnhorabuena al cirujano y a ti.\u00a0Qu\u00e9 maravilla. Se me pone la piel de gallina al ver estas im\u00e1genes\u00bb, reconoc\u00eda Ana Obreg\u00f3n al ver las im\u00e1genes de la operaci\u00f3n de Miguel Beato mientras tocaba un peque\u00f1o teclado mientras los cirujanos le extirpaban el tumor cerebral. <\/p>\n<p>Tras ello, Ana Obreg\u00f3n ha aprovechado para defender lo importante que es la investigaci\u00f3n contra el c\u00e1ncer. \u00abLa investigaci\u00f3n es fundamental, yo lo s\u00e9 bien\u00bb, aseveraba. \u00abFalta much\u00edsimo dinero. <strong>No hay dinero en el Gobierno para investigar. Si el Gobierno presupuestara un poquito m\u00e1s, que no podemos decir nada del Gobierno pero yo lo digo<\/strong>, si presupuestara m\u00e1s dinero para financiar la investigaci\u00f3n porque es lo \u00fanico que salva vidas\u00bb, aseveraba. <\/p>\n<p>\u00abEn este momento probablemente estos cirujanos que han tenido esta valent\u00eda de hacerla como han hecho, es que la ciencia va salvando vidas y t\u00fa te vas a salvar y vas a estar como una rosa\u00bb, apostillaba Ana Obreg\u00f3n. <\/p>\n","protected":false},"excerpt":{"rendered":"En &#8216;Y ahora Sonsoles&#8217; no se suele hablar de pol\u00edtica salvo en contadas ocasiones por alguna noticia de&hellip;\n","protected":false},"author":2,"featured_media":147835,"comment_status":"","ping_status":"","sticky":false,"template":"","format":"standard","meta":{"footnotes":""},"categories":[171],"tags":[146,147,25,24,23,214],"class_list":{"0":"post-147834","1":"post","2":"type-post","3":"status-publish","4":"format-standard","5":"has-post-thumbnail","7":"category-tv","8":"tag-entertainment","9":"tag-entretenimiento","10":"tag-es","11":"tag-espana","12":"tag-spain","13":"tag-tv"},"share_on_mastodon":{"url":"","error":""},"_links":{"self":[{"href":"https:\/\/www.europesays.com\/es\/wp-json\/wp\/v2\/posts\/147834","targetHints":{"allow":["GET"]}}],"collection":[{"href":"https:\/\/www.europesays.com\/es\/wp-json\/wp\/v2\/posts"}],"about":[{"href":"https:\/\/www.europesays.com\/es\/wp-json\/wp\/v2\/types\/post"}],"author":[{"embeddable":true,"href":"https:\/\/www.europesays.com\/es\/wp-json\/wp\/v2\/users\/2"}],"replies":[{"embeddable":true,"href":"https:\/\/www.europesays.com\/es\/wp-json\/wp\/v2\/comments?post=147834"}],"version-history":[{"count":0,"href":"https:\/\/www.europesays.com\/es\/wp-json\/wp\/v2\/posts\/147834\/revisions"}],"wp:featuredmedia":[{"embeddable":true,"href":"https:\/\/www.europesays.com\/es\/wp-json\/wp\/v2\/media\/147835"}],"wp:attachment":[{"href":"https:\/\/www.europesays.com\/es\/wp-json\/wp\/v2\/media?parent=147834"}],"wp:term":[{"taxonomy":"category","embeddable":true,"href":"https:\/\/www.europesays.com\/es\/wp-json\/wp\/v2\/categories?post=147834"},{"taxonomy":"post_tag","embeddable":true,"href":"https:\/\/www.europesays.com\/es\/wp-json\/wp\/v2\/tags?post=147834"}],"curies":[{"name":"wp","href":"https:\/\/api.w.org\/{rel}","templated":true}]}}