{"id":147838,"date":"2025-09-30T04:27:15","date_gmt":"2025-09-30T04:27:15","guid":{"rendered":"https:\/\/www.europesays.com\/es\/147838\/"},"modified":"2025-09-30T04:27:15","modified_gmt":"2025-09-30T04:27:15","slug":"los-musculos-de-dwayne-johnson-quieren-levantar-un-oscar-con-the-smashing-machine","status":"publish","type":"post","link":"https:\/\/www.europesays.com\/es\/147838\/","title":{"rendered":"los m\u00fasculos de Dwayne Johnson quieren levantar un Oscar con &#8216;The Smashing Machine&#8217;"},"content":{"rendered":"<p>El <strong>mes de octubre<\/strong> est\u00e1 a la vuelta de la esquina y como siempre, viene cargado de una buena cantidad de novedades para las salas de cine. Entre otras cosas porque la temporada final de premios se acerca con la recta final del 2025. As\u00ed, en los pr\u00f3ximos d\u00edas podremos ver el intento de <a href=\"https:\/\/okdiario.com\/trailer\/the-rock-recibe-ovacion-gigante-festival-venecia-apunta-oscar-ultima-pelicula-15336416\" rel=\"nofollow noopener\" target=\"_blank\">Dwayne Johnson<\/a> de alzarse con una nominaci\u00f3n en los Oscar gracias a <strong>The Smashing Machine<\/strong>, aparte de otras tantas producciones destacadas como la reciente ganadora de <strong>la Concha de Oro en el Festival de Cine de San Sebasti\u00e1n<\/strong>, <a href=\"https:\/\/okdiario.com\/trailer\/domingos-donde-podemos-ver-ganadora-concha-oro-del-festival-san-sebastian-15487745\" rel=\"nofollow noopener\" target=\"_blank\">Los domingos<\/a>. A continuaci\u00f3n, repasamos los estrenos m\u00e1s relevantes que aterrizar\u00e1n a lo largo de las siguientes semanas en la cartelera nacional:<\/p>\n<p>Los estrenos de octubre\u2018The Smashing Machine\u2019<\/p>\n<p><img loading=\"lazy\" decoding=\"async\" class=\"size-medium wp-image-14691218\" alt=\"The Smashing Machine\" width=\"620\" height=\"349\"  src=\"https:\/\/www.europesays.com\/es\/wp-content\/uploads\/2025\/09\/the-smashing-machine-a24.-620x349.jpg\" \/> \u2018The Smashing Machine\u2019 (A24).<\/p>\n<p>La \u00f3pera prima como director en solitario de <strong>Ben Safdie<\/strong> sin su hermano Josh recibi\u00f3, un gran aplauso en su presentaci\u00f3n en el pasado <a href=\"https:\/\/www.labiennale.org\/en\/news\/official-awards-82nd-venice-international-film-festival\" rel=\"nofollow noopener\" target=\"_blank\">Festival de Cine de Venecia<\/a>. Partiendo del documental hom\u00f3nimo y producida por A24, la historia se centra en la vida de <strong>Mark Kerr<\/strong>, uno de los m\u00e1s grandes luchadores de las artes mundiales mixtas antes del nacimiento de la actual UFC.<\/p>\n<ul>\n<li>Estreno: <strong>d\u00eda 3<\/strong><\/li>\n<li>Reparto: Dwane Johnson, Emily Blunt, Bas Rutten, Paul Lazenby, Whitney Moore y Andr\u00e9 Tricoteux<\/li>\n<\/ul>\n<p>\u2018Bala perdida\u2019<\/p>\n<p><img loading=\"lazy\" decoding=\"async\" class=\"wp-image-14808437 size-medium\" alt=\"The Smashing Machine\" width=\"620\" height=\"349\"  src=\"https:\/\/www.europesays.com\/es\/wp-content\/uploads\/2025\/08\/caught-stealing-stills-03_cropped-620x349.jpg\" \/> \u2018Bala perdida\u2019 (Sony Pictures).<\/p>\n<p>Adaptando la novela de <strong>Charlie Huston<\/strong>, Darren Aronofski (Cisne negro, La ballena) nos sumerge en un thriller criminal en el que la vida de un ex deportista se convierte de la noche a la ma\u00f1ana, en una <strong>persecuci\u00f3n entre g\u00e1nsters<\/strong> variopintos.<\/p>\n<ul>\n<li>Estreno: <strong>d\u00eda 10<\/strong><\/li>\n<li>Reparto: Austin Butler, Zo\u00eb Kravitz, Matt Smith, Regina King, Liev Schreiber, Vicent D\u2019Onofrio y Bad Bunny, entre otros.<\/li>\n<\/ul>\n<p>\u2018Una casa llena de dinamita\u2019<\/p>\n<p><img loading=\"lazy\" decoding=\"async\" class=\"size-medium wp-image-15343763\" alt=\"Kathryn Bigelow Venecia\" width=\"620\" height=\"349\"  src=\"https:\/\/www.europesays.com\/es\/wp-content\/uploads\/2025\/09\/una_casa_llena_de_dinamita-542636847-large_cropped-620x349.jpg\" \/> \u2018Una casa llena de dinamita\u2019 (Netflix).<\/p>\n<p>La ganadora de Oscar<strong> Katheryn Bigelow<\/strong> (En tierra hostil, La noche m\u00e1s oscura), trae este thriller criminal producido por Netflix en el que nos encontramos ante la b\u00fasqueda de un enemigo que acaba de lanzar <strong>un misil sin identificar contra los Estados Unidos<\/strong>. Tras su estreno en salas, llegar\u00e1 al cat\u00e1logo de la \u00abGran N roja\u00bb el pr\u00f3ximo 24 de octubre.<\/p>\n<ul>\n<li>Estreno: <strong>d\u00eda 10<\/strong><\/li>\n<li>Reparto: Idris Elba, Rebecca Ferguson, Gabriel Basso, Jared Harris, Tracy Letts, Anthony Ramos, Moses Ingram, Jonah Hauer-King, Greta Lee y Jason Clarke.<\/li>\n<\/ul>\n<p>\u2018Caza de brujas\u2019<\/p>\n<p><img loading=\"lazy\" decoding=\"async\" class=\"size-medium wp-image-15129369\" alt=\"Caza de brujas\" width=\"620\" height=\"349\"  src=\"https:\/\/www.europesays.com\/es\/wp-content\/uploads\/2025\/09\/caza_de_brujas-315026322-large_cropped-620x349.jpg\" \/> \u2018Caza de brujas\u2019 (Amazon MGM Studios).<\/p>\n<p>Luca Guadagnino vuelve a rodearse de grandes estrellas y la banda sonora de Trent Reznor y Atticus Ross. Esta vez, nos sit\u00faa bajo <strong>la duda de una acusaci\u00f3n de presunto abuso sexual<\/strong> en el que una profesora universitaria debe tomar parte.<\/p>\n<ul>\n<li>Estreno: <strong>d\u00eda 17<\/strong><\/li>\n<li>Reparto: Julia Roberts, Ayo Edebiri, Andrew Garfield, Michael Stuhlbarg, Chlo\u00eb Sevigny y Thaddea Graham.<\/li>\n<\/ul>\n<p>\u2018Un simple accidente\u2019<\/p>\n<p><img loading=\"lazy\" decoding=\"async\" class=\"size-medium wp-image-14824016\" alt=\"Cannes 2025\" width=\"620\" height=\"349\"  src=\"https:\/\/www.europesays.com\/es\/wp-content\/uploads\/2025\/09\/un-simple-accident-les-films-pelleas.-620x349.jpg\" \/> \u2018Un simple accident\u2019 (Les Films Pelle\u0301as).<\/p>\n<p>Junto a The Smashing Machine, posiblemente sea el estreno m\u00e1s autoral de octubre. <strong>Ganadora de la Palma de Oro<\/strong> en la pasada edici\u00f3n de Cannes, la trama nos plantea toda una serie de consecuencias alrededor de un aparente accidente sin relevancia.<\/p>\n<ul>\n<li>Estreno: <strong>d\u00eda 17<\/strong><\/li>\n<li>Reparto: Ebrahim Azizi, Madjid Panahi, Vahid Mobasseri, Mariam Afshari, Hadis Pakbaten, Delmaz Najafi y George Hashemzadeh.<\/li>\n<\/ul>\n<p>\u2018Good Boy\u2019<\/p>\n<p><img loading=\"lazy\" decoding=\"async\" class=\"wp-image-15232258 size-medium\" alt=\"Good Boy terror perro\" width=\"620\" height=\"349\"  src=\"https:\/\/www.europesays.com\/es\/wp-content\/uploads\/2025\/08\/l-intro-1741701437_cropped-620x349.jpg\" \/> \u2018Good Boy\u2019 (What\u2019s Wrong With Your Dog).<\/p>\n<p>El gran a\u00f1o del cine de terror todav\u00eda nos ten\u00eda que sorprender con una apuesta tan original como tierna. El debut en la direcci\u00f3n de Ben Leonberg, pone <strong>el punto de vista<\/strong> del espectador en los ojos de <strong>un perro<\/strong>. Este har\u00e1 todo lo posible para evitar que unas fuerzas malignas ataquen a su due\u00f1o.<\/p>\n<ul>\n<li>Estreno: <strong>d\u00eda 17<\/strong><\/li>\n<li>Reparto: Shane Jensen, Arielle Friedman, Larry Fessenden y Stuart Rudin.<\/li>\n<\/ul>\n<p>\u2018Los domingos\u2019<\/p>\n<p><img loading=\"lazy\" decoding=\"async\" class=\"size-medium wp-image-15487948\" alt=\"Los domingos Concha de Oro\" width=\"620\" height=\"349\"  src=\"https:\/\/www.europesays.com\/es\/wp-content\/uploads\/2025\/09\/los-domingos-alauda-ruiz-azua.jpg_cropped-620x349.jpg\" \/> \u2018Los domingos\u2019 (BTeam Pictures).<\/p>\n<p>Tras deslumbrar con su \u00f3pera prima <strong>Cinco lobitos<\/strong> y confeccionar una miniserie tan brutal como Querer, Alauda Ruiz de Az\u00faa vuelve con otro drama familiar que apunta a ser una de las <strong>grandes favoritas de los Goya 2026<\/strong>. La trama se centra en una joven de 17 a\u00f1os que toma la decisi\u00f3n de hacerse monja de clausura, ante la desaprobaci\u00f3n y sorpresa de toda la familia<\/p>\n<ul>\n<li>Estreno: <strong>d\u00eda 24<\/strong><\/li>\n<li>Reparto: Blanca Soroa, Patricia L\u00f3pez Arnaiz, Miguel Garc\u00e9s, Juan, Minuj\u00edn, Mabel Rivera y Nagore Aranburu<\/li>\n<\/ul>\n<p>\u2018Frankenstein\u2019<\/p>\n<p><img loading=\"lazy\" decoding=\"async\" class=\"size-medium wp-image-15285273\" alt=\"pel\u00edcula m\u00e1s esperada Netflix\" width=\"620\" height=\"349\"  src=\"https:\/\/www.europesays.com\/es\/wp-content\/uploads\/2025\/08\/81586-h3_cropped-620x349.jpg\" \/> \u2018Frankenstein\u2019 (Netflix).<\/p>\n<p>No se ha puesto tan fuerte como \u00abThe Rock\u00bb en The Smashing Machine, pero el cuerpo de <strong>Jacob Elordi<\/strong> luce tremendamente monstruoso en la versi\u00f3n de Frankenstein de Guillermo del Toro. Al igual que sucede con Una casa llena de dinamita, tras su paso por cines, el filme dar\u00e1 <strong>el salto a Netflix en noviembre<\/strong>.<\/p>\n<ul>\n<li>Estreno: <strong>d\u00eda 24<\/strong><\/li>\n<li>Reparto: Jacob Elordi, Oscar Isaac, Mia Goth, Christoph Waltz, David Bradley y Lars Mikkelsen, entre otros<\/li>\n<\/ul>\n","protected":false},"excerpt":{"rendered":"El mes de octubre est\u00e1 a la vuelta de la esquina y como siempre, viene cargado de una&hellip;\n","protected":false},"author":2,"featured_media":147839,"comment_status":"","ping_status":"","sticky":false,"template":"","format":"standard","meta":{"footnotes":""},"categories":[169],"tags":[177,146,147,25,24,176,175,23],"class_list":{"0":"post-147838","1":"post","2":"type-post","3":"status-publish","4":"format-standard","5":"has-post-thumbnail","7":"category-cine","8":"tag-cine","9":"tag-entertainment","10":"tag-entretenimiento","11":"tag-es","12":"tag-espana","13":"tag-film","14":"tag-movies","15":"tag-spain"},"share_on_mastodon":{"url":"","error":""},"_links":{"self":[{"href":"https:\/\/www.europesays.com\/es\/wp-json\/wp\/v2\/posts\/147838","targetHints":{"allow":["GET"]}}],"collection":[{"href":"https:\/\/www.europesays.com\/es\/wp-json\/wp\/v2\/posts"}],"about":[{"href":"https:\/\/www.europesays.com\/es\/wp-json\/wp\/v2\/types\/post"}],"author":[{"embeddable":true,"href":"https:\/\/www.europesays.com\/es\/wp-json\/wp\/v2\/users\/2"}],"replies":[{"embeddable":true,"href":"https:\/\/www.europesays.com\/es\/wp-json\/wp\/v2\/comments?post=147838"}],"version-history":[{"count":0,"href":"https:\/\/www.europesays.com\/es\/wp-json\/wp\/v2\/posts\/147838\/revisions"}],"wp:featuredmedia":[{"embeddable":true,"href":"https:\/\/www.europesays.com\/es\/wp-json\/wp\/v2\/media\/147839"}],"wp:attachment":[{"href":"https:\/\/www.europesays.com\/es\/wp-json\/wp\/v2\/media?parent=147838"}],"wp:term":[{"taxonomy":"category","embeddable":true,"href":"https:\/\/www.europesays.com\/es\/wp-json\/wp\/v2\/categories?post=147838"},{"taxonomy":"post_tag","embeddable":true,"href":"https:\/\/www.europesays.com\/es\/wp-json\/wp\/v2\/tags?post=147838"}],"curies":[{"name":"wp","href":"https:\/\/api.w.org\/{rel}","templated":true}]}}