{"id":147848,"date":"2025-09-30T04:34:06","date_gmt":"2025-09-30T04:34:06","guid":{"rendered":"https:\/\/www.europesays.com\/es\/147848\/"},"modified":"2025-09-30T04:34:06","modified_gmt":"2025-09-30T04:34:06","slug":"la-generalitat-rectifica-y-actua-con-celeridad-en-el-nuevo-temporal-pero-mazon-no-se-escapa-de-la-polemica-el-pais","status":"publish","type":"post","link":"https:\/\/www.europesays.com\/es\/147848\/","title":{"rendered":"La Generalitat rectifica y act\u00faa con celeridad en el nuevo temporal pero Maz\u00f3n no se escapa de la pol\u00e9mica &#8211; EL PA\u00cdS"},"content":{"rendered":"<ol>\n<li><a href=\"https:\/\/news.google.com\/rss\/articles\/CBMi_gFBVV95cUxNaGhJR0V2V2ZueGhPSTJneTlUbHJteU82UVhldHhfcS1VVUZRSi1QNHJ4QnlQRTduSDRaOU5YeFNOVWVVQ1AtTlV0RXZuajliN3MzdU9ZdEpNd3ptZVZQeUtBNTdka3E2endZUi10QjR2dHk2bUN3djJCT1g4dzV2RFN1RTNLRXlJWnlQenNyQUg4UG1XcE03bEZTd1hRQjRWUEYzNGwzXy1yTEpZN1owS0NEem5xVHhubmprUUp1VnY2WDFwWnVjQjRPUkw4RDZlMmRLeExmMXo3elpFQXlKel9ZdlIzOTFTMDlBczZqcGdkaEU3M0QzQktfYVo1QdIBkgJBVV95cUxNYTJ6WjlDY0F3YzRtS2xPR3EzWXNIS243V1lISHJDYzQzUkVMTTUwSE1TaV91ZEJ0MHctOHJycndweVA3MldrRFQ4QjZQa0FGeXBZOXZEcm5BRFlDTjU0Wng2U1pSZVBWLWRROWpIQkpJZDk0NE9wMXEyY1pRM1lPd1U1ODV4THpwLV83SUNtYTBMT0RZR3dsbkZYTmxIa1pfblV4UHZSY1Vqa3E0WkF6Qkp1VnBfWFk1TkJjSG41NnFWd3I3eERQbEtOUmUwdnNfMjg5ZWVjZkVfVEVTLVUwbDFyZkJSYWR3YnpDRmZRSTJVbmllYUpIZFp2eGppTnRoeUEySGtnbnF3bmwtdmZzNGhB?oc=5\" target=\"_blank\" rel=\"nofollow noopener\">La Generalitat rectifica y act\u00faa con celeridad en el nuevo temporal pero Maz\u00f3n no se escapa de la pol\u00e9mica<\/a>&nbsp;&nbsp;EL PA\u00cdS<\/li>\n<li><a href=\"https:\/\/news.google.com\/rss\/articles\/CBMipgFBVV95cUxPdTNJaXIweW54d1hybmhDVHFnRVA5RWZQNkl3SlpjMVJBVF9saFpGRFFCSzJfamFiSzRIYmhSVUFtdlFhUzFQalNQMmxxemg3dndKTHYzZFM4eU9DOFZSWTZ6ZFNoZGY1RzVBOGNpNzl1d2Z3TnF0a0xJNnRqTnRaQWczckg4N2hHSmpVVE1wVWE4WVhWNDhkcWdNWmp3b19uYjlPOU9n0gGrAUFVX3lxTE05TnFOVjZnYWZkbmd2YUlGd2ZCSHdlNXN0eV9MQjBIOGZ0dGZoSXZsMFp5WWp3VGM0Qml1UjZaTDdTXzhSU3AxVjRYczBqUVhzNWYtTHByM2JMS3IzazBaTlc5bkh3YzhhekNhT0I0WmZCUGtXZ19jRVc0Q3ItQ2ZqSTMyVC1WZnNVN2xCOEJUNEhDUkcxeFJqUGtLbExKLVlrUVhxX2pWZDBadw?oc=5\" target=\"_blank\" rel=\"nofollow noopener\">La alerta roja por lluvias paraliza la Comunitat Valenciana y reaviva el recuerdo de la dana<\/a>&nbsp;&nbsp;Levante-EMV<\/li>\n<li><a href=\"https:\/\/news.google.com\/rss\/articles\/CBMixgFBVV95cUxPOGlNaUpjQ2pIemdPQ0o1NlZkbTVZWmhxM205WWZ4UEJMdk9TSVhfSkwxb182WlR4WFllRmxycnlMb3Izbm5zTFpqM01KY1ZTbVZ2elJ5RkJWaThKQnJaZl83NW1PU3hqYzhQdTJGX1N0Y2wxTFNrOVdwOVI0Z3VkZ2YwNFJZdmkyUTFCT3pXcGRKVmVuZXIxUXJrY21lN29Pcjlpd1pzaUcxZUJDa28tdms3bHI2czhkd211V1hpQUNRMFFSQ2c?oc=5\" target=\"_blank\" rel=\"nofollow noopener\">Val\u00e8ncia reanuda las clases ma\u00f1ana martes excepto en las zonas inundables, pedan\u00edas afectadas por la dana y se suma la fachada mar\u00edtima que mantienen la suspensi\u00f3n<\/a>&nbsp;&nbsp;Ayuntamiento de Valencia<\/li>\n<li><a href=\"https:\/\/news.google.com\/rss\/articles\/CBMiqAFBVV95cUxPWW9nU1gzQWJudGZRRmhoZV9LQnFlcUVIRi13Q0E2TzBTT0d0VnlfMVd4S1kzWGdIVmxvU3lfaFJYbUJTVnZiSllybUt1SmR5aGF4R2hWbVJXYXZzUjE1MHpKd0d5Y2FRRHpISDdIMEh3eHptMWpEeFB4RG1KbjVmOURtWTd6aVhvcVRFYVVJeXM4R3lWNkc5MmJ3OE43Z2VQNjF3ZDYtbVbSAa4BQVVfeXFMTWt2cDhCdDF5SDRxSVVZWmQyQmRBbGYyc0hNcHhsZkZxREN1YVJzamkxZmw1WDAwRmowa09mZWNxRDJTOGkxSm5OMURkMjlRa1JDUGl4Sjh0TkdYT2hNbnRXVVZGcHBfcDVmRV9mNkszQTIydGlTcS1SZ1RJWEQ2UEpPakJuMFdDSmFCOFdTZFdWVWhJSXE2U252ZnJXbnVHaEJDTGhtLVFPQndrVGpn?oc=5\" target=\"_blank\" rel=\"nofollow noopener\">\u00bfHasta cu\u00e1ndo va a durar el temporal en Espa\u00f1a? La Aemet mantiene los avisos en estas zonas y pone fecha para el final de las fuertes lluvias<\/a>&nbsp;&nbsp;El Confidencial<\/li>\n<li><a href=\"https:\/\/news.google.com\/rss\/articles\/CBMiswFBVV95cUxQOWFGaHJUb19UanI3U0MyY1pIWklIRC1nSjhaNDBhU0w5Z0tBcmh3RjdxMzZtd2V6MG9HZ3RhWFpmWlIySUJscldJZDZlN3BCbDNEb1Mza290TWVqbVRVbFB6YVNUWFF5bXl5Mkp1aU1heWF2UGQ5MnRpRVZ0R0JkNExWXzNCQ2lXbHBzQUVZUGMycEpVdEZMX0t3QjVRRUNVOUJZU3ZXODQwVWFkcHUwR0JNc9IBxwFBVV95cUxOMWZ2cTdYbjFkaGZlazNSODJialVMeF84Wl9INFZ6NFY2OXRHeUEtaEw4OVRLdnhEZlVQYlNrQm9HMjdGZHV0UUxscTNKZUVhbHB1WnZXTEdLNm9Fa2NaUkZER29OR0ZlWk9LZFA3dTlxUFU3eGtKY1hLT1Ewblg1SjVaNXFFc1ZXMmdxZlZXZlF1ZjBTak5POXhoclRRSG9uTDRMbVhZSmxTcThjbjh4a1BXbzFUNm8wVHVUQkZucVBSVG9VNUhj?oc=5\" target=\"_blank\" rel=\"nofollow noopener\">Por fin se prioriz\u00f3 la gesti\u00f3n de la alerta<\/a>&nbsp;&nbsp;Cadena SER<\/li>\n<\/ol>\n","protected":false},"excerpt":{"rendered":"La Generalitat rectifica y act\u00faa con celeridad en el nuevo temporal pero Maz\u00f3n no se escapa de la&hellip;\n","protected":false},"author":2,"featured_media":147755,"comment_status":"","ping_status":"","sticky":false,"template":"","format":"standard","meta":{"footnotes":""},"categories":[8],"tags":[17,18,25,24,13,14,11,19,20,9,10,15,16,23,12,21,22],"class_list":{"0":"post-147848","1":"post","2":"type-post","3":"status-publish","4":"format-standard","5":"has-post-thumbnail","7":"category-espana","8":"tag-breaking-news","9":"tag-breakingnews","10":"tag-es","11":"tag-espana","12":"tag-featured-news","13":"tag-featurednews","14":"tag-headlines","15":"tag-latest-news","16":"tag-latestnews","17":"tag-news","18":"tag-noticias","19":"tag-noticias-destacadas","20":"tag-noticiasdestacadas","21":"tag-spain","22":"tag-titulares","23":"tag-ultimas-noticias","24":"tag-ultimasnoticias"},"share_on_mastodon":{"url":"","error":""},"_links":{"self":[{"href":"https:\/\/www.europesays.com\/es\/wp-json\/wp\/v2\/posts\/147848","targetHints":{"allow":["GET"]}}],"collection":[{"href":"https:\/\/www.europesays.com\/es\/wp-json\/wp\/v2\/posts"}],"about":[{"href":"https:\/\/www.europesays.com\/es\/wp-json\/wp\/v2\/types\/post"}],"author":[{"embeddable":true,"href":"https:\/\/www.europesays.com\/es\/wp-json\/wp\/v2\/users\/2"}],"replies":[{"embeddable":true,"href":"https:\/\/www.europesays.com\/es\/wp-json\/wp\/v2\/comments?post=147848"}],"version-history":[{"count":0,"href":"https:\/\/www.europesays.com\/es\/wp-json\/wp\/v2\/posts\/147848\/revisions"}],"wp:featuredmedia":[{"embeddable":true,"href":"https:\/\/www.europesays.com\/es\/wp-json\/wp\/v2\/media\/147755"}],"wp:attachment":[{"href":"https:\/\/www.europesays.com\/es\/wp-json\/wp\/v2\/media?parent=147848"}],"wp:term":[{"taxonomy":"category","embeddable":true,"href":"https:\/\/www.europesays.com\/es\/wp-json\/wp\/v2\/categories?post=147848"},{"taxonomy":"post_tag","embeddable":true,"href":"https:\/\/www.europesays.com\/es\/wp-json\/wp\/v2\/tags?post=147848"}],"curies":[{"name":"wp","href":"https:\/\/api.w.org\/{rel}","templated":true}]}}