{"id":147849,"date":"2025-09-30T04:38:29","date_gmt":"2025-09-30T04:38:29","guid":{"rendered":"https:\/\/www.europesays.com\/es\/147849\/"},"modified":"2025-09-30T04:38:29","modified_gmt":"2025-09-30T04:38:29","slug":"2-700-aficionados-del-psg-rumbo-a-barcelona","status":"publish","type":"post","link":"https:\/\/www.europesays.com\/es\/147849\/","title":{"rendered":"2.700 aficionados del PSG, rumbo a Barcelona"},"content":{"rendered":"<p data-gtm-element-container=\"modulo-texto-link\" class=\"paragraph\">Un partido entre el <strong>FC Barcelona<\/strong> y el<strong> PSG<\/strong>, que a punto estuvo de ser la final de la pasada edici\u00f3n de la\u00a0<strong>Champions League<\/strong>, genera una enorme expectaci\u00f3n. El mi\u00e9rcoles (21 horas) el Estadi Ol\u00edmpic de Montjuic albergar\u00e1\u00a0 el enfrentamiento estrella de esta segunda jornada de la fase Liga de la m\u00e1xima competici\u00f3n europea. El inter\u00e9s que despierta este partido, aunque no sea en una eliminatoria directa, explica la movilizaci\u00f3n de aficionados del club parisino que se anuncia desde Francia. <strong>Le Parisien<\/strong> inform\u00f3 que se esperan <strong>2.700 aficionados del PSG <\/strong>para acompa\u00f1ar a su equipo en el partido ante el Bar\u00e7a.<\/p>\n<p data-gtm-element-container=\"modulo-texto-link\" class=\"paragraph\">El medio parisino avanz\u00f3 que al equipo de<strong> Luis Enrique Mart\u00ednez<\/strong> no le faltar\u00e1 el apoyo en la grada de sus incondicionales. Los 2,700 aficionados constituye el\u00a0m\u00e1ximo aforo posible para la afici\u00f3n visitante de cara a este partido de Champions League que tanto inter\u00e9s suscita, incluso teniendo en cuenta las bajas importantes que registrar\u00e1n tanto el Bar\u00e7a como el PSG.<\/p>\n<p>    Lee tambi\u00e9n<\/p>\n<p data-gtm-element-container=\"modulo-texto-link\" class=\"paragraph\">Hace unos d\u00edas, la Comisi\u00f3n Permanente de la Comisi\u00f3n Nacional contra la Violencia, el Racismo, la Xenofobia y la Intolerancia en el Deporte calific\u00f3 como de \u00abalto riesgo\u00bb el partido entre el Bar\u00e7a y el PSG, con\u00a0 medidas de\u00a0\u00a0seguridad adicionales que afectan a la separaci\u00f3n de los aficionados dentro del estadio y el control de accesos.\u00a0<\/p>\n","protected":false},"excerpt":{"rendered":"Un partido entre el FC Barcelona y el PSG, que a punto estuvo de ser la final de&hellip;\n","protected":false},"author":2,"featured_media":147850,"comment_status":"","ping_status":"","sticky":false,"template":"","format":"standard","meta":{"footnotes":""},"categories":[5],"tags":[17,18,25,24,13,14,11,19,20,9,10,15,16,23,12,21,22],"class_list":{"0":"post-147849","1":"post","2":"type-post","3":"status-publish","4":"format-standard","5":"has-post-thumbnail","7":"category-titulares","8":"tag-breaking-news","9":"tag-breakingnews","10":"tag-es","11":"tag-espana","12":"tag-featured-news","13":"tag-featurednews","14":"tag-headlines","15":"tag-latest-news","16":"tag-latestnews","17":"tag-news","18":"tag-noticias","19":"tag-noticias-destacadas","20":"tag-noticiasdestacadas","21":"tag-spain","22":"tag-titulares","23":"tag-ultimas-noticias","24":"tag-ultimasnoticias"},"share_on_mastodon":{"url":"","error":""},"_links":{"self":[{"href":"https:\/\/www.europesays.com\/es\/wp-json\/wp\/v2\/posts\/147849","targetHints":{"allow":["GET"]}}],"collection":[{"href":"https:\/\/www.europesays.com\/es\/wp-json\/wp\/v2\/posts"}],"about":[{"href":"https:\/\/www.europesays.com\/es\/wp-json\/wp\/v2\/types\/post"}],"author":[{"embeddable":true,"href":"https:\/\/www.europesays.com\/es\/wp-json\/wp\/v2\/users\/2"}],"replies":[{"embeddable":true,"href":"https:\/\/www.europesays.com\/es\/wp-json\/wp\/v2\/comments?post=147849"}],"version-history":[{"count":0,"href":"https:\/\/www.europesays.com\/es\/wp-json\/wp\/v2\/posts\/147849\/revisions"}],"wp:featuredmedia":[{"embeddable":true,"href":"https:\/\/www.europesays.com\/es\/wp-json\/wp\/v2\/media\/147850"}],"wp:attachment":[{"href":"https:\/\/www.europesays.com\/es\/wp-json\/wp\/v2\/media?parent=147849"}],"wp:term":[{"taxonomy":"category","embeddable":true,"href":"https:\/\/www.europesays.com\/es\/wp-json\/wp\/v2\/categories?post=147849"},{"taxonomy":"post_tag","embeddable":true,"href":"https:\/\/www.europesays.com\/es\/wp-json\/wp\/v2\/tags?post=147849"}],"curies":[{"name":"wp","href":"https:\/\/api.w.org\/{rel}","templated":true}]}}