{"id":147855,"date":"2025-09-30T04:45:21","date_gmt":"2025-09-30T04:45:21","guid":{"rendered":"https:\/\/www.europesays.com\/es\/147855\/"},"modified":"2025-09-30T04:45:21","modified_gmt":"2025-09-30T04:45:21","slug":"arrepentimiento-en-ferrari-por-fichar-a-hamilton","status":"publish","type":"post","link":"https:\/\/www.europesays.com\/es\/147855\/","title":{"rendered":"Arrepentimiento en Ferrari por fichar a Hamilton"},"content":{"rendered":"<p class=\"wcl-typoNewsPerex_JFWVr fp-perex_59joV\" data-testid=\"wcl-typoNewsPerex\" itemprop=\"description\">El exdirector de Haas asegur\u00f3 que Hamilton no ha sido una inversi\u00f3n acertada por parte de la escuder\u00eda italiana.<\/p>\n<p><b>Guenther Steiner (60) <\/b>dio su visi\u00f3n en el p\u00f3dcast &#8216;The Red Flags&#8217; sobre la mala temporada que est\u00e1 cuajando <b><a href=\"https:\/\/www.flashscore.com.ar\/jugador\/hamilton-lewis\/tI5Vpe1h\/\" target=\"_blank\" data-analytics-element=\"ARTICLE_TEXT_LINK\" data-analytics-alias=\"internal\" rel=\"nofollow noopener\">Lewis Hamilton<\/a> (40)<\/b> con Ferrari. La din\u00e1mica negativa es tal que, tras 17 Grandes Premios, el brit\u00e1nico ya es el piloto con m\u00e1s carreras sin subir al podio de la historia de la Scuderia.<\/p>\n<p>Al ser cuestionado acerca del posible arrepentimiento de los de Maranello por el fichaje del ingl\u00e9s, el exdirigente italo-estadounidense fue contundente: <b>\u00abCreo que algunos en el equipo s\u00ed lo hacen (arrepentirse)\u00bb<\/b>, dijo.<\/p>\n<p><b>\u00abCreo que, obviamente, la direcci\u00f3n no puede arrepentirse, porque estar\u00edan admitiendo que hicieron algo mal, pero estoy seguro de que algunos de los chicos all\u00ed s\u00ed lo hacen\u00bb<\/b>, explic\u00f3, con mayor detalle, para evitar generalizar.<\/p>\n<p>Desde el punto de vista de Steiner, Ferrari cometi\u00f3 un error reemplazando a Carlos Sainz: <b>\u00abCarlos estaba haciendo un buen trabajo. Con \u00e9l no hubieran tenido toda la interferencia externa por el bajo rendimiento de Lewis&#8230; as\u00ed que el equipo podr\u00eda haberse centrado en competir, en mejorar las cosas, en lugar de estar siempre intentando averiguar por qu\u00e9 a Lewis no le gusta el coche\u00bb<\/b>, asever\u00f3.<\/p>\n<p>Una mala inversi\u00f3n<\/p>\n<p>Por otro lado, desliz\u00f3 que el sobrecoste que supone contar con Hamilton no est\u00e1 siendo justificado: <b>\u00abA Lewis lo respeto, pero en este momento, dada la inquietud que genera en el equipo y en su entorno, \u00bfes una inversi\u00f3n que vale la pena? Quiz\u00e1s no\u00bb<\/b>, expres\u00f3.<\/p>\n<p><b>\u00abEstoy bastante seguro de que la inversi\u00f3n econ\u00f3mica es mucho mayor con Lewis que con Carlos\u00bb<\/b>, sentenci\u00f3.<\/p>\n","protected":false},"excerpt":{"rendered":"El exdirector de Haas asegur\u00f3 que Hamilton no ha sido una inversi\u00f3n acertada por parte de la escuder\u00eda&hellip;\n","protected":false},"author":2,"featured_media":147856,"comment_status":"","ping_status":"","sticky":false,"template":"","format":"standard","meta":{"footnotes":""},"categories":[270],"tags":[168,25,24,306,271,272,23,167],"class_list":{"0":"post-147855","1":"post","2":"type-post","3":"status-publish","4":"format-standard","5":"has-post-thumbnail","7":"category-formula-1","8":"tag-deportes","9":"tag-es","10":"tag-espana","11":"tag-f1","12":"tag-formula-1","13":"tag-formula1","14":"tag-spain","15":"tag-sports"},"share_on_mastodon":{"url":"","error":""},"_links":{"self":[{"href":"https:\/\/www.europesays.com\/es\/wp-json\/wp\/v2\/posts\/147855","targetHints":{"allow":["GET"]}}],"collection":[{"href":"https:\/\/www.europesays.com\/es\/wp-json\/wp\/v2\/posts"}],"about":[{"href":"https:\/\/www.europesays.com\/es\/wp-json\/wp\/v2\/types\/post"}],"author":[{"embeddable":true,"href":"https:\/\/www.europesays.com\/es\/wp-json\/wp\/v2\/users\/2"}],"replies":[{"embeddable":true,"href":"https:\/\/www.europesays.com\/es\/wp-json\/wp\/v2\/comments?post=147855"}],"version-history":[{"count":0,"href":"https:\/\/www.europesays.com\/es\/wp-json\/wp\/v2\/posts\/147855\/revisions"}],"wp:featuredmedia":[{"embeddable":true,"href":"https:\/\/www.europesays.com\/es\/wp-json\/wp\/v2\/media\/147856"}],"wp:attachment":[{"href":"https:\/\/www.europesays.com\/es\/wp-json\/wp\/v2\/media?parent=147855"}],"wp:term":[{"taxonomy":"category","embeddable":true,"href":"https:\/\/www.europesays.com\/es\/wp-json\/wp\/v2\/categories?post=147855"},{"taxonomy":"post_tag","embeddable":true,"href":"https:\/\/www.europesays.com\/es\/wp-json\/wp\/v2\/tags?post=147855"}],"curies":[{"name":"wp","href":"https:\/\/api.w.org\/{rel}","templated":true}]}}