{"id":147861,"date":"2025-09-30T04:48:11","date_gmt":"2025-09-30T04:48:11","guid":{"rendered":"https:\/\/www.europesays.com\/es\/147861\/"},"modified":"2025-09-30T04:48:11","modified_gmt":"2025-09-30T04:48:11","slug":"lo-que-no-se-puede-hacer-es-begona-gomez-es-culpable-porque-soy-de-derechas-o-inocente-porque-soy-de-izquierdas","status":"publish","type":"post","link":"https:\/\/www.europesays.com\/es\/147861\/","title":{"rendered":"Lo que no se puede hacer es &#8216;Bego\u00f1a G\u00f3mez es culpable porque soy de derechas o inocente porque soy de izquierdas&#8217;"},"content":{"rendered":"<p class=\"L6-news-detail__text\">Tras analizar los 121 correos de la asesora de <b>Bego\u00f1a G\u00f3mez<\/b>, un <b><a title=\"informe de la UCO confirmar\u00eda la relaci\u00f3n entre Cristina \u00c1lvarez y la actividad privada de la mujer de Pedro S\u00e1nchez\" href=\"https:\/\/www.lasexta.com\/noticias\/nacional\/uco-concluye-que-asesora-begona-gomez-colaboro-gestion-catedra-correo-personal_2025092968da717af10d3f0678243c3b.html\" target=\"_blank\" rel=\"nofollow noopener\">informe de la UCO confirmar\u00eda la relaci\u00f3n entre Cristina \u00c1lvarez y la actividad privada de la mujer de Pedro S\u00e1nchez<\/a><\/b> en la Universidad Complutense.<\/p>\n<p class=\"L6-news-detail__text\">Para <b>Ramonc\u00edn<\/b>, \u00abesto tiene que ver con la administraci\u00f3n de justicia\u00bb. En este sentido, el m\u00fasico afirma en el v\u00eddeo sobre estas l\u00edneas que \u00absi esta vez lo que el juez Peinado est\u00e1 viendo est\u00e1 cerca de lo que \u00e9l anda buscando, nosotros lo que tenemos que hacer es esperar y ver lo que ocurre\u00bb.<\/p>\n<p class=\"L6-news-detail__text\">\u00abLo que no puedes hacer es &#8216;<b>Bego\u00f1a es culpable porque soy de derechas, o es inocente porque soy de izquierdas<\/b>\u00ab, comenta Ramonc\u00edn, que defiende la importancia de \u00abser objetivos y ver las cosas con objetividad\u00bb.<\/p>\n<p class=\"L6-news-detail__text\">El colaborador de M\u00e1s Vale Tarde se\u00f1ala tambi\u00e9n que, si se ha incurrido en un delito o una falta grave \u00abhabr\u00e1 que decirlo lo antes posible\u00bb.<\/p>\n<p class=\"L6-news-detail__text\">A prop\u00f3sito de estos correos, Alfonso P\u00e9rez Medina apunta que, tras analizar estos correos, la conclusi\u00f3n del fiscal es que no hay delito: \u00abSe puso el ejemplo de que <b>es como si alguien sale en su horario laboral a comprar tabaco<\/b>\u00ab.<\/p>\n<p class=\"L6-news-detail__text\"><b><a title=\"*Sigue a laSexta en Google. Toda la actualidad y el mejor contenido aqu\u00ed.\" href=\"https:\/\/profile.google.com\/cp\/CgkvbS8wZG5xejA\" target=\"_blank\" rel=\"nofollow noopener\">*Sigue a laSexta en Google. Toda la actualidad y el mejor contenido aqu\u00ed.<\/a><\/b><\/p>\n<p class=\"L6-support-news-video__title\">M\u00e1s Vale Tarde<\/p>\n<p>            <a href=\"https:\/\/www.lasexta.com\/programas\/mas-vale-tarde\/joan-baldovi-reprocha-carlos-mazon-ausencia-centro-emergencias-presidente-tiene-que-estar-pie-canon_2025092968dac6d73ce0ad1de88b1eff.html\" class=\"L6-news__link\" rel=\"nofollow noopener\" target=\"_blank\"><br \/>\n                Joan Baldov\u00ed reprocha a Carlos Maz\u00f3n su ausencia en el centro de emergencias: \u00abUn presidente tiene que estar al pie del ca\u00f1\u00f3n\u00bb<\/p>\n<p class=\"recirculation-video-desc\">El portavoz de Comprom\u00eds en Les Corts Valencianes, Joan Baldov\u00ed, ha valorado en M\u00e1s Vale Tarde la situaci\u00f3n en Sueca tras las fuertes lluvias. El diputado ha defendido la utilidad de las alertas tempranas y ha criticado la ausencia de Carlos Maz\u00f3n en el centro de emergencia.<\/p>\n<p>            <\/a><\/p>\n","protected":false},"excerpt":{"rendered":"Tras analizar los 121 correos de la asesora de Bego\u00f1a G\u00f3mez, un informe de la UCO confirmar\u00eda la&hellip;\n","protected":false},"author":2,"featured_media":147862,"comment_status":"","ping_status":"","sticky":false,"template":"","format":"standard","meta":{"footnotes":""},"categories":[174],"tags":[255,146,147,25,24,256,23],"class_list":{"0":"post-147861","1":"post","2":"type-post","3":"status-publish","4":"format-standard","5":"has-post-thumbnail","7":"category-famosos","8":"tag-celebrities","9":"tag-entertainment","10":"tag-entretenimiento","11":"tag-es","12":"tag-espana","13":"tag-famosos","14":"tag-spain"},"share_on_mastodon":{"url":"","error":""},"_links":{"self":[{"href":"https:\/\/www.europesays.com\/es\/wp-json\/wp\/v2\/posts\/147861","targetHints":{"allow":["GET"]}}],"collection":[{"href":"https:\/\/www.europesays.com\/es\/wp-json\/wp\/v2\/posts"}],"about":[{"href":"https:\/\/www.europesays.com\/es\/wp-json\/wp\/v2\/types\/post"}],"author":[{"embeddable":true,"href":"https:\/\/www.europesays.com\/es\/wp-json\/wp\/v2\/users\/2"}],"replies":[{"embeddable":true,"href":"https:\/\/www.europesays.com\/es\/wp-json\/wp\/v2\/comments?post=147861"}],"version-history":[{"count":0,"href":"https:\/\/www.europesays.com\/es\/wp-json\/wp\/v2\/posts\/147861\/revisions"}],"wp:featuredmedia":[{"embeddable":true,"href":"https:\/\/www.europesays.com\/es\/wp-json\/wp\/v2\/media\/147862"}],"wp:attachment":[{"href":"https:\/\/www.europesays.com\/es\/wp-json\/wp\/v2\/media?parent=147861"}],"wp:term":[{"taxonomy":"category","embeddable":true,"href":"https:\/\/www.europesays.com\/es\/wp-json\/wp\/v2\/categories?post=147861"},{"taxonomy":"post_tag","embeddable":true,"href":"https:\/\/www.europesays.com\/es\/wp-json\/wp\/v2\/tags?post=147861"}],"curies":[{"name":"wp","href":"https:\/\/api.w.org\/{rel}","templated":true}]}}