{"id":147867,"date":"2025-09-30T04:51:15","date_gmt":"2025-09-30T04:51:15","guid":{"rendered":"https:\/\/www.europesays.com\/es\/147867\/"},"modified":"2025-09-30T04:51:15","modified_gmt":"2025-09-30T04:51:15","slug":"el-amor-en-los-matrimonios-tiene-fecha-de-caducidad-como-los-yogures","status":"publish","type":"post","link":"https:\/\/www.europesays.com\/es\/147867\/","title":{"rendered":"\u00bbEl amor en los matrimonios tiene fecha de caducidad como los yogures\u00bb"},"content":{"rendered":"<p data-gtm-element-container=\"modulo-texto-link\" class=\"paragraph\">La maquinaria de First Dates volv\u00eda a ponerse en marcha este lunes, 29 de septiembre, con una nueva tanda de citas a ciegas que, como ya es costumbre, no han dejado indiferente a nadie. Uno de los grandes protagonistas de la noche era Orlando (71), un electricista jubilado de Cuba que llevaba m\u00e1s de dos d\u00e9cadas viviendo en Espa\u00f1a. \u00bbEstoy estupendo y me mantengo muy bien f\u00edsica, mental y sexualmente\u00bb, afirmaba.\u00a0<\/p>\n<p data-gtm-element-container=\"modulo-texto-link\" class=\"paragraph\">Nunca hab\u00eda tenido problemas para encontrar pareja. \u00bbEn Cuba me he casado siete veces. En Espa\u00f1a el r\u00e9cord me ha bajado mucho. Solo me he casado una, pero podr\u00eda haberme casado mucho m\u00e1s\u00bb, confesaba, dejando al presentador sin palabras.\u00a0<\/p>\n<p>                <img loading=\"lazy\" decoding=\"async\" data-full-src=\"https:\/\/www.lavanguardia.com\/uploads\/2025\/09\/29\/68daeacae8d22.png\" alt=\"Paqui en 'First Dates'\" width=\"449\" height=\"244\" src=\"https:\/\/www.europesays.com\/es\/wp-content\/uploads\/2025\/09\/68daeacae8d22.png\" class=\"lazy\"\/><\/p>\n<p class=\"caption-title \">Paqui en &#8216;First Dates&#8217;<\/p>\n<p>                    Mediaset<\/p>\n<p data-gtm-element-container=\"modulo-texto-link\" class=\"paragraph\">Cuando Sobera le preguntaba el motivo de pasar tantas veces por el altar, el soltero era claro: \u00bbEl amor en los matrimonios tiene fecha de caducidad como los yogures. Soy mejor padre\u00bb. \u00bb\u00bfCu\u00e1ndo conoces a una chica se lo dices?\u00bb, se interesaba el presentador. \u00bbEso solo te lo digo a ti, sino no me mira ni Dios. No llevo un letrerito en la frente\u00bb, reconoc\u00eda. Su objetivo era conocer a su novena esposa: \u00bbMe encantan las mujeres que sepan estar, de buenos modales y con una dentadura preciosa\u00bb.\u00a0<\/p>\n<p>        Lee tambi\u00e9n<\/p>\n<p>    Nerea Parraga Frutos<\/p>\n<p>             <img loading=\"lazy\" decoding=\"async\" data-full-src=\"https:\/\/www.lavanguardia.com\/uploads\/2025\/09\/26\/68d6fb8f404f7.png\" alt=\"Julio en 'First Dates'\" width=\"104\" height=\"108\" src=\"https:\/\/www.europesays.com\/es\/wp-content\/uploads\/2025\/09\/68d6fb8f404f7.r_d.885-496.png\" class=\"lazy\"\/><\/p>\n<p data-gtm-element-container=\"modulo-texto-link\" class=\"paragraph\">Su cita era Paqui (64) una auxiliar geri\u00e1trica de Madrid que ten\u00eda ganas de volver a vivir una historia de amor. \u00bbEs un crom\u00f3n de t\u00eda.\u00a0Cupido ha cumplido mis expectativas\u00bb, confesaba el soltero al conocer a su cita. \u00bbEs una persona atl\u00e9tica, est\u00e1 bien\u00bb, declaraba ella. Tras intercambiar sus primeras palabras, el presentador acompa\u00f1aba a la pareja hasta su mesa, donde comenzaban la velada dejando claras sus intenciones.\u00a0<\/p>\n<p>                <img loading=\"lazy\" decoding=\"async\" data-full-src=\"https:\/\/www.lavanguardia.com\/uploads\/2025\/09\/29\/68daefc6099b9.png\" alt=\"Orlando y Paqui en 'First Dates'\" width=\"449\" height=\"245\" src=\"https:\/\/www.europesays.com\/es\/wp-content\/uploads\/2025\/09\/68daefc6099b9.png\" class=\"lazy\"\/><\/p>\n<p class=\"caption-title \">Orlando y Paqui en &#8216;First Dates&#8217;<\/p>\n<p>                    Mediaset<\/p>\n<p data-gtm-element-container=\"modulo-texto-link\" class=\"paragraph\">\u00bbYo busco una persona que me haga sonre\u00edr y con el que pueda pas\u00e1rmelo bien\u00bb, dec\u00eda ella. \u00bbConmigo te vas a re\u00edr mucho\u00bb, confesaba Orlando. Paqui, adem\u00e1s, segu\u00eda totalmente impactada con la edad de su cita. \u00bbTe conservas bastante bien\u00bb, insist\u00eda. \u00bbNo paro. Voy al gimnasio y despu\u00e9s a una ONG en la que colaboro con el reparto de alimentos\u00bb, declaraba. \u00bbMe gusta que ayude a la gente que lo necesita. Eso ha sido un puntazo\u00bb, afirmaba ella.\u00a0<\/p>\n<p data-gtm-element-container=\"modulo-texto-link\" class=\"paragraph\">El baile era uno de sus puntos en com\u00fan, aunque Orlando reconoc\u00eda que no era uno de sus grandes pasatiempos. \u00bbPero si hay que salir, se sale. Si hay que bailar, se baila\u00bb, dejaba claro. Sobre sus \u00faltimas relaciones, Paqui explicaba que llevaba siete a\u00f1os en el mundo de la solter\u00eda. \u00bbHe estado en un momento emocional bastante fuerte. No me encontraba yo a m\u00ed misma y he estado en casa. Con una especie de peque\u00f1a depresi\u00f3n, entonces he estado fuera del mercado\u00bb, contaba.\u00a0<\/p>\n<p>                <img loading=\"lazy\" decoding=\"async\" data-full-src=\"https:\/\/www.lavanguardia.com\/uploads\/2025\/09\/29\/68daf0a818484.png\" alt=\"Orlando y Paqui en 'First Dates'\" width=\"449\" height=\"242\" src=\"https:\/\/www.europesays.com\/es\/wp-content\/uploads\/2025\/09\/68daf0a818484.png\" class=\"lazy\"\/><\/p>\n<p class=\"caption-title \">Orlando y Paqui en &#8216;First Dates&#8217;<\/p>\n<p>                    Mediaset<\/p>\n<p data-gtm-element-container=\"modulo-texto-link\" class=\"paragraph\">La cita avanzaba y la complicidad entre ambos era cada vez m\u00e1s evidente. De hecho, no dudaban en organizar una peque\u00f1a escapada a la playa. \u00bbMe he encontrado muy a gusto con \u00e9l\u00bb, reconoc\u00eda ella. \u00bbPienso que el se\u00f1or Cupido ha cumplido mis expectativas. Creo que hemos tenido muchas cosas en com\u00fan y espero que tengamos una segunda cita\u00bb, confesaba \u00e9l.\u00a0<\/p>\n<p data-gtm-element-container=\"modulo-texto-link\" class=\"paragraph\">En el reservado del programa, los solteros protagonizaban uno de los momentos m\u00e1s rom\u00e1nticos de la noche, con beso incluido. Finalmente, ambos dec\u00edan &#8216;si&#8217; a una segunda cita.\u00a0<\/p>\n","protected":false},"excerpt":{"rendered":"La maquinaria de First Dates volv\u00eda a ponerse en marcha este lunes, 29 de septiembre, con una nueva&hellip;\n","protected":false},"author":2,"featured_media":147868,"comment_status":"","ping_status":"","sticky":false,"template":"","format":"standard","meta":{"footnotes":""},"categories":[171],"tags":[146,147,25,24,23,214],"class_list":{"0":"post-147867","1":"post","2":"type-post","3":"status-publish","4":"format-standard","5":"has-post-thumbnail","7":"category-tv","8":"tag-entertainment","9":"tag-entretenimiento","10":"tag-es","11":"tag-espana","12":"tag-spain","13":"tag-tv"},"share_on_mastodon":{"url":"","error":""},"_links":{"self":[{"href":"https:\/\/www.europesays.com\/es\/wp-json\/wp\/v2\/posts\/147867","targetHints":{"allow":["GET"]}}],"collection":[{"href":"https:\/\/www.europesays.com\/es\/wp-json\/wp\/v2\/posts"}],"about":[{"href":"https:\/\/www.europesays.com\/es\/wp-json\/wp\/v2\/types\/post"}],"author":[{"embeddable":true,"href":"https:\/\/www.europesays.com\/es\/wp-json\/wp\/v2\/users\/2"}],"replies":[{"embeddable":true,"href":"https:\/\/www.europesays.com\/es\/wp-json\/wp\/v2\/comments?post=147867"}],"version-history":[{"count":0,"href":"https:\/\/www.europesays.com\/es\/wp-json\/wp\/v2\/posts\/147867\/revisions"}],"wp:featuredmedia":[{"embeddable":true,"href":"https:\/\/www.europesays.com\/es\/wp-json\/wp\/v2\/media\/147868"}],"wp:attachment":[{"href":"https:\/\/www.europesays.com\/es\/wp-json\/wp\/v2\/media?parent=147867"}],"wp:term":[{"taxonomy":"category","embeddable":true,"href":"https:\/\/www.europesays.com\/es\/wp-json\/wp\/v2\/categories?post=147867"},{"taxonomy":"post_tag","embeddable":true,"href":"https:\/\/www.europesays.com\/es\/wp-json\/wp\/v2\/tags?post=147867"}],"curies":[{"name":"wp","href":"https:\/\/api.w.org\/{rel}","templated":true}]}}