{"id":147881,"date":"2025-09-30T05:00:19","date_gmt":"2025-09-30T05:00:19","guid":{"rendered":"https:\/\/www.europesays.com\/es\/147881\/"},"modified":"2025-09-30T05:00:19","modified_gmt":"2025-09-30T05:00:19","slug":"ccoo-pide-tambien-la-dimision-de-viceconsejero-y-achaca-a-los-recortes-el-agravamiento-del-incendio-de-penalba","status":"publish","type":"post","link":"https:\/\/www.europesays.com\/es\/147881\/","title":{"rendered":"CCOO pide tambi\u00e9n la dimisi\u00f3n de viceconsejero y achaca a los \u00abrecortes\u00bb el agravamiento del incendio de Pe\u00f1alba"},"content":{"rendered":"<p>Convocan para el 1 de octubre el Comit\u00e9 Intercentros, no descartando futuras movilizaciones<\/p>\n<p>   GUADALAJARA, 29 Sep. (EUROPA PRESS) &#8211;  <\/p>\n<p>   Desde CCOO han vuelto a denunciar este lunes graves deficiencias en la gesti\u00f3n del incendio de Pe\u00f1alba de la Sierra, en el Pico del Lobo, en Guadalajara, que sigue activo tras calcinar casi 3.000 hect\u00e1reas. As\u00ed, a la petici\u00f3n de dimisi\u00f3n de la consejera de Desarrollo Sostenible, Mercedes G\u00f3mez, han sumado la del viceconsejero de Medio Ambiente, Jos\u00e9 Almod\u00f3var.<\/p>\n<p>    En rueda de prensa, el presidente del Comit\u00e9 Intercentros de Geacam y delegado de CCOO en Albacete, Manuel Amores, acompa\u00f1ado del presidente del comit\u00e9 de empresa del Geacam en Guadalajara, I\u00f1aqui Blanco. ha acusado directamente a la Consejer\u00eda de haber provocado la cat\u00e1strofe \u00abpor los recortes de personal y medios aplicados justo antes y durante el incendio\u00bb.<\/p>\n<p>    \u00abEl 19 de septiembre Guadalajara pas\u00f3 del 100% al 26% del operativo. Solo hab\u00eda un ret\u00e9n para toda la provincia. Con esos medios era imposible. Si hubieran estado activos, el fuego se habr\u00eda quedado en conato\u00bb, ha denunciado.<\/p>\n<p>    Bajo su criterio, la causa del agravamiento del fuego ha sido causa de ese descenso de medios en personal terrestre. \u00abNo vamos a callarnos. Este incendio es consecuencia exclusivamente de los recortes. Y mientras se quemaba un parque natural &#8211;el la Sierra Norte&#8211;, la Consejer\u00eda tuvo el morro de pedir ayuda a la UME y a otras comunidades porque aqu\u00ed no quedaban retenes\u00bb, ha a\u00f1adido.<\/p>\n<p>    \u00abSi los medios terrestres hubieran estado activos, se hubiese quedado en conato\u00bb, ha defendido el presidente del Comit\u00e9 Intercentros de Geacam.<\/p>\n<p>   Por su parte, Ignacio Blanco, presidente del Comit\u00e9 de Empresa de Geacam en Guadalajara ha respaldado estas cr\u00edticas y ha trasladado su apoyo a los bomberos forestales que han sufrido intoxicaciones, as\u00ed como a vecinos y alcaldes de los pueblos afectados.<\/p>\n<p>    El sindicato recuerda, adem\u00e1s, que el 26 de septiembre, con el incendio ya en Nivel 2, la Junta volvi\u00f3 a aplicar un recorte regional dejando al 33% el dispositivo en Castilla-La Mancha.<\/p>\n<p> \u00abEse d\u00eda no hab\u00eda ni un ret\u00e9n terrestre operativo\u00bb, ha insistido Amores. Desde CCOO se ha subrayado tambi\u00e9n el sobreesfuerzo de los trabajadores, que afrontan turnos especiales de 12 horas, y ha exigido a Geacam que pague correctamente las jornadas.<\/p>\n<p>    Los delegados sindicales han criticado adem\u00e1s la demora inicial en la movilizaci\u00f3n entendiendo que transcurrieron algunas horas entre la detecci\u00f3n del fuego y la activaci\u00f3n plena del dispositivo, una circunstancia que el sindicato tambi\u00e9n considera decisiva en la propagaci\u00f3n.<\/p>\n<p>    Los responsables de CCOO han convocado el Comit\u00e9 Intercentros el mi\u00e9rcoles 1 de octubre para decidir futuras actuaciones, no descartando futuras movilizaciones.<\/p>\n","protected":false},"excerpt":{"rendered":"Convocan para el 1 de octubre el Comit\u00e9 Intercentros, no descartando futuras movilizaciones GUADALAJARA, 29 Sep. (EUROPA PRESS)&hellip;\n","protected":false},"author":2,"featured_media":147882,"comment_status":"","ping_status":"","sticky":false,"template":"","format":"standard","meta":{"footnotes":""},"categories":[8],"tags":[17,18,25,24,13,14,11,19,20,9,10,15,16,23,12,21,22],"class_list":{"0":"post-147881","1":"post","2":"type-post","3":"status-publish","4":"format-standard","5":"has-post-thumbnail","7":"category-espana","8":"tag-breaking-news","9":"tag-breakingnews","10":"tag-es","11":"tag-espana","12":"tag-featured-news","13":"tag-featurednews","14":"tag-headlines","15":"tag-latest-news","16":"tag-latestnews","17":"tag-news","18":"tag-noticias","19":"tag-noticias-destacadas","20":"tag-noticiasdestacadas","21":"tag-spain","22":"tag-titulares","23":"tag-ultimas-noticias","24":"tag-ultimasnoticias"},"share_on_mastodon":{"url":"","error":""},"_links":{"self":[{"href":"https:\/\/www.europesays.com\/es\/wp-json\/wp\/v2\/posts\/147881","targetHints":{"allow":["GET"]}}],"collection":[{"href":"https:\/\/www.europesays.com\/es\/wp-json\/wp\/v2\/posts"}],"about":[{"href":"https:\/\/www.europesays.com\/es\/wp-json\/wp\/v2\/types\/post"}],"author":[{"embeddable":true,"href":"https:\/\/www.europesays.com\/es\/wp-json\/wp\/v2\/users\/2"}],"replies":[{"embeddable":true,"href":"https:\/\/www.europesays.com\/es\/wp-json\/wp\/v2\/comments?post=147881"}],"version-history":[{"count":0,"href":"https:\/\/www.europesays.com\/es\/wp-json\/wp\/v2\/posts\/147881\/revisions"}],"wp:featuredmedia":[{"embeddable":true,"href":"https:\/\/www.europesays.com\/es\/wp-json\/wp\/v2\/media\/147882"}],"wp:attachment":[{"href":"https:\/\/www.europesays.com\/es\/wp-json\/wp\/v2\/media?parent=147881"}],"wp:term":[{"taxonomy":"category","embeddable":true,"href":"https:\/\/www.europesays.com\/es\/wp-json\/wp\/v2\/categories?post=147881"},{"taxonomy":"post_tag","embeddable":true,"href":"https:\/\/www.europesays.com\/es\/wp-json\/wp\/v2\/tags?post=147881"}],"curies":[{"name":"wp","href":"https:\/\/api.w.org\/{rel}","templated":true}]}}