{"id":147893,"date":"2025-09-30T05:09:09","date_gmt":"2025-09-30T05:09:09","guid":{"rendered":"https:\/\/www.europesays.com\/es\/147893\/"},"modified":"2025-09-30T05:09:09","modified_gmt":"2025-09-30T05:09:09","slug":"un-coco-para-iniciar-la-era-galbiati-diario-de-noticias-de-alava","status":"publish","type":"post","link":"https:\/\/www.europesays.com\/es\/147893\/","title":{"rendered":"Un &#039;coco&#039; para iniciar la era Galbiati &#8211; Diario de Noticias de \u00c1lava"},"content":{"rendered":"<ol>\n<li><a href=\"https:\/\/news.google.com\/rss\/articles\/CBMikAFBVV95cUxNZkFaMS1KcmRWVEVldGJycW1XT1NPNlRuVExQYnI1M2gtNDdWVG14NVdVYnZZNlVnOUh3YU5UeDRsVzhKQ1A4Rl82TVgtUURVdnNQV01ZMkYzVEVfMWR2bnNlN2swblF0dW9wdmFFejRTTkE1MVBZY2wzNktwaUQwX1JtM2RWSnFmR3A1M2RaQnbSAZYBQVVfeXFMTlgwLVlDQ1F5c3V5NzNXN0ZDMVg1X3FRSlk1aVZLczBiZ0tqM0FhSHY0MzJkSVNSMzk0NjdWSzNSLXNncXlkN1RrM05aaFRFR1Q4NnN4RzJ1SGhIM2ZWdkdRSmxNUUJVQ1p5Vm5yUTl2YzBqa0t3b2xrN1dCc1VjbXJuNHhKclkyUVV3SW5Cb09ZZkoxeWFB?oc=5\" target=\"_blank\" rel=\"nofollow noopener\">Un &#8216;coco&#8217; para iniciar la era Galbiati<\/a>&nbsp;&nbsp;Diario de Noticias de \u00c1lava<\/li>\n<li><a href=\"https:\/\/news.google.com\/rss\/articles\/CBMisgFBVV95cUxQZVhFb3EyN2FmNFRqV3lkS0xYVzgzcmRob25Cb3hhU0V5aWxQY05FdFpiSklEZG12eEV3Z0pxV0llSVlfb2FfTkJfcG8tdHRZVU5qXzMwUXphT3hjYS14V1RLMFdtRUlra3lDMkdlQTU2WGtTTFVUalpqQll3QUN0Nzd2UVBZUnEtQWVOWGoyZWpHVjdkQk82eTUzOE9xS0JHUXJBZV9XT1VUYmMyY2NmUE9R0gHGAUFVX3lxTE45cUlZUXBXNm1TYllWSUpaZzM0bTVtVUN5S21BSmlNRGdIbFp3NTZpaHhBdGxPbkdBSmo1d0V5V2NRdjdQRlVmdFRCODlrYm00cVhOaEpBRkJ3aWpSdjhsX1JrdWo3dXIyam5BTHNWTW1fZ0lubmQyeEJHc3kzV1ItSkpybVZGLTM2NUhfX25LVGhfUE1wYmhLTFQwbGtnSVdnY24tNjNWZkgyV25iOTNMeDUwWktEVEdDQnVZcFhrUjNEdmd4Zw?oc=5\" target=\"_blank\" rel=\"nofollow noopener\">El Baskonia inicia la Euroliga m\u00e1s exigente de la historia<\/a>&nbsp;&nbsp;Cadena SER<\/li>\n<li><a href=\"https:\/\/news.google.com\/rss\/articles\/CBMigAFBVV95cUxOLUl0V3VoalpnSVNreFNUNlkxczBwT0VDaElDUDFmZGxKN1FhM2JXdHNGTlZneTI4d05RNnNVZG5uSUxBcWNFbVIyajNFN2JLY2d6RjhwQU5idWVvUERISGFMVHpLUHE0cGlkWk5sX2dMM2s0SnNWXzMtNmdSMXJJUdIBlAFBVV95cUxNcVJRcXI1bXNLZk85dmR3LVdjT0tyRUlXaUNJal95UXkxTmR1RllBT1Jmb2g3Rlh5N2QzUUw5dFNoMTdKVUlwVmh2TmItcU9CQm45ZnFGaWRWWGo2NVkxNjd3b053OWhsRjB3TUxXVnMyMXBkZHI0dmZ2ZmkzZ2tJdzZrTEhXOFZUTVFCUnFLajdmUElq?oc=5\" target=\"_blank\" rel=\"nofollow noopener\">Paolo Galbiati: \u201cAmo la versatilidad que tenemos\u201d<\/a>&nbsp;&nbsp;Diario AS<\/li>\n<li><a href=\"https:\/\/news.google.com\/rss\/articles\/CBMihAFBVV95cUxQVXZSXy14cWJfRElYTjk1VVRFSk4xUUxIZkx0N0JHdkczRkxaRzBwNDg4MFUwbF81S3A5UEV1Q1otUE1jQmF1cWlJakFBQUdpQ1F4WXNGTkdXcktvUWxQWkc4cF9WQ1dEMEhNQm9rNHYwVXVKVWE2MUZzanh2OTRHNGNCY1A?oc=5\" target=\"_blank\" rel=\"nofollow noopener\">El Baskonia, contra la irrelevancia<\/a>&nbsp;&nbsp;El Correo<\/li>\n<li><a href=\"https:\/\/news.google.com\/rss\/articles\/CBMi7wFBVV95cUxQeGJ5ZFh3SUFGQUlZU1NxUmtNVzFyaXlxNFowUXNDQWJVTG1zd2UxWGRoX1cyWnZ2OG9kMHhPeVRSRmNnNUJtaXBrR1B0QW5rS0NacFRrSUZtSkYtYy1LYUhZVFN1OEhwekRmZTZXd3FNdUxNYWxQV29WX2RMVkZnYjRoLThZNXJDMGtsX2RWQW9jYW8ySXdGemN3a2hjOEJXVXhlcUR6S0h4b2ZEbDFTY2hGWk95TkFDRzdSRE8wVzVVX2VBYnhtYXhUQjR0R18wbXpRdkZVV3FwUmhRSkE5X21ieFJSTTFMTEppbVFQaw?oc=5\" target=\"_blank\" rel=\"nofollow noopener\">Un renovado Baskonia inicia una pol\u00e9mica Euroliga por la participaci\u00f3n israel\u00ed<\/a>&nbsp;&nbsp;naiz:<\/li>\n<\/ol>\n","protected":false},"excerpt":{"rendered":"Un &#8216;coco&#8217; para iniciar la era Galbiati&nbsp;&nbsp;Diario de Noticias de \u00c1lava El Baskonia inicia la Euroliga m\u00e1s exigente&hellip;\n","protected":false},"author":2,"featured_media":147894,"comment_status":"","ping_status":"","sticky":false,"template":"","format":"standard","meta":{"footnotes":""},"categories":[269],"tags":[299,298,24434,168,25,24,17490,21861,23,167],"class_list":{"0":"post-147893","1":"post","2":"type-post","3":"status-publish","4":"format-standard","5":"has-post-thumbnail","7":"category-baloncesto","8":"tag-baloncesto","9":"tag-basketball","10":"tag-coco","11":"tag-deportes","12":"tag-es","13":"tag-espana","14":"tag-galbiati","15":"tag-iniciar","16":"tag-spain","17":"tag-sports"},"share_on_mastodon":{"url":"","error":""},"_links":{"self":[{"href":"https:\/\/www.europesays.com\/es\/wp-json\/wp\/v2\/posts\/147893","targetHints":{"allow":["GET"]}}],"collection":[{"href":"https:\/\/www.europesays.com\/es\/wp-json\/wp\/v2\/posts"}],"about":[{"href":"https:\/\/www.europesays.com\/es\/wp-json\/wp\/v2\/types\/post"}],"author":[{"embeddable":true,"href":"https:\/\/www.europesays.com\/es\/wp-json\/wp\/v2\/users\/2"}],"replies":[{"embeddable":true,"href":"https:\/\/www.europesays.com\/es\/wp-json\/wp\/v2\/comments?post=147893"}],"version-history":[{"count":0,"href":"https:\/\/www.europesays.com\/es\/wp-json\/wp\/v2\/posts\/147893\/revisions"}],"wp:featuredmedia":[{"embeddable":true,"href":"https:\/\/www.europesays.com\/es\/wp-json\/wp\/v2\/media\/147894"}],"wp:attachment":[{"href":"https:\/\/www.europesays.com\/es\/wp-json\/wp\/v2\/media?parent=147893"}],"wp:term":[{"taxonomy":"category","embeddable":true,"href":"https:\/\/www.europesays.com\/es\/wp-json\/wp\/v2\/categories?post=147893"},{"taxonomy":"post_tag","embeddable":true,"href":"https:\/\/www.europesays.com\/es\/wp-json\/wp\/v2\/tags?post=147893"}],"curies":[{"name":"wp","href":"https:\/\/api.w.org\/{rel}","templated":true}]}}