{"id":147895,"date":"2025-09-30T05:10:11","date_gmt":"2025-09-30T05:10:11","guid":{"rendered":"https:\/\/www.europesays.com\/es\/147895\/"},"modified":"2025-09-30T05:10:11","modified_gmt":"2025-09-30T05:10:11","slug":"juan-guillamon-el-que-no-tiene-la-culpa-es-felipe-moreno","status":"publish","type":"post","link":"https:\/\/www.europesays.com\/es\/147895\/","title":{"rendered":"Juan Guillam\u00f3n: \u00abEl que no tiene la culpa es Felipe Moreno\u00bb"},"content":{"rendered":"<p>GREGORIO LE\u00d3N<\/p>\n<p><strong>Juan Guillam\u00f3n<\/strong> es un verso libre. A veces arriesga opiniones que escapan de la doctrina oficial. Pero siempre se expresa con plena independencia sobre cualquier asunto, sea pol\u00edtico o deportivo. Hace ya mucho tiempo fue presidente del<strong> Real Murcia<\/strong>. Fue quien tom\u00f3 la decisi\u00f3n de despedir a Javier Clemente, fichado por Jes\u00fas Samper. Ahora, fuera de las funciones ejecutivas, como aficionado, sigue al equipo grana cada vez que puede. Este fin de semana acudi\u00f3 al Nuevo Mirador. Y lo que encontr\u00f3 no le pudo decepcionar m\u00e1s, como le pas\u00f3 a cualquier hincha murcianista que siguiera el partido por la radio o por la televisi\u00f3n. En el reparto de responsabilidades, <strong>Guillam\u00f3n deja libre de culpa a Felipe Moreno, para el\u00a0que tiene palabras encomi\u00e1sticas, y no carga las tintas contra Joseba Etxeberr\u00eda: \u00abConf\u00edo en el entrenador\u00bb.<\/strong><\/p>\n<p>Ah\u00ed llev\u00e1is la entrevista completa&#8230;\u00a0<\/p>\n","protected":false},"excerpt":{"rendered":"GREGORIO LE\u00d3N Juan Guillam\u00f3n es un verso libre. A veces arriesga opiniones que escapan de la doctrina oficial.&hellip;\n","protected":false},"author":2,"featured_media":147896,"comment_status":"","ping_status":"","sticky":false,"template":"","format":"standard","meta":{"footnotes":""},"categories":[268],"tags":[168,25,24,280,8094,282,45259,8095,281,23,167],"class_list":{"0":"post-147895","1":"post","2":"type-post","3":"status-publish","4":"format-standard","5":"has-post-thumbnail","7":"category-futbol","8":"tag-deportes","9":"tag-es","10":"tag-espana","11":"tag-football","12":"tag-fu00fatbol","13":"tag-futbol","14":"tag-juan-guillamu00f3n","15":"tag-real-murcia","16":"tag-soccer","17":"tag-spain","18":"tag-sports"},"share_on_mastodon":{"url":"","error":""},"_links":{"self":[{"href":"https:\/\/www.europesays.com\/es\/wp-json\/wp\/v2\/posts\/147895","targetHints":{"allow":["GET"]}}],"collection":[{"href":"https:\/\/www.europesays.com\/es\/wp-json\/wp\/v2\/posts"}],"about":[{"href":"https:\/\/www.europesays.com\/es\/wp-json\/wp\/v2\/types\/post"}],"author":[{"embeddable":true,"href":"https:\/\/www.europesays.com\/es\/wp-json\/wp\/v2\/users\/2"}],"replies":[{"embeddable":true,"href":"https:\/\/www.europesays.com\/es\/wp-json\/wp\/v2\/comments?post=147895"}],"version-history":[{"count":0,"href":"https:\/\/www.europesays.com\/es\/wp-json\/wp\/v2\/posts\/147895\/revisions"}],"wp:featuredmedia":[{"embeddable":true,"href":"https:\/\/www.europesays.com\/es\/wp-json\/wp\/v2\/media\/147896"}],"wp:attachment":[{"href":"https:\/\/www.europesays.com\/es\/wp-json\/wp\/v2\/media?parent=147895"}],"wp:term":[{"taxonomy":"category","embeddable":true,"href":"https:\/\/www.europesays.com\/es\/wp-json\/wp\/v2\/categories?post=147895"},{"taxonomy":"post_tag","embeddable":true,"href":"https:\/\/www.europesays.com\/es\/wp-json\/wp\/v2\/tags?post=147895"}],"curies":[{"name":"wp","href":"https:\/\/api.w.org\/{rel}","templated":true}]}}