{"id":147915,"date":"2025-09-30T05:23:07","date_gmt":"2025-09-30T05:23:07","guid":{"rendered":"https:\/\/www.europesays.com\/es\/147915\/"},"modified":"2025-09-30T05:23:07","modified_gmt":"2025-09-30T05:23:07","slug":"comunidad-valenciana-murcia-y-baleares-en-aviso-naranja-por-lluvias-torrenciales","status":"publish","type":"post","link":"https:\/\/www.europesays.com\/es\/147915\/","title":{"rendered":"Comunidad Valenciana, Murcia y Baleares en aviso naranja por lluvias torrenciales"},"content":{"rendered":"<p>La Agencia Estatal de Meteorolog\u00eda (AEMET) ha desactivado el aviso rojo (riesgo extremo) por lluvias torrenciales en la <strong>provincia de Valencia<\/strong>, aunque ha pasado a<strong> naranja (riesgo importante)<\/strong>. La Comunidad Valenciana, Murcia y Baleares estar\u00e1n en <strong>aviso naranja<\/strong> por acumulados significativos. Esto implica todav\u00eda que hay que <a href=\"https:\/\/www.rtve.es\/noticias\/20250928\/como-actuar-ante-episodio-lluvias-torrenciales\/16747970.shtml\" target=\"_blank\" rel=\"nofollow noopener\">extremar la precauci\u00f3n<\/a> porque las precipitaciones van a continuar descargando con fuerza. <\/p>\n<p>Especial atenci\u00f3n en los litorales de Valencia, Alicante, Cartagena, Mallorca y en las Pitiusas, donde se espera que las lluvias y las tormentas sean muy fuertes. Las autoridades han recordado que, en caso de emergencia, se llame al 112 o al tel\u00e9fono de la polic\u00eda local. Los bomberos trabajar\u00e1n durante toda la noche en un dispositivo de refuerzo que se ha activado en toda la provincia de Valencia. <\/p>\n<p>Este martes seguir\u00e1 sin haber clases en muchos de los municipios. Tambi\u00e9n prolongan la suspensi\u00f3n de las clases presenciales en la Universidad de Valencia y en la Polit\u00e9cnica. Las previsiones que ha compartido el Ayuntamiento valenciano indican que en las pr\u00f3ximas horas el temporal puede ir hacia el mar o <a href=\"https:\/\/www.rtve.es\/noticias\/20250929\/alerta-movil-despierta-trauma-dana-miedo-repetir-vecinos-valencia\/16748670.shtml\" target=\"_blank\" rel=\"nofollow noopener\">acercarse a la zona cero de la DANA<\/a>. <\/p>\n<p>En este sentido, este martes continuar\u00e1 la <strong>inestabilidad en el centro, este y sudeste peninsular<\/strong>, as\u00ed como en Baleares, debido a la influencia de una <strong>vaguada fr\u00eda en altura<\/strong>. Desde primeras horas se esperan cielos nubosos o cubiertos y precipitaciones acompa\u00f1adas de tormentas, que podr\u00e1n ser<strong> localmente fuertes o persistentes<\/strong> en la Comunidad Valenciana, Murcia y Baleares, y <strong>muy fuertes<\/strong> en zonas del litoral de Valencia, Alicante, Cartagena, Mallorca y las Pitiusas.<\/p>\n<p>Por la tarde, crecer\u00e1 la nubosidad en la mitad sur y sudeste, con chubascos dispersos, m\u00e1s probables en el Pirineo oriental y en \u00e1reas monta\u00f1osas del tercio sudeste, donde podr\u00edan ir acompa\u00f1ados de tormentas. En contraste, el noroeste peninsular disfrutar\u00e1 de tiempo estable y cielos poco nubosos, con algunas nubes bajas matinales en el extremo norte y lloviznas ocasionales en el Cant\u00e1brico.<\/p>\n<p>En Canarias, se esperan cielos nubosos en el norte de las islas, con posibilidad de lluvias d\u00e9biles en las orientales y en median\u00edas de las islas monta\u00f1osas, adem\u00e1s de intervalos de nubes altas en el resto.<\/p>\n<p>Las nieblas matinales podr\u00e1n aparecer en el Estrecho y en zonas del norte y este peninsular. En cuanto a las temperaturas, las m\u00e1ximas subir\u00e1n en buena parte de la Pen\u00ednsula, mientras que se mantendr\u00e1n sin cambios o en ligero descenso en los archipi\u00e9lagos y el interior sur del Levante. Las m\u00ednimas tender\u00e1n a bajar o a mantenerse estables, con heladas d\u00e9biles en cumbres del Pirineo.<\/p>\n<p>El viento soplar\u00e1 del norte y del este en la Pen\u00ednsula y Baleares, moderado en el Cant\u00e1brico occidental y con intervalos de fuerte en el litoral norte de Galicia y en el \u00e1rea mediterr\u00e1nea oriental. En el valle del Ebro se espera cierzo, y en Canarias alisio, con rachas fuertes en zonas expuestas.<\/p>\n<p>*Sigue las \u00faltimas noticias sobre El tiempo y la previsi\u00f3n meteorol\u00f3gica en <a href=\"https:\/\/www.rtve.es\/\" rel=\"nofollow noopener\" target=\"_blank\">RTVE.es\/Noticias<\/a><\/p>\n","protected":false},"excerpt":{"rendered":"La Agencia Estatal de Meteorolog\u00eda (AEMET) ha desactivado el aviso rojo (riesgo extremo) por lluvias torrenciales en la&hellip;\n","protected":false},"author":2,"featured_media":147916,"comment_status":"","ping_status":"","sticky":false,"template":"","format":"standard","meta":{"footnotes":""},"categories":[8],"tags":[17,18,25,24,13,14,11,19,20,9,10,15,16,23,12,21,22],"class_list":{"0":"post-147915","1":"post","2":"type-post","3":"status-publish","4":"format-standard","5":"has-post-thumbnail","7":"category-espana","8":"tag-breaking-news","9":"tag-breakingnews","10":"tag-es","11":"tag-espana","12":"tag-featured-news","13":"tag-featurednews","14":"tag-headlines","15":"tag-latest-news","16":"tag-latestnews","17":"tag-news","18":"tag-noticias","19":"tag-noticias-destacadas","20":"tag-noticiasdestacadas","21":"tag-spain","22":"tag-titulares","23":"tag-ultimas-noticias","24":"tag-ultimasnoticias"},"share_on_mastodon":{"url":"","error":""},"_links":{"self":[{"href":"https:\/\/www.europesays.com\/es\/wp-json\/wp\/v2\/posts\/147915","targetHints":{"allow":["GET"]}}],"collection":[{"href":"https:\/\/www.europesays.com\/es\/wp-json\/wp\/v2\/posts"}],"about":[{"href":"https:\/\/www.europesays.com\/es\/wp-json\/wp\/v2\/types\/post"}],"author":[{"embeddable":true,"href":"https:\/\/www.europesays.com\/es\/wp-json\/wp\/v2\/users\/2"}],"replies":[{"embeddable":true,"href":"https:\/\/www.europesays.com\/es\/wp-json\/wp\/v2\/comments?post=147915"}],"version-history":[{"count":0,"href":"https:\/\/www.europesays.com\/es\/wp-json\/wp\/v2\/posts\/147915\/revisions"}],"wp:featuredmedia":[{"embeddable":true,"href":"https:\/\/www.europesays.com\/es\/wp-json\/wp\/v2\/media\/147916"}],"wp:attachment":[{"href":"https:\/\/www.europesays.com\/es\/wp-json\/wp\/v2\/media?parent=147915"}],"wp:term":[{"taxonomy":"category","embeddable":true,"href":"https:\/\/www.europesays.com\/es\/wp-json\/wp\/v2\/categories?post=147915"},{"taxonomy":"post_tag","embeddable":true,"href":"https:\/\/www.europesays.com\/es\/wp-json\/wp\/v2\/tags?post=147915"}],"curies":[{"name":"wp","href":"https:\/\/api.w.org\/{rel}","templated":true}]}}