{"id":147917,"date":"2025-09-30T05:24:09","date_gmt":"2025-09-30T05:24:09","guid":{"rendered":"https:\/\/www.europesays.com\/es\/147917\/"},"modified":"2025-09-30T05:24:09","modified_gmt":"2025-09-30T05:24:09","slug":"el-archivo-completo-de-la-reefd-desde-1949-ya-esta-disponible-online-para-su-consulta-gratuita","status":"publish","type":"post","link":"https:\/\/www.europesays.com\/es\/147917\/","title":{"rendered":"El archivo completo de la REEFD desde 1949 ya est\u00e1 disponible online para su consulta gratuita"},"content":{"rendered":"<p><img decoding=\"async\" src=\"https:\/\/www.europesays.com\/es\/wp-content\/uploads\/2025\/09\/9bd96f_ea9ccb892835489daa3138c7a17e8158~mv2.png\" alt=\"ree\" style=\"width:100%;height:100%;object-fit:cover;object-position:50% 50%;max-width:100%\" data-pin-url=\"https:\/\/www.consejo-colef.es\/post\/reefd-archivo-historico\" data-pin-media=\"https:\/\/static.wixstatic.com\/media\/9bd96f_ea9ccb892835489daa3138c7a17e8158~mv2.png\/v1\/fill\/w_1080,h_565,al_c,q_90\/9bd96f_ea9ccb892835489daa3138c7a17e8158~mv2.png\" draggable=\"false\"\/><\/p>\n<p><strong style=\"font-weight:700\">EL ARCHIVO COMPLETO DE LA REVISTA ESPA\u00d1OLA DE EDUCACI\u00d3N F\u00cdSICA Y DEPORTES DESDE 1949 YA EST\u00c1 DISPONIBLE ONLINE PARA SU CONSULTA GRATUITA<\/strong><\/p>\n<blockquote class=\"btx8p\">\n<p><strong style=\"font-weight:700\">La Revista Espa\u00f1ola de Educaci\u00f3n F\u00edsica y Deportes (REEFD) ha puesto a disposici\u00f3n p\u00fablica su archivo hist\u00f3rico completo desde 1949, accesible de forma gratuita a trav\u00e9s de su sitio oficial. Este fondo documental recoge m\u00e1s de siete d\u00e9cadas de publicaciones que reflejan la evoluci\u00f3n de la profesi\u00f3n, la investigaci\u00f3n y la praxis en el \u00e1mbito de la educaci\u00f3n f\u00edsica y el deporte. Con esta iniciativa, el Consejo COLEF refuerza su compromiso con la divulgaci\u00f3n del conocimiento, la memoria profesional y el acceso abierto a los contenidos cient\u00edficos y t\u00e9cnicos del sector.<\/strong><\/p>\n<\/blockquote>\n<p class=\"fxTZ7 fvFfv tTJlO xFml2\" dir=\"auto\" id=\"viewer-5xz362900\">La Revista Espa\u00f1ola de Educaci\u00f3n F\u00edsica y Deportes (REEFD), \u00f3rgano editorial del Consejo COLEF, pone a disposici\u00f3n p\u00fablica su archivo hist\u00f3rico completo desde 1949. Este valioso repositorio incluye todos los art\u00edculos publicados desde el primer n\u00famero de la revista, as\u00ed como los ejemplares del Bolet\u00edn Informativo del Colegio, ahora accesibles de forma gratuita a trav\u00e9s de una plataforma digital dise\u00f1ada para su consulta abierta y estructurada.<\/p>\n<p class=\"fxTZ7 fvFfv tTJlO xFml2\" dir=\"auto\" id=\"viewer-ydenu1056\">Este archivo, disponible en <a target=\"_blank\" href=\"https:\/\/www.reefd.es\/index.php\/hreefd\" rel=\"noopener nofollow\" class=\"OfpAK PB45x\" data-hook=\"web-link\">https:\/\/www.reefd.es\/index.php\/hreefd<\/a>, constituye una herramienta esencial para quienes investigan, ejercen o se forman en el \u00e1mbito de la educaci\u00f3n f\u00edsica, la actividad f\u00edsica y el deporte. Con esta iniciativa, el Consejo COLEF refuerza su compromiso con la memoria profesional, la transparencia institucional y la divulgaci\u00f3n del conocimiento.<\/p>\n<p class=\"fxTZ7 fvFfv m-bYL xFml2\" dir=\"auto\" id=\"viewer-abety1062\"><strong style=\"font-weight:700\">UN PROYECTO DE DIGITALIZACI\u00d3N Y ACCESO ABIERTO<\/strong><\/p>\n<p class=\"fxTZ7 fvFfv tTJlO xFml2\" dir=\"auto\" id=\"viewer-mi48v1065\">La digitalizaci\u00f3n del fondo hist\u00f3rico ha sido posible gracias al convenio suscrito entre el Consejo COLEF y el INEF de Madrid en 2011, mediante el cual la Biblioteca de la Facultad de Ciencias de la Actividad F\u00edsica y del Deporte (INEF-UPM) complet\u00f3 el escaneo \u00edntegro de los 374 ejemplares de la REEFD anteriores a 2004, as\u00ed como de los 27 boletines colegiales publicados en los a\u00f1os en los que la revista interrumpi\u00f3 temporalmente su edici\u00f3n peri\u00f3dica.<\/p>\n<p><img decoding=\"async\" src=\"https:\/\/www.europesays.com\/es\/wp-content\/uploads\/2025\/09\/9bd96f_3465e47198374702815bd61b21e57b0a~mv2.png\" alt=\"ree\" style=\"width:100%;height:100%;object-fit:cover;object-position:50% 50%;max-width:100%\" data-pin-url=\"https:\/\/www.consejo-colef.es\/post\/reefd-archivo-historico\" data-pin-media=\"https:\/\/static.wixstatic.com\/media\/9bd96f_3465e47198374702815bd61b21e57b0a~mv2.png\/v1\/fill\/w_1201,h_296,al_c,lg_1,q_85\/9bd96f_3465e47198374702815bd61b21e57b0a~mv2.png\" draggable=\"false\"\/><\/p>\n<p class=\"fxTZ7 fvFfv tTJlO xFml2\" dir=\"auto\" id=\"viewer-mib171068\">Este trabajo ha sido impulsado por el compromiso de Albert Aliaga, Bibliotecario de Honor del Consejo COLEF, y coordinado t\u00e9cnicamente por Javier Portela, director general de la corporaci\u00f3n, quien ha trabajado en la organizaci\u00f3n y alojamiento digital del contenido, garantizando su consulta estable y gratuita desde el sitio oficial de la revista.<\/p>\n<p class=\"fxTZ7 fvFfv m-bYL xFml2\" dir=\"auto\" id=\"viewer-8oqb61071\"><strong style=\"font-weight:700\">UN VISTAZO A LA HISTORIA: LA REEFD A LO LARGO DE LOS A\u00d1OS<\/strong><\/p>\n<p class=\"fxTZ7 fvFfv tTJlO xFml2\" dir=\"auto\" id=\"viewer-3snx31074\">La REEFD ha pasado por varias etapas y ha superado numerosos desaf\u00edos a lo largo de sus m\u00e1s de 75 a\u00f1os. Desde su fundaci\u00f3n en 1949 por Eleuterio Torrelo, la revista ha evolucionado de un \u00f3rgano informativo a una publicaci\u00f3n cient\u00edfica de renombre. En sus primeras d\u00e9cadas, la revista se centr\u00f3 en llenar un vac\u00edo en la difusi\u00f3n t\u00e9cnica y did\u00e1ctica de la Educaci\u00f3n F\u00edsica, convirti\u00e9ndose en un nexo de comunicaci\u00f3n y un s\u00edmbolo de identidad profesional.<\/p>\n<p class=\"fxTZ7 fvFfv tTJlO xFml2\" dir=\"auto\" id=\"viewer-rdp1r1077\">En su primer n\u00famero, publicado en septiembre de 1949, se destac\u00f3 la importancia de la Educaci\u00f3n F\u00edsica como una ciencia y un arte, que requiere una amplia preparaci\u00f3n y habilidades especiales. El primer editorial fue una declaraci\u00f3n de intenciones que marc\u00f3 el tono y la direcci\u00f3n que la revista seguir\u00eda durante las siguientes d\u00e9cadas. En aquel entonces, la REEFD era una plataforma para que los educadores f\u00edsicos compartieran sus estudios, reflexiones y los avances extranjeros, adem\u00e1s de informar sobre la actualidad profesional.<\/p>\n<p class=\"fxTZ7 fvFfv m-bYL xFml2\" dir=\"auto\" id=\"viewer-b1bic1080\"><strong style=\"font-weight:700\">LAS ETAPAS DE LA REEFD: EVOLUCI\u00d3N Y RESILIENCIA<\/strong><\/p>\n<p class=\"fxTZ7 fvFfv tTJlO xFml2\" dir=\"auto\" id=\"viewer-n97uf1083\">A lo largo de los a\u00f1os, la REEFD ha vivido diversas etapas, cada una marcada por sus propios desaf\u00edos y logros. Durante los primeros a\u00f1os, la revista se public\u00f3 de manera ininterrumpida hasta 1976, con una periodicidad mensual, a excepci\u00f3n de los n\u00fameros dobles durante los periodos vacacionales. Sin embargo, en 1976, debido a dificultades econ\u00f3micas, la publicaci\u00f3n regular de la revista se suspendi\u00f3 temporalmente y fue reemplazada por un bolet\u00edn informativo.<\/p>\n<p class=\"fxTZ7 fvFfv tTJlO xFml2\" dir=\"auto\" id=\"viewer-07vje1086\">Este bolet\u00edn, aunque limitado inicialmente a informaci\u00f3n colegial y legislaci\u00f3n, fue evolucionando gradualmente hasta incluir noticias sobre la profesi\u00f3n, art\u00edculos de colegiadas y colegiados y otros contenidos relevantes. En 1985, la revista retom\u00f3 su publicaci\u00f3n regular bajo el nombre de Revista Espa\u00f1ola de Educaci\u00f3n F\u00edsica y Deportes, ampliando su contenido para incluir secciones t\u00e9cnicas, cient\u00edficas, de aptitud f\u00edsica, did\u00e1ctica, educaci\u00f3n especial y particularidades.<\/p>\n<p class=\"fxTZ7 fvFfv tTJlO xFml2\" dir=\"auto\" id=\"viewer-hv90b1089\">Durante los a\u00f1os 80, la periodicidad de la revista fue irregular debido a las limitaciones econ\u00f3micas. Sin embargo, en 1993, gracias a la colaboraci\u00f3n con la Editorial Deportiva Gymnos, la revista volvi\u00f3 a publicarse de manera trimestral, estableciendo una continuidad que se ha mantenido hasta el d\u00eda de hoy. En las \u00faltimas d\u00e9cadas, la REEFD ha logrado publicar sus cuatro n\u00fameros trimestrales cada a\u00f1o, sin interrupciones, y ha aumentado progresivamente su calidad y su relevancia en el \u00e1mbito cient\u00edfico.<\/p>\n<p class=\"fxTZ7 fvFfv m-bYL xFml2\" dir=\"auto\" id=\"viewer-40f1c1092\"><strong style=\"font-weight:700\">PATRIMONIO DOCUMENTAL AL SERVICIO DEL PRESENTE Y DEL FUTURO<\/strong><\/p>\n<p class=\"fxTZ7 fvFfv tTJlO xFml2\" dir=\"auto\" id=\"viewer-1oep51095\">El archivo hist\u00f3rico digitalizado no es \u00fanicamente un testimonio del pasado, sino una herramienta activa para la investigaci\u00f3n, la docencia, la formaci\u00f3n continua y la reflexi\u00f3n cr\u00edtica. La posibilidad de acceder a documentos originales desde 1949 facilita el an\u00e1lisis longitudinal de tendencias, enfoques metodol\u00f3gicos, vocabulario profesional y cambios legislativos que han acompa\u00f1ado a la Educaci\u00f3n F\u00edsica y Deportiva en nuestro pa\u00eds.<\/p>\n<p class=\"fxTZ7 fvFfv tTJlO xFml2\" dir=\"auto\" id=\"viewer-gwvo21098\">Con esta apertura, el Consejo COLEF refuerza su papel como garante de la memoria profesional y editorial de la Educaci\u00f3n F\u00edsica y Deportiva, y renueva su compromiso con el acceso abierto al conocimiento, la transparencia institucional y la mejora continua de la calidad cient\u00edfica en el \u00e1mbito de las Ciencias de la Actividad F\u00edsica y del Deporte.<\/p>\n<p class=\"fxTZ7 fvFfv tTJlO xFml2\" dir=\"auto\" id=\"viewer-a9i061101\">A partir de este mes, el blog del Consejo COLEF y las redes sociales institucionales compartir\u00e1n art\u00edculos destacados extra\u00eddos del archivo, seleccionados por su relevancia hist\u00f3rica y profesional. Estos contenidos permitir\u00e1n poner en valor el legado acumulado por la revista y difundir las contribuciones de generaciones de profesionales que, durante d\u00e9cadas, han nutrido sus p\u00e1ginas.<\/p>\n<p class=\"fxTZ7 fvFfv mtQy0 xFml2\" style=\"line-height:max(0.8em, 1.38em)\" dir=\"auto\" id=\"viewer-a1g5s\">Cuantas m\u00e1s personas estemos colegiadas, m\u00e1s se escuchar\u00e1n nuestras voces. <\/p>\n<p class=\"fxTZ7 fvFfv mtQy0 xFml2\" style=\"line-height:max(0.8em, 1.38em)\" dir=\"auto\" id=\"viewer-bmr3p\">Es tu responsabilidad, es tu compromiso con la profesi\u00f3n y la sociedad.<\/p>\n<p class=\"fxTZ7 fvFfv mtQy0 xFml2\" style=\"line-height:max(0.8em, 1.38em)\" dir=\"auto\" id=\"viewer-93q75\">Si todav\u00eda no te has colegiado, puedes hacerlo de forma f\u00e1cil y sencilla a trav\u00e9s de la<\/p>\n","protected":false},"excerpt":{"rendered":"EL ARCHIVO COMPLETO DE LA REVISTA ESPA\u00d1OLA DE EDUCACI\u00d3N F\u00cdSICA Y DEPORTES DESDE 1949 YA EST\u00c1 DISPONIBLE ONLINE&hellip;\n","protected":false},"author":2,"featured_media":147918,"comment_status":"","ping_status":"","sticky":false,"template":"","format":"standard","meta":{"footnotes":""},"categories":[5],"tags":[17,18,25,24,13,14,11,19,20,9,10,15,16,23,12,21,22],"class_list":{"0":"post-147917","1":"post","2":"type-post","3":"status-publish","4":"format-standard","5":"has-post-thumbnail","7":"category-titulares","8":"tag-breaking-news","9":"tag-breakingnews","10":"tag-es","11":"tag-espana","12":"tag-featured-news","13":"tag-featurednews","14":"tag-headlines","15":"tag-latest-news","16":"tag-latestnews","17":"tag-news","18":"tag-noticias","19":"tag-noticias-destacadas","20":"tag-noticiasdestacadas","21":"tag-spain","22":"tag-titulares","23":"tag-ultimas-noticias","24":"tag-ultimasnoticias"},"share_on_mastodon":{"url":"","error":""},"_links":{"self":[{"href":"https:\/\/www.europesays.com\/es\/wp-json\/wp\/v2\/posts\/147917","targetHints":{"allow":["GET"]}}],"collection":[{"href":"https:\/\/www.europesays.com\/es\/wp-json\/wp\/v2\/posts"}],"about":[{"href":"https:\/\/www.europesays.com\/es\/wp-json\/wp\/v2\/types\/post"}],"author":[{"embeddable":true,"href":"https:\/\/www.europesays.com\/es\/wp-json\/wp\/v2\/users\/2"}],"replies":[{"embeddable":true,"href":"https:\/\/www.europesays.com\/es\/wp-json\/wp\/v2\/comments?post=147917"}],"version-history":[{"count":0,"href":"https:\/\/www.europesays.com\/es\/wp-json\/wp\/v2\/posts\/147917\/revisions"}],"wp:featuredmedia":[{"embeddable":true,"href":"https:\/\/www.europesays.com\/es\/wp-json\/wp\/v2\/media\/147918"}],"wp:attachment":[{"href":"https:\/\/www.europesays.com\/es\/wp-json\/wp\/v2\/media?parent=147917"}],"wp:term":[{"taxonomy":"category","embeddable":true,"href":"https:\/\/www.europesays.com\/es\/wp-json\/wp\/v2\/categories?post=147917"},{"taxonomy":"post_tag","embeddable":true,"href":"https:\/\/www.europesays.com\/es\/wp-json\/wp\/v2\/tags?post=147917"}],"curies":[{"name":"wp","href":"https:\/\/api.w.org\/{rel}","templated":true}]}}