{"id":147921,"date":"2025-09-30T05:26:06","date_gmt":"2025-09-30T05:26:06","guid":{"rendered":"https:\/\/www.europesays.com\/es\/147921\/"},"modified":"2025-09-30T05:26:06","modified_gmt":"2025-09-30T05:26:06","slug":"uceda-leal-fortes-y-victor-hernandez-encuentro-con-la-aficion-este-martes-en-las-ventas-2","status":"publish","type":"post","link":"https:\/\/www.europesays.com\/es\/147921\/","title":{"rendered":"Uceda Leal, Fortes y V\u00edctor Hern\u00e1ndez, encuentro con la afici\u00f3n este martes en Las Ventas"},"content":{"rendered":"<p>La Feria de Oto\u00f1o ya est\u00e1 aqu\u00ed y la Plaza de Toros de<strong> Las Ventas<\/strong> acoger\u00e1 este martes un encuentro con los aficionados protagonizado por los tres toreros anunciados el pr\u00f3ximo domingo: <strong>Uceda Leal, Fortes y V\u00edctor Hern\u00e1ndez<\/strong>.<\/p>\n<p>Los tres protagonizar\u00e1n un cartel de m\u00e1xima expectaci\u00f3n para lidiar un encierro de <strong>Puerto de San Lorenzo y Fuente Ymbro<\/strong>. Y antes, este martes, ser\u00e1n protagonistas en la Sala Antonio Bienvenida del coso vente\u00f1o.<\/p>\n<p>A partir de las 19:30h., los tres toreros, en un acto moderado por la periodista Marta Manzano, analizar\u00e1n c\u00f3mo afrontan la cita oto\u00f1al tras el impacto de su paso por San Isidro, y compartir\u00e1n con los aficionados sus expectativas. La entrada ser\u00e1 libre hasta completar aforo.<\/p>\n","protected":false},"excerpt":{"rendered":"La Feria de Oto\u00f1o ya est\u00e1 aqu\u00ed y la Plaza de Toros de Las Ventas acoger\u00e1 este martes&hellip;\n","protected":false},"author":2,"featured_media":147922,"comment_status":"","ping_status":"","sticky":false,"template":"","format":"standard","meta":{"footnotes":""},"categories":[277],"tags":[45,373,7105,168,437,25,24,3727,3728,205,23,167,374],"class_list":{"0":"post-147921","1":"post","2":"type-post","3":"status-publish","4":"format-standard","5":"has-post-thumbnail","7":"category-toreo","8":"tag-45","9":"tag-bullfighting","10":"tag-coloquio","11":"tag-deportes","12":"tag-encuentro","13":"tag-es","14":"tag-espana","15":"tag-feria-de-otono","16":"tag-las-ventas","17":"tag-madrid","18":"tag-spain","19":"tag-sports","20":"tag-toreo"},"share_on_mastodon":{"url":"","error":""},"_links":{"self":[{"href":"https:\/\/www.europesays.com\/es\/wp-json\/wp\/v2\/posts\/147921","targetHints":{"allow":["GET"]}}],"collection":[{"href":"https:\/\/www.europesays.com\/es\/wp-json\/wp\/v2\/posts"}],"about":[{"href":"https:\/\/www.europesays.com\/es\/wp-json\/wp\/v2\/types\/post"}],"author":[{"embeddable":true,"href":"https:\/\/www.europesays.com\/es\/wp-json\/wp\/v2\/users\/2"}],"replies":[{"embeddable":true,"href":"https:\/\/www.europesays.com\/es\/wp-json\/wp\/v2\/comments?post=147921"}],"version-history":[{"count":0,"href":"https:\/\/www.europesays.com\/es\/wp-json\/wp\/v2\/posts\/147921\/revisions"}],"wp:featuredmedia":[{"embeddable":true,"href":"https:\/\/www.europesays.com\/es\/wp-json\/wp\/v2\/media\/147922"}],"wp:attachment":[{"href":"https:\/\/www.europesays.com\/es\/wp-json\/wp\/v2\/media?parent=147921"}],"wp:term":[{"taxonomy":"category","embeddable":true,"href":"https:\/\/www.europesays.com\/es\/wp-json\/wp\/v2\/categories?post=147921"},{"taxonomy":"post_tag","embeddable":true,"href":"https:\/\/www.europesays.com\/es\/wp-json\/wp\/v2\/tags?post=147921"}],"curies":[{"name":"wp","href":"https:\/\/api.w.org\/{rel}","templated":true}]}}