{"id":147925,"date":"2025-09-30T05:28:09","date_gmt":"2025-09-30T05:28:09","guid":{"rendered":"https:\/\/www.europesays.com\/es\/147925\/"},"modified":"2025-09-30T05:28:09","modified_gmt":"2025-09-30T05:28:09","slug":"el-dia-que-jon-rahm-lloro-en-un-campo-de-golf-han-sido-dias-de-no-parar","status":"publish","type":"post","link":"https:\/\/www.europesays.com\/es\/147925\/","title":{"rendered":"El d\u00eda que Jon Rahm llor\u00f3 en un campo de golf: \u00abHan sido d\u00edas de no parar\u00bb"},"content":{"rendered":"<p><a class=\"v-mdl-ath__fig-a\" href=\"https:\/\/www.elcorreo.com\/autor\/carlos-nieto-5589.html\" title=\"Carlos Nieto\" rel=\"nofollow noopener\" target=\"_blank\"><br \/>\n<img decoding=\"async\" class=\"v-mdl-ath__img\" src=\"https:\/\/www.europesays.com\/es\/wp-content\/uploads\/2025\/07\/autor-5589-foto-1.png\" alt=\"Carlos Nieto\"\/><br \/>\n<\/a><\/p>\n<p class=\"v-mdl-ath__p v-mdl-ath__p--6\">\nMartes, 30 de septiembre 2025, 01:11<\/p>\n<p class=\"v-p\">Su amigo Shane Lowry anot\u00f3 el putt decisivo&#8230; Y rompi\u00f3 a llorar. Como reconoci\u00f3 despu\u00e9s, Jon Rahm nunca lo hab\u00eda hecho en un campo de golf. Es una persona que ha aprendido a contenerse en los malos momentos y esa sensaci\u00f3n de frialdad hace que mantenga el tipo incluso en los buenos. El del domingo en Nueva York fue distinto. \u00abHan sido unos d\u00edas de no parar, muy intensos\u00bb, reconoci\u00f3 el vizca\u00edno tras conquistar su tercera Ryder Cup en cuatro intentos. Fue uno de los primeros en correr a abrazar al irland\u00e9s, desatado tras convertirse en el h\u00e9roe. Pero fue ver a Jos\u00e9 Mar\u00eda Olazabal, vicecapit\u00e1n europeo, y todo cambi\u00f3.<\/p>\n<p class=\"v-p\">\u00abDir\u00eda que no he llorado antes en un campo de golf. No me lo esperaba de m\u00ed, pero al ver a Olazabal ah\u00ed y con lo emocionado que se pone \u00e9l, pues ocurri\u00f3 y fue muy bonito\u00bb, desliz\u00f3 Rahm una vez rebajadas las pulsaciones tras el ag\u00f3nico triunfo y antes de comenzar unas celebraciones en las que el equipo dirigido por Luke Donald se acord\u00f3 hasta del presidente de Estados Unidos. \u00abAre you watching, Donald Trump?\u00bb, lanzaron al un\u00edsono para repetir un canto de los hinchas europeos estos d\u00edas en Bethpage, donde el s\u00e1bado acudi\u00f3 el propio Trump a animar a sus compatriotas. \u00abS\u00ed, lo estoy viendo. Enhorabuena\u00bb, replic\u00f3 con una sorprendente elegancia el magnate republicano en las redes.<\/p>\n<p class=\"v-p\">Pese a la gran ventaja cosechada por Europa en las dos primeras jornadas \u2013siete puntos\u2013 el combinado de Keegan Bradley apret\u00f3 las tuercas a su rival y por momentos roz\u00f3 una remontada con la que ni ellos mismos contaban. \u00abHa sido de los domingos m\u00e1s tensos de mi carrera, sin duda. Por todo lo que pod\u00eda pasar, por c\u00f3mo iba el marcador. Ha habido mucha tensi\u00f3n, mucha presi\u00f3n\u2026\u00bb, desliz\u00f3 Rahm, visiblemente cansado. Pag\u00f3 ese esfuerzo en su partido con Xander Schauffele, el m\u00e1s desigualado de los once duelos del desenlace de la Ryder.<\/p>\n<p>\nGran contribuci\u00f3n al t\u00edtulo\n<\/p>\n<p>Solo Fleetwood (4), McIlroy (3,5) y Hatton (3,5) sumaron m\u00e1s puntos para Europa que Rahm (3)<\/p>\n<p class=\"v-p\">\u00abHan sido d\u00edas de no parar. Desde que sal\u00edamos al campo de pr\u00e1cticas hasta que terminaba la jornada, cada golpe, en cada swing, cada putt\u2026 ha sido muy intenso, la diferencia es que los dos primeros d\u00edas ten\u00eda un compa\u00f1ero en el que apoyarme. Mentalmente ha sido muy complicado, pero finalmente hemos sobrevivido\u00bb, confes\u00f3 el &#8216;Le\u00f3n de Barrika&#8217;, que logr\u00f3 dos puntos junto a Tyrrell Hatton en foursomes y uno junto a Sepp Straka en fourballs. <\/p>\n<p>\nGanar la Ryder en Estados Unidos\n<\/p>\n<p>El de Barrika es el sexto espa\u00f1ol tras Seve, Pep\u00edn Rivero, Olazabal, Sergio y Miguel \u00c1ngel Jim\u00e9nez<\/p>\n<p class=\"v-p\">Perdi\u00f3 en el \u00faltimo suspiro otro punto al lado del austriaco el s\u00e1bado y el mencionado del domingo ante Schauffele. Una paliza de la que Rahm \u2013el cuarto europeo con m\u00e1s puntos (3) tras Fleetwood (4), McIlroy (3,5) y Hatton (3,5)\u2013 se tendr\u00e1 que recuperar, tanto f\u00edsica como mentalmente, de cara al Open de Espa\u00f1a de la pr\u00f3xima semana. Se disputa del 9 al 12 de octubre en el Club Villa de Campo de Madrid.<\/p>\n<p>Entre los m\u00e1s grandes<\/p>\n<p class=\"v-p\">Con el triunfo europeo, diez jugadores se unieron a los apenas 37 que sab\u00edan lo que era ganar la Ryder en territorio enemigo (Rory McIlroy y Justin Rose lo hicieron en Medinah 2012). En ese selecto grupo el vizca\u00edno se une a cinco espa\u00f1oles: Severiano Ballesteros (1987 y 1995), Pep\u00edn Rivero (1987), Olazabal (1987 y como capit\u00e1n en 2012), Sergio Garc\u00eda (2004 y 2012) y Miguel \u00c1ngel Jim\u00e9nez (2004 y vicecapit\u00e1n en 2012). Rahm, insaciable y ambicioso, ya tiene entre ceja y ceja igualar las dos victorias a domicilio de Seve y Sergio. Tendr\u00e1 una oportunidad en el Hazeltine National de Chaska, Minnesota, en 2029.<\/p>\n<p class=\"v-p\">Antes, dentro de dos a\u00f1os en Adare Manor, Irlanda, buscar\u00e1 su cuarta conquista en cinco ocasiones. Ya ha superado las dos victorias de Jim\u00e9nez y Rivero y quiere empatar a Ballesteros y Olazabal, aunque ambos tienen una extra como capitanes. Sergio, el jugador con m\u00e1s puntos de la historia (28,5) sigue todav\u00eda lejos, con seis.<\/p>\n<p>Comenta<\/p>\n<p>Reporta un error<\/p>\n","protected":false},"excerpt":{"rendered":"Martes, 30 de septiembre 2025, 01:11 Su amigo Shane Lowry anot\u00f3 el putt decisivo&#8230; Y rompi\u00f3 a llorar.&hellip;\n","protected":false},"author":2,"featured_media":147926,"comment_status":"","ping_status":"","sticky":false,"template":"","format":"standard","meta":{"footnotes":""},"categories":[275],"tags":[5716,168,978,960,25,24,329,2650,33685,10780,330,23,167],"class_list":{"0":"post-147925","1":"post","2":"type-post","3":"status-publish","4":"format-standard","5":"has-post-thumbnail","7":"category-golf","8":"tag-campo","9":"tag-deportes","10":"tag-dia","11":"tag-dias","12":"tag-es","13":"tag-espana","14":"tag-golf","15":"tag-jon","16":"tag-lloro","17":"tag-parar","18":"tag-rahm","19":"tag-spain","20":"tag-sports"},"share_on_mastodon":{"url":"","error":""},"_links":{"self":[{"href":"https:\/\/www.europesays.com\/es\/wp-json\/wp\/v2\/posts\/147925","targetHints":{"allow":["GET"]}}],"collection":[{"href":"https:\/\/www.europesays.com\/es\/wp-json\/wp\/v2\/posts"}],"about":[{"href":"https:\/\/www.europesays.com\/es\/wp-json\/wp\/v2\/types\/post"}],"author":[{"embeddable":true,"href":"https:\/\/www.europesays.com\/es\/wp-json\/wp\/v2\/users\/2"}],"replies":[{"embeddable":true,"href":"https:\/\/www.europesays.com\/es\/wp-json\/wp\/v2\/comments?post=147925"}],"version-history":[{"count":0,"href":"https:\/\/www.europesays.com\/es\/wp-json\/wp\/v2\/posts\/147925\/revisions"}],"wp:featuredmedia":[{"embeddable":true,"href":"https:\/\/www.europesays.com\/es\/wp-json\/wp\/v2\/media\/147926"}],"wp:attachment":[{"href":"https:\/\/www.europesays.com\/es\/wp-json\/wp\/v2\/media?parent=147925"}],"wp:term":[{"taxonomy":"category","embeddable":true,"href":"https:\/\/www.europesays.com\/es\/wp-json\/wp\/v2\/categories?post=147925"},{"taxonomy":"post_tag","embeddable":true,"href":"https:\/\/www.europesays.com\/es\/wp-json\/wp\/v2\/tags?post=147925"}],"curies":[{"name":"wp","href":"https:\/\/api.w.org\/{rel}","templated":true}]}}