{"id":147935,"date":"2025-09-30T05:36:15","date_gmt":"2025-09-30T05:36:15","guid":{"rendered":"https:\/\/www.europesays.com\/es\/147935\/"},"modified":"2025-09-30T05:36:15","modified_gmt":"2025-09-30T05:36:15","slug":"mas-de-un-centenar-de-escritores-firmaran-sus-obras-durante-la-feria-del-libro-de-majadahonda","status":"publish","type":"post","link":"https:\/\/www.europesays.com\/es\/147935\/","title":{"rendered":"M\u00e1s de un centenar de escritores firmar\u00e1n sus obras durante la Feria del Libro de Majadahonda"},"content":{"rendered":"<p data-gtm-element-container=\"modulo-texto-link\" class=\"paragraph\">MADRID, 29 (SERVIMEDIA)<\/p>\n<p data-gtm-element-container=\"modulo-texto-link\" class=\"paragraph\">El Ayuntamiento de Majadahonda celebrar\u00e1 la novena edici\u00f3n de la Feria del Libro de la ciudad entre este jueves y el domingo con un homenaje a Francisco Umbral al cumplirse el 50 aniversario de su libro &#8216;Mortal y Rosa&#8217;, donde el escritor evoca la muerte de su hijo.<\/p>\n<p data-gtm-element-container=\"modulo-texto-link\" class=\"paragraph\">En esta edici\u00f3n participar\u00e1n 16 editoriales y librer\u00edas que ofrecer\u00e1n las novedades literarias m\u00e1s interesantes del momento, en una quincena de casetas instaladas en la Plaza de Col\u00f3n, donde, adem\u00e1s, 102 autores firmar\u00e1n sus libros.<\/p>\n<p data-gtm-element-container=\"modulo-texto-link\" class=\"paragraph\">Una carpa acoger\u00e1 adem\u00e1s distintas actividades culturales y de ocio a lo largo de los d\u00edas de celebraci\u00f3n de la Feria del Libro de Majadahonda. As\u00ed, el primer d\u00eda, coincidiendo con el 50\u00ba aniversario de &#8216;Mortal y Rosa&#8217;, se proyectar\u00e1 un cortometraje y un coloquio posterior sobre esta obra.<\/p>\n<p data-gtm-element-container=\"modulo-texto-link\" class=\"paragraph\">Ser\u00e1 entre las 18.30 horas hasta las 20 horas, con acceso ser\u00e1 libre hasta completar aforo. Adem\u00e1s, con motivo del citado aniversario, se ha editado una edici\u00f3n conmemorativa de este libro.<\/p>\n<p data-gtm-element-container=\"modulo-texto-link\" class=\"paragraph\">Carmen Juste, Alex Garc\u00eda, Pilar Guijarro, Guillermo Alacaraz, Manuel Garc\u00eda Sanah\u00faja, Pilar Alonso, Gonzalo Arjona, Carmen Mart\u00ednez Coello, Gemma Cuena, Esther Cuesta o Antonio Perales ser\u00e1n solo algunos del centenar de escritores que firmar\u00e1n sus libros desde el jueves y hasta el domingo en la Feria del Libro de Majadahonda.<\/p>\n<p data-gtm-element-container=\"modulo-texto-link\" class=\"paragraph\">(SERVIMEDIA)29-SEP-2025 19:42 (GMT +2)DSB\/pai<\/p>\n<p data-gtm-element-container=\"modulo-texto-link\" class=\"paragraph\">\u00a9 SERVIMEDIA. Esta informaci\u00f3n es propiedad de Servimedia. S\u00f3lo puede ser difundida por los clientes de esta agencia de noticias citando a Servimedia como autor o fuente. Todos los derechos reservados. Queda prohibida la distribuci\u00f3n y la comunicaci\u00f3n p\u00fablica por terceros mediante cualquier v\u00eda o soporte.<\/p>\n","protected":false},"excerpt":{"rendered":"MADRID, 29 (SERVIMEDIA) El Ayuntamiento de Majadahonda celebrar\u00e1 la novena edici\u00f3n de la Feria del Libro de la&hellip;\n","protected":false},"author":2,"featured_media":147936,"comment_status":"","ping_status":"","sticky":false,"template":"","format":"standard","meta":{"footnotes":""},"categories":[172],"tags":[224,146,147,25,24,225,23],"class_list":{"0":"post-147935","1":"post","2":"type-post","3":"status-publish","4":"format-standard","5":"has-post-thumbnail","7":"category-libros","8":"tag-books","9":"tag-entertainment","10":"tag-entretenimiento","11":"tag-es","12":"tag-espana","13":"tag-libros","14":"tag-spain"},"share_on_mastodon":{"url":"","error":""},"_links":{"self":[{"href":"https:\/\/www.europesays.com\/es\/wp-json\/wp\/v2\/posts\/147935","targetHints":{"allow":["GET"]}}],"collection":[{"href":"https:\/\/www.europesays.com\/es\/wp-json\/wp\/v2\/posts"}],"about":[{"href":"https:\/\/www.europesays.com\/es\/wp-json\/wp\/v2\/types\/post"}],"author":[{"embeddable":true,"href":"https:\/\/www.europesays.com\/es\/wp-json\/wp\/v2\/users\/2"}],"replies":[{"embeddable":true,"href":"https:\/\/www.europesays.com\/es\/wp-json\/wp\/v2\/comments?post=147935"}],"version-history":[{"count":0,"href":"https:\/\/www.europesays.com\/es\/wp-json\/wp\/v2\/posts\/147935\/revisions"}],"wp:featuredmedia":[{"embeddable":true,"href":"https:\/\/www.europesays.com\/es\/wp-json\/wp\/v2\/media\/147936"}],"wp:attachment":[{"href":"https:\/\/www.europesays.com\/es\/wp-json\/wp\/v2\/media?parent=147935"}],"wp:term":[{"taxonomy":"category","embeddable":true,"href":"https:\/\/www.europesays.com\/es\/wp-json\/wp\/v2\/categories?post=147935"},{"taxonomy":"post_tag","embeddable":true,"href":"https:\/\/www.europesays.com\/es\/wp-json\/wp\/v2\/tags?post=147935"}],"curies":[{"name":"wp","href":"https:\/\/api.w.org\/{rel}","templated":true}]}}