{"id":147951,"date":"2025-09-30T05:46:08","date_gmt":"2025-09-30T05:46:08","guid":{"rendered":"https:\/\/www.europesays.com\/es\/147951\/"},"modified":"2025-09-30T05:46:08","modified_gmt":"2025-09-30T05:46:08","slug":"la-asesora-de-moncloa-intermedio-con-11-empresas-pese-a-que-begona-gomez-declaro-que-solo-le-hizo-algun-favor-puntual-el-mundo","status":"publish","type":"post","link":"https:\/\/www.europesays.com\/es\/147951\/","title":{"rendered":"La asesora de Moncloa intermedi\u00f3 con 11 empresas pese a que Bego\u00f1a G\u00f3mez declar\u00f3 que s\u00f3lo le hizo alg\u00fan favor &quot;puntual&quot; &#8211; El Mundo"},"content":{"rendered":"<ol>\n<li><a href=\"https:\/\/news.google.com\/rss\/articles\/CBMiekFVX3lxTE9SaVVlTEk3X0J6UE5VVi11TlFyckppeTQzWG5JekRnNWMyX3RIdXp5c0FuZ3ZHWGdiSlFZci0yNGE4RVhJMjNsZ0ZId2FTNkI1Y3pTN2dIdkd2UzVFd2FaUVk1LWxlQVpMU0NmajNNQl85WjY1RDgtUVVn0gF6QVVfeXFMT1M1bjc2dWVTdThiMTF6bVJnYnduOUFHSlpBYlZHbGJQZHVqWUpvQ0tzMmxhX25NRk1XSWMzMk9mZllSWXB3blVOdG9KcHVkV3JKdlNsUFdZVFVreGFXeTk4V0pNZHQ0NFM4SEdmbmVqVF9OdW1RRWI2UGc?oc=5\" target=\"_blank\" rel=\"nofollow noopener\">La asesora de Moncloa intermedi\u00f3 con 11 empresas pese a que Bego\u00f1a G\u00f3mez declar\u00f3 que s\u00f3lo le hizo alg\u00fan favor \u00abpuntual\u00bb<\/a>&nbsp;&nbsp;El Mundo<\/li>\n<li><a href=\"https:\/\/news.google.com\/rss\/articles\/CBMi6wFBVV95cUxNY2haS2pyOFZURS16ZklqWE1ncDc1aFJQOHUyckM5T0dZSWFJdFlKbld6dEpiRkE2d1BaVDFMN3lvcDFqYmNGaE1XS1BxZHhkYTUwWVRHWXhRXzVUSXRqQVgzU3VpWENCQmFoMFdrVjBzWVdYdXpuTlFwYUsxeTRBLTRHSXNHNTZzaHhmZ0dpck55ZGtsamlBekNCYmk3dk95WUJ4QnJ3WTVKRGg0VU14Q0VMRmdLOW43azh1N3NPNEo4c0IxOW1KYm1aamdwR2RhamlUY3lHU2gwNnZWOVFYWWMxa1B3RThMY2hr?oc=5\" target=\"_blank\" rel=\"nofollow noopener\">Otro informe de la UCO, \u201cirregularidades\u201d en contratos p\u00fablicos de Barrab\u00e9s&#8230; \u00bfQu\u00e9 est\u00e1 pasando en el \u2018caso Bego\u00f1a G\u00f3mez\u2019?<\/a>&nbsp;&nbsp;EL PA\u00cdS<\/li>\n<li><a href=\"https:\/\/news.google.com\/rss\/articles\/CBMizAFBVV95cUxPbDFpVVU4ZUZxOXE5UHgzYnd3b3lMd29TeVdPaVhpWDdDanVXNW1FRHlFY2pvNDZYaWxYd3hhWnlfVWpDNFlZdzBOR2QzMVNSc0lGeHk5XzlEclVQbEQwcU9mVElkQjNmTWJVb1htR2VwVV9FM0pTYmFZNUw5eTRkaUNKUDBnWnZveGpidjQ5eDhwUzJQVG5aemhtSEtKaFVGSFN4cmRJZnN1bVo4OFF5Q3g5TWZITFNHT2ZMb3Y2VmZSek81UjZXaldrb0E?oc=5\" target=\"_blank\" rel=\"nofollow noopener\">La Fiscal\u00eda descarta que Bego\u00f1a G\u00f3mez hiciera \u201cnegocio\u201d con la Complutense: \u201cPor la c\u00e1tedra cobr\u00f3 cero euros\u201d<\/a>&nbsp;&nbsp;elDiario.es<\/li>\n<li><a href=\"https:\/\/news.google.com\/rss\/articles\/CBMikgJBVV95cUxNRnU2aEYtQVRST1VKVXpmd0tCU1hIQVNOeWVnQlUzT1Z5NFIyZzZGQWdNN3h4Y3M4TGNqdllGZWdfQUE5VTRnS0xSSGZkVmI3d3hTTDFIMmhrc3dqM1RVVHJmVWJfbmxIN1JJenptTzY3cUkxaUhvT1lvZXJDd3RMajBkRHA1eUFNMVhXcnNoZ2t0SU55TVdaWmIwdkFHM3VDWWZ3UEdseU9va0NiQ1ZsMC1TTTNMbGJhRTFKaHlUNkF6NWotdGlXa3NobjFjMWpGMGY2aHpuQ2NlZE4xd3BaTEw1R1Q2RzNjUUF4RlFPdnp3UHc4d0N2ckx4ckF3TzhQdWlxa29KZXFkYlFjOW5CTmd30gGSAkFVX3lxTFBFc2luLUdjcjBQdzhmcFh2bUtHZHFUOV9taHlDdG82b1Q4VUFpYmhrUS04d1dyWFlacklrQjR0NGt3ay1fNTBiUHFHMERGZmF5UHFRVWpSeWpvUlJpQVk0N3d4ZXNQTnFhblFCMUthaFNaNzBfVko1NXI1ampLc3lKcmJPNFY2Um5adnBRbDZseUljV2p1cDV3YVR2VXhtNWRybUZDNDltSU5JM1ZJNFFRQUswQnFtaGgwRzZhSmtwSVEteWQtSVlucDNrQ2NwM0F3Qy1sN0Q5a0lIX0hXdHBrZ0V5SHlpVDJhdHp6MHZna1U2dDVJWDhxS2lfZl95RkdESEVfeFh2OXBUSmhiVEdWSEE?oc=5\" target=\"_blank\" rel=\"nofollow noopener\">Ramonc\u00edn: \u00abLo que no se puede hacer es &#8216;Bego\u00f1a G\u00f3mez es culpable porque soy de derechas o inocente po<\/a>&nbsp;&nbsp;LaSexta<\/li>\n<li><a href=\"https:\/\/news.google.com\/rss\/articles\/CBMiuwFBVV95cUxOYVEybDRVOWhfU0VGWXhydGp0NnVlbjdxYWpXaEZhUEZoVV95cGdTYTEzeU1tR3ZlckFVR1EzS3ltTnBrcUZ4Z1NvdUZMQ2tFdTloRENqaGZpM0Fub0luSDJ2U3k2SElRY1BJaXlzMFM1blRjbWhuVDNGVExLYjZBQnBqRHlxSkdNeXpVS3B2ZmdMQW9QT1RSVHFRWWhMUm44UTNqYm0wTEtuOUd5Tlh4N0RfeUlwVEotUFpj?oc=5\" target=\"_blank\" rel=\"nofollow noopener\">La asesora de Bego\u00f1a G\u00f3mez envi\u00f3 al menos 17 &#8216;mails&#8217; con gestiones privadas en d\u00edas y horario de trabajo<\/a>&nbsp;&nbsp;El Confidencial<\/li>\n<\/ol>\n","protected":false},"excerpt":{"rendered":"La asesora de Moncloa intermedi\u00f3 con 11 empresas pese a que Bego\u00f1a G\u00f3mez declar\u00f3 que s\u00f3lo le hizo&hellip;\n","protected":false},"author":2,"featured_media":147952,"comment_status":"","ping_status":"","sticky":false,"template":"","format":"standard","meta":{"footnotes":""},"categories":[8],"tags":[16640,17,18,25,24,13,14,11,19,20,9,44827,10,15,16,2959,23,12,21,22],"class_list":{"0":"post-147951","1":"post","2":"type-post","3":"status-publish","4":"format-standard","5":"has-post-thumbnail","7":"category-espana","8":"tag-begona-gomez-fernandez","9":"tag-breaking-news","10":"tag-breakingnews","11":"tag-es","12":"tag-espana","13":"tag-featured-news","14":"tag-featurednews","15":"tag-headlines","16":"tag-latest-news","17":"tag-latestnews","18":"tag-news","19":"tag-nlpremium","20":"tag-noticias","21":"tag-noticias-destacadas","22":"tag-noticiasdestacadas","23":"tag-pedro-sanchez","24":"tag-spain","25":"tag-titulares","26":"tag-ultimas-noticias","27":"tag-ultimasnoticias"},"share_on_mastodon":{"url":"","error":""},"_links":{"self":[{"href":"https:\/\/www.europesays.com\/es\/wp-json\/wp\/v2\/posts\/147951","targetHints":{"allow":["GET"]}}],"collection":[{"href":"https:\/\/www.europesays.com\/es\/wp-json\/wp\/v2\/posts"}],"about":[{"href":"https:\/\/www.europesays.com\/es\/wp-json\/wp\/v2\/types\/post"}],"author":[{"embeddable":true,"href":"https:\/\/www.europesays.com\/es\/wp-json\/wp\/v2\/users\/2"}],"replies":[{"embeddable":true,"href":"https:\/\/www.europesays.com\/es\/wp-json\/wp\/v2\/comments?post=147951"}],"version-history":[{"count":0,"href":"https:\/\/www.europesays.com\/es\/wp-json\/wp\/v2\/posts\/147951\/revisions"}],"wp:featuredmedia":[{"embeddable":true,"href":"https:\/\/www.europesays.com\/es\/wp-json\/wp\/v2\/media\/147952"}],"wp:attachment":[{"href":"https:\/\/www.europesays.com\/es\/wp-json\/wp\/v2\/media?parent=147951"}],"wp:term":[{"taxonomy":"category","embeddable":true,"href":"https:\/\/www.europesays.com\/es\/wp-json\/wp\/v2\/categories?post=147951"},{"taxonomy":"post_tag","embeddable":true,"href":"https:\/\/www.europesays.com\/es\/wp-json\/wp\/v2\/tags?post=147951"}],"curies":[{"name":"wp","href":"https:\/\/api.w.org\/{rel}","templated":true}]}}