{"id":147988,"date":"2025-09-30T06:10:12","date_gmt":"2025-09-30T06:10:12","guid":{"rendered":"https:\/\/www.europesays.com\/es\/147988\/"},"modified":"2025-09-30T06:10:12","modified_gmt":"2025-09-30T06:10:12","slug":"emergencias-rescata-de-sus-vehiculos-a-cuatro-personas-atrapadas-por-las-lluvias-en-la-region-sociedad","status":"publish","type":"post","link":"https:\/\/www.europesays.com\/es\/147988\/","title":{"rendered":"Emergencias rescata de sus veh\u00edculos a cuatro personas atrapadas por las lluvias en la Regi\u00f3n | Sociedad"},"content":{"rendered":"<p class=\"loc\">Murcia<\/p>\n<p>Seg\u00fan el pluvi\u00f3metro de la CHS, donde m\u00e1s ha llovido ha sido en la Rambla Salada en Murcia, donde se han recogido casi 50 litros por metro cuadrado, al igual que en la zona de Ulea en la Rambla del Tinaj\u00f3n. En la zona de Molina ha llovido algo menos pero se han producido algunos problemas.<\/p>\n<p>Hasta las 7 y media de esta tarde, el Centro de Coordinaci\u00f3n de Emergencias ha gestionado 77 asuntos relacionados con el episodio de lluvias y tormentas que afecta a toda la Regi\u00f3n de Murcia, y que han supuesto 110 llamadas recibidas.<\/p>\n<p>La mayor\u00eda de los asuntos tienen que ver con la retirada de obst\u00e1culos en la v\u00eda, que han sido diez, seis achiques de agua y el rescate de 4 personas, cuyos veh\u00edculos estaban rodeados de agua.<\/p>\n<p>Por municipios destacan los 35 asuntos de Molina de Segura , siendo los m\u00e1s destacables el atasco que el agua ha ocasionado en la N-301 a su paso por la localidad y la inundaci\u00f3n de los fosos de los ascensores en el Hospital Ribera de Molina tras la rotura de las bombas de achique. En Murcia se han atendido 21 asuntos, ninguno de ellos de gran importancia. <\/p>\n","protected":false},"excerpt":{"rendered":"Murcia Seg\u00fan el pluvi\u00f3metro de la CHS, donde m\u00e1s ha llovido ha sido en la Rambla Salada en&hellip;\n","protected":false},"author":2,"featured_media":147989,"comment_status":"","ping_status":"","sticky":false,"template":"","format":"standard","meta":{"footnotes":""},"categories":[5],"tags":[17,18,25,24,13,14,11,19,20,9,10,15,16,23,12,21,22],"class_list":{"0":"post-147988","1":"post","2":"type-post","3":"status-publish","4":"format-standard","5":"has-post-thumbnail","7":"category-titulares","8":"tag-breaking-news","9":"tag-breakingnews","10":"tag-es","11":"tag-espana","12":"tag-featured-news","13":"tag-featurednews","14":"tag-headlines","15":"tag-latest-news","16":"tag-latestnews","17":"tag-news","18":"tag-noticias","19":"tag-noticias-destacadas","20":"tag-noticiasdestacadas","21":"tag-spain","22":"tag-titulares","23":"tag-ultimas-noticias","24":"tag-ultimasnoticias"},"share_on_mastodon":{"url":"","error":""},"_links":{"self":[{"href":"https:\/\/www.europesays.com\/es\/wp-json\/wp\/v2\/posts\/147988","targetHints":{"allow":["GET"]}}],"collection":[{"href":"https:\/\/www.europesays.com\/es\/wp-json\/wp\/v2\/posts"}],"about":[{"href":"https:\/\/www.europesays.com\/es\/wp-json\/wp\/v2\/types\/post"}],"author":[{"embeddable":true,"href":"https:\/\/www.europesays.com\/es\/wp-json\/wp\/v2\/users\/2"}],"replies":[{"embeddable":true,"href":"https:\/\/www.europesays.com\/es\/wp-json\/wp\/v2\/comments?post=147988"}],"version-history":[{"count":0,"href":"https:\/\/www.europesays.com\/es\/wp-json\/wp\/v2\/posts\/147988\/revisions"}],"wp:featuredmedia":[{"embeddable":true,"href":"https:\/\/www.europesays.com\/es\/wp-json\/wp\/v2\/media\/147989"}],"wp:attachment":[{"href":"https:\/\/www.europesays.com\/es\/wp-json\/wp\/v2\/media?parent=147988"}],"wp:term":[{"taxonomy":"category","embeddable":true,"href":"https:\/\/www.europesays.com\/es\/wp-json\/wp\/v2\/categories?post=147988"},{"taxonomy":"post_tag","embeddable":true,"href":"https:\/\/www.europesays.com\/es\/wp-json\/wp\/v2\/tags?post=147988"}],"curies":[{"name":"wp","href":"https:\/\/api.w.org\/{rel}","templated":true}]}}