{"id":148006,"date":"2025-09-30T06:25:07","date_gmt":"2025-09-30T06:25:07","guid":{"rendered":"https:\/\/www.europesays.com\/es\/148006\/"},"modified":"2025-09-30T06:25:07","modified_gmt":"2025-09-30T06:25:07","slug":"asi-era-el-look-mohicano-de-anakin-skywalker-que-george-lucas-rechazo-para-star-wars-la-vengaza-de-los-sith","status":"publish","type":"post","link":"https:\/\/www.europesays.com\/es\/148006\/","title":{"rendered":"As\u00ed era el look mohicano de Anakin Skywalker que George Lucas rechaz\u00f3 para \u2018Star Wars: La vengaza de los Sith\u2019"},"content":{"rendered":"<p class=\"\">La evoluci\u00f3n de Padawan a<a href=\"https:\/\/as.com\/meristation\/comics\/se-libro-de-la-orden-66-en-star-wars-la-venganza-de-los-sith-pero-esta-importante-jedi-fue-destruida-por-darth-vader-poco-despues-n\/\" target=\"_self\" rel=\"nofollow noopener\" title=\"https:\/\/as.com\/meristation\/comics\/se-libro-de-la-orden-66-en-star-wars-la-venganza-de-los-sith-pero-esta-importante-jedi-fue-destruida-por-darth-vader-poco-despues-n\/\"> caballero Jedi<\/a>. En \u2018Star Wars Episodio III: La venganza de los Sith\u2019, <b>Anakin Skywalker iba a tener un aspecto completamente diferente<\/b>, al menos a juzgar por los dise\u00f1os a los que <a href=\"https:\/\/as.com\/meristation\/cine\/george-lucas-se-deja-ver-para-presentar-su-nuevo-museo-un-templo-al-arte-popular-n\/\" target=\"_self\" rel=\"nofollow noopener\" title=\"https:\/\/as.com\/meristation\/cine\/george-lucas-se-deja-ver-para-presentar-su-nuevo-museo-un-templo-al-arte-popular-n\/\">George Lucas<\/a> ech\u00f3 un vistazo durante la preproducci\u00f3n de la pel\u00edcula. Uno de ellos llama la atenci\u00f3n porque Hayden Christensen luce como un mohicano, rapado por los lados y recogido hacia atr\u00e1s desde arriba, en una especie de coleta. Sin embargo, a Lucas no le satisfizo desde el principio.<\/p>\n<p class=\"\">\u201cCreo que es demasiado\u201d, dice en un v\u00eddeo detr\u00e1s de las c\u00e1maras. En las siguientes im\u00e1genes, <b>un jovec\u00edsimo Hayden Christensen luce coleta<\/b>. George Lucas toma su sello de aprobaci\u00f3n y da luz verde a varios dise\u00f1os en los que el Jedi aparece con cabello mucho m\u00e1s largo de lo que finalmente luci\u00f3 en \u2018La venganza de los Sith\u2019. <\/p>\n<p>C\u00f3mo se lleg\u00f3 al peinado final de Anakin Skywalker<\/p>\n<p class=\"\">A George Lucas tampoco le convenci\u00f3 del todo el aspecto de Hayden Christensen con coleta: <b>\u201cSe siente demasiado bonito, no podemos dejar que parezca mono\u201d<\/b>. El propio actor no estaba c\u00f3modo con ese corte de pelo, por lo que decidieron cortar su cabello en una media melena, as\u00ed fue como Anakin Skywalker dijo adi\u00f3s a su coleta.<\/p>\n<p class=\"\">En <b>la serie de animaci\u00f3n The Clone Wars<\/b> aparece con un corte de pelo m\u00e1s largo que en Episodio II pero m\u00e1s corto que en Episodio III. <\/p>\n<p><img decoding=\"async\" src=\"https:\/\/www.europesays.com\/es\/wp-content\/uploads\/2025\/09\/SICWYEQT2VAGFGT4EQ55XFYS6I.jpg\" alt=\"Anakin Skywalker mohicano, Star Wars\" class=\"mm__img\"   width=\"2436\" height=\"1125\" loading=\"lazy\"\/><\/p>\n<p>Ampliar<\/p>\n<p>La versi\u00f3n mohicana de Anakin Skywalker.Noticias relacionadas<\/p>\n<p class=\"\">Suscr\u00edbete al <a href=\"https:\/\/www.youtube.com\/@meristation\" target=\"_self\" rel=\"nofollow noopener\" title=\"https:\/\/www.youtube.com\/@meristation\">canal de MeriStation en YouTube<\/a>, tu web de videojuegos y entretenimiento para conocer todas las noticias y novedades sobre el mundo del videojuego, cine, series, manga y anime. An\u00e1lisis, entrevistas, tr\u00e1ileres, gameplays, p\u00f3dcast y mucho m\u00e1s. Tambi\u00e9n te animamos a seguir <a href=\"https:\/\/www.tiktok.com\/@meristation\" rel=\"nofollow noopener\" title=\"https:\/\/www.tiktok.com\/@meristation\" target=\"_blank\">nuestra cuenta de TikTok<\/a>. <\/p>\n<p class=\"\">\u00a1S\u00edguenos en ambas y, si est\u00e1s interesado en licenciar este contenido, pincha <a href=\"https:\/\/profesional.elpais.com\/soluciones-sindicacion?utm_medium=interno&amp;utm_source=crosslinking&amp;utm_campaign=sindicacion_as_pie_articulos\" target=\"_blank\" rel=\"nofollow noopener\" title=\"https:\/\/profesional.elpais.com\/soluciones-sindicacion?utm_medium=interno&amp;utm_source=crosslinking&amp;utm_campaign=sindicacion_as_pie_articulos\">aqu\u00ed<\/a>!<\/p>\n<p><script async src=\"\/\/www.tiktok.com\/embed.js\"><\/script><\/p>\n","protected":false},"excerpt":{"rendered":"La evoluci\u00f3n de Padawan a caballero Jedi. En \u2018Star Wars Episodio III: La venganza de los Sith\u2019, Anakin&hellip;\n","protected":false},"author":2,"featured_media":148007,"comment_status":"","ping_status":"","sticky":false,"template":"","format":"standard","meta":{"footnotes":""},"categories":[169],"tags":[177,146,147,25,24,176,175,23],"class_list":{"0":"post-148006","1":"post","2":"type-post","3":"status-publish","4":"format-standard","5":"has-post-thumbnail","7":"category-cine","8":"tag-cine","9":"tag-entertainment","10":"tag-entretenimiento","11":"tag-es","12":"tag-espana","13":"tag-film","14":"tag-movies","15":"tag-spain"},"share_on_mastodon":{"url":"","error":""},"_links":{"self":[{"href":"https:\/\/www.europesays.com\/es\/wp-json\/wp\/v2\/posts\/148006","targetHints":{"allow":["GET"]}}],"collection":[{"href":"https:\/\/www.europesays.com\/es\/wp-json\/wp\/v2\/posts"}],"about":[{"href":"https:\/\/www.europesays.com\/es\/wp-json\/wp\/v2\/types\/post"}],"author":[{"embeddable":true,"href":"https:\/\/www.europesays.com\/es\/wp-json\/wp\/v2\/users\/2"}],"replies":[{"embeddable":true,"href":"https:\/\/www.europesays.com\/es\/wp-json\/wp\/v2\/comments?post=148006"}],"version-history":[{"count":0,"href":"https:\/\/www.europesays.com\/es\/wp-json\/wp\/v2\/posts\/148006\/revisions"}],"wp:featuredmedia":[{"embeddable":true,"href":"https:\/\/www.europesays.com\/es\/wp-json\/wp\/v2\/media\/148007"}],"wp:attachment":[{"href":"https:\/\/www.europesays.com\/es\/wp-json\/wp\/v2\/media?parent=148006"}],"wp:term":[{"taxonomy":"category","embeddable":true,"href":"https:\/\/www.europesays.com\/es\/wp-json\/wp\/v2\/categories?post=148006"},{"taxonomy":"post_tag","embeddable":true,"href":"https:\/\/www.europesays.com\/es\/wp-json\/wp\/v2\/tags?post=148006"}],"curies":[{"name":"wp","href":"https:\/\/api.w.org\/{rel}","templated":true}]}}