{"id":148027,"date":"2025-09-30T06:41:08","date_gmt":"2025-09-30T06:41:08","guid":{"rendered":"https:\/\/www.europesays.com\/es\/148027\/"},"modified":"2025-09-30T06:41:08","modified_gmt":"2025-09-30T06:41:08","slug":"a-lebron-le-preguntan-por-su-retirada-y-le-hace-este-feo-a-su-hijo","status":"publish","type":"post","link":"https:\/\/www.europesays.com\/es\/148027\/","title":{"rendered":"A LeBron le preguntan por su retirada y le hace este \u2018feo\u2019 a su hijo"},"content":{"rendered":"<p data-gtm-element-container=\"modulo-texto-link\" class=\"paragraph\"><strong>LeBron James <\/strong>se ha pasado el verano llorando, clamando quiz\u00e1 por ese trono de l\u00edder que le han confiscado los Lakers para d\u00e1rselo a <strong>Luka Doncic.<\/strong> El trono que durante m\u00e1s de 20 a\u00f1os ha ocupado como l\u00edder de cualquiera de los equipos en los que ha estado y convertido en una poltrona en la que The King ya no se puede acomodar m\u00e1s, grandes n\u00fameros a sus <strong>40 a\u00f1os<\/strong> pero ya incapaz de resolver partidos decisivos de playoffs por si solo como anta\u00f1o.\u00a0<\/p>\n<p data-gtm-element-container=\"modulo-texto-link\" class=\"paragraph\">Siempre tan sibilino para no despotricar contra su equipo, LeBron hizo saber su descontento a los Lakers por mediaci\u00f3n de un comunicado de su agente, <strong>Rich Paul<\/strong>, quien remarc\u00f3 la prioridad de su representado de ganar de inmediato ante el enfoque de los de p\u00farpura y oro a futuro con Doncic. Sonaron sus queridos Cavaliers y tambi\u00e9n los mismos Mavericks que traicionaron a su compa\u00f1ero de d\u00fao.\u00a0<\/p>\n<blockquote class=\"twitter-tweet\" data-lang=\"es\"><p>\n<a href=\"https:\/\/twitter.com\/clutchpoints\/status\/1972732928460493256?s=46\" rel=\"nofollow noopener\" target=\"_blank\">\n<\/p><\/blockquote>\n<p data-gtm-element-container=\"modulo-texto-link\" class=\"paragraph\">Pero los Lakers se mantuvieron firmes y, tras renovar al ex del <strong>Real Madrid<\/strong> por tres a\u00f1os y 165 millones, no ofrecieron absolutamente nada a LeBron James, quien tras activar su opci\u00f3n de jugador para una temporada m\u00e1s por 52,6 millones se va a ver sin equipo en el verano de 2026 y con 41 a\u00f1os. As\u00ed que ayer ten\u00eda m\u00e1s sentido que nunca preguntar a The King por su retirada, si tambi\u00e9n esperar\u00e1 a su otro hijo,<strong> Bryce James,<\/strong> quien este curso jugar\u00e1 en la NCAA con los Arizona Wildcats y ser\u00e1 elegible para el draft del a\u00f1o que viene.\u00a0<\/p>\n<p data-gtm-element-container=\"modulo-texto-link\" class=\"paragraph\">\u201cNo voy a esperar a Bryce. No s\u00e9 cu\u00e1les son sus plazos, es joven. Est\u00e1 en Tucson (donde juegan los Wildcats). Veremos qu\u00e9 pasa este a\u00f1o y el a\u00f1o que viene, pero \u00e9l tiene sus propios plazos y yo los m\u00edos. Y no s\u00e9 si encajan. Veremos\u201d, dijo entre risas en el Media Day un LeBron que jugar\u00e1 su segunda temporada junto a su hijo mayor, Bronny.\u00a0<\/p>\n<p>                <img loading=\"lazy\" decoding=\"async\" data-full-src=\"https:\/\/www.mundodeportivo.com\/uploads\/2025\/09\/30\/68db36b6782ad.png\" alt=\"Bryce James jugar\u00e1 su primera temporada en la NCAA\" width=\"449\" height=\"237\" src=\"https:\/\/www.europesays.com\/es\/wp-content\/uploads\/2025\/09\/68db36b6782ad.png\" class=\"lazy\"\/><\/p>\n<p class=\"caption-title \">Bryce James jugar\u00e1 su primera temporada en la NCAA<\/p>\n<p>                    Getty Images<\/p>\n<p data-gtm-element-container=\"modulo-texto-link\" class=\"paragraph\">Un LeBron en cambio parco en palabras al ser preguntado por sus pataletas en verano. M\u00e1s concretamente, para suavizar la pregunta a no ser que se fuera a enfadar, si estaba contento con el equipo que han apa\u00f1ado los Lakers para pelear por su <strong>quinto anillo.\u00a0<\/strong><\/p>\n<p data-gtm-element-container=\"modulo-texto-link\" class=\"paragraph\">\u201cMe voy a poner a trabajar y ver lo que podemos hacer\u201d, dijo sin m\u00e1s, visiblemente molesto por la pregunta, el \u201923\u2019, a las puertas de su temporada 23 en la NBA, tantas como ning\u00fan otro jugador ha hecho en lo que ser\u00e1 un nuevo r\u00e9cord del astro de Akron para romper el de 22 campa\u00f1as de <strong>Vince Carter.\u00a0<\/strong><\/p>\n<p data-gtm-element-container=\"modulo-texto-link\" class=\"paragraph\">Pero, a excepci\u00f3n de este inc\u00f3modo momento para The King sondeado por sus lloros de verano, LeBron mantuvo un tono bien amable durante el Media Day y hasta de aceptaci\u00f3n de no ser ya el rey del mambo en estos Lakers que, sin haberle ofrecido ning\u00fan contrato, parecen estar sugiri\u00e9ndole de manera impl\u00edcita que se largue.\u00a0<\/p>\n<p data-gtm-element-container=\"modulo-texto-link\" class=\"paragraph\">\u201cNo estoy preocupado por contratos en este punto de mi carrera. Esto no me molesta para nada. Me siento honrado de tenerlo incluso, de tener un contrato y todav\u00eda jugar el deporte que amo en este parte de mi carrera y sacar la m\u00e1xima ventaja de ello\u201d, asegur\u00f3 el cuatro veces campe\u00f3n de la NBA.\u00a0<\/p>\n<blockquote class=\"twitter-tweet\" data-lang=\"es\"><p>\n<a href=\"https:\/\/twitter.com\/lakers\/status\/1972739387046887858?s=46\" rel=\"nofollow noopener\" target=\"_blank\">\n<\/p><\/blockquote>\n<p data-gtm-element-container=\"modulo-texto-link\" class=\"paragraph\">\u201cEstoy entusiasmado por poder jugar una temporada m\u00e1s, estoy s\u00faper dedicado, el fin va a ser m\u00e1s pronto que tarde. Lo que me sigue empujando a jugar es mi amor por el juego y, a\u00fan m\u00e1s, el proceso. Tratar de poner mi cuerpo cerca del 100% es algo maravilloso para m\u00ed\u201d, a\u00f1adi\u00f3 LeBron, quien parec\u00eda estar recitando ese discurso desde el coraz\u00f3n y no desde la falsa modestia, consciente de su situaci\u00f3n contractual.\u00a0<\/p>\n<p data-gtm-element-container=\"modulo-texto-link\" class=\"paragraph\">El General Manager de los Lakers, <strong>Rob Pelinka<\/strong>, asegur\u00f3 la semana pasada que LeBron ser\u00eda el que decidiera c\u00f3mo poner fin a su mete\u00f3rica carrera y que le gustar\u00eda verle retirarse de laker, bonitas palabras a la par que con un traicionero trasfondo, el de sugerirle a The King que, si quiere retirarse en Los \u00c1ngeles, que se retire tras este curso pues hasta aqu\u00ed lo de ofrecerle contratazos.\u00a0<\/p>\n<p data-gtm-element-container=\"modulo-texto-link\" class=\"paragraph\">Despu\u00e9s de todo, la estrella tampoco ha predicado con el ejemplo y, pese a las exigencias de luchar por el anillo de inmediato, no ha propuesto ninguna rebaja salarial que le diera al equipo m\u00e1s flexibilidad para reforzarse. Aunque, pese a la avaricia de LeBron, los Lakers han mejorado el apoyo al tr\u00edo Luka Doncic &#8211; LeBron James &#8211; Austin Reaves con las adiciones de todo un Defensor del A\u00f1o como <strong>Marcus Smart, Jake LaRavia<\/strong> y un <strong>Deandre Ayton<\/strong> que viene a llenar el vac\u00edo dejado por Anthony Davis en el \u20185\u2019.\u00a0<\/p>\n<p>LeBron, al servicio de Doncic\u00a0<\/p>\n<p data-gtm-element-container=\"modulo-texto-link\" class=\"paragraph\">Tal es el grado de aceptaci\u00f3n de LeBron en lo de no ser ya la estrella en Hollywood que hasta ayer vino a decir algo como que est\u00e1 para servir a Luka Doncic:<\/p>\n<p data-gtm-element-container=\"modulo-texto-link\" class=\"paragraph\">\u201cJugar con \u00e9l cada noche me motiva mucho, por eso entreno mi cuerpo, para salir cada noche ah\u00ed fuera e intentar ser el mejor jugador que pueda para \u00e9l\u201d, apunt\u00f3 el \u201923\u2019, que tambi\u00e9n habl\u00f3 del aspecto de su juego en el que m\u00e1s ha trabajado este verano bromeando primero para luego  dar una respuesta muy significativa que dice todo sobre el rol m\u00e1s secundario que est\u00e1 dispuesto a tomar.\u00a0<\/p>\n<p data-gtm-element-container=\"modulo-texto-link\" class=\"paragraph\">\u201cMi swing de <strong>golf\u201d<\/strong>, dijo LeBron en primera instancia para luego mencionar los triples a pies parados para sacar ventaja a lo generado por otros.\u00a0<\/p>\n<p>    Lee tambi\u00e9n<\/p>\n<p data-gtm-element-container=\"modulo-texto-link\" class=\"paragraph\">\u201cHe estado trabajando el catch and shoot. Tenemos muchos chicos que pueden manejar el bal\u00f3n como Luka, Austin Reaves y Marcus Smart y es c\u00f3mo todav\u00eda puedo ser efectivo en un equipo en el que no tengo que conducir tanto el bal\u00f3n, (aunque) puedo manejar el bal\u00f3n tambi\u00e9n. Hice un poco de todo, pero muchos m\u00e1s triples en catch and shoot\u201d, explic\u00f3 el \u201923\u2019, con un <strong>37,6%<\/strong> desde el per\u00edmetro el pasado curso y un volumen de casi 6 tiros en una de sus mejores temporadas de siempre desde la larga distancia.<\/p>\n<p data-gtm-element-container=\"modulo-texto-link\" class=\"paragraph\">Una pasada campa\u00f1a en la que <strong>LeBron James <\/strong>dej\u00f3 unos notables n\u00fameros de 24,4 puntos, 8 rebotes y 8 asistencias con un 51% en tiros de campo pero en la que confirm\u00f3 en la dolorosa eliminaci\u00f3n en primera ronda de playoffs que ya no se puede bastar por s\u00ed mismo para ganar anillos. Ahora, y mientras deshoja la margarita de su retirada, ha aceptado lo de ponerse a disposici\u00f3n del ex del <strong>Real Madrid.\u00a0<\/strong><\/p>\n<p><script async src=\"https:\/\/platform.twitter.com\/widgets.js\" charset=\"utf-8\"><\/script><\/p>\n","protected":false},"excerpt":{"rendered":"LeBron James se ha pasado el verano llorando, clamando quiz\u00e1 por ese trono de l\u00edder que le han&hellip;\n","protected":false},"author":2,"featured_media":148028,"comment_status":"","ping_status":"","sticky":false,"template":"","format":"standard","meta":{"footnotes":""},"categories":[269],"tags":[299,298,168,25,24,23,167],"class_list":{"0":"post-148027","1":"post","2":"type-post","3":"status-publish","4":"format-standard","5":"has-post-thumbnail","7":"category-baloncesto","8":"tag-baloncesto","9":"tag-basketball","10":"tag-deportes","11":"tag-es","12":"tag-espana","13":"tag-spain","14":"tag-sports"},"share_on_mastodon":{"url":"","error":""},"_links":{"self":[{"href":"https:\/\/www.europesays.com\/es\/wp-json\/wp\/v2\/posts\/148027","targetHints":{"allow":["GET"]}}],"collection":[{"href":"https:\/\/www.europesays.com\/es\/wp-json\/wp\/v2\/posts"}],"about":[{"href":"https:\/\/www.europesays.com\/es\/wp-json\/wp\/v2\/types\/post"}],"author":[{"embeddable":true,"href":"https:\/\/www.europesays.com\/es\/wp-json\/wp\/v2\/users\/2"}],"replies":[{"embeddable":true,"href":"https:\/\/www.europesays.com\/es\/wp-json\/wp\/v2\/comments?post=148027"}],"version-history":[{"count":0,"href":"https:\/\/www.europesays.com\/es\/wp-json\/wp\/v2\/posts\/148027\/revisions"}],"wp:featuredmedia":[{"embeddable":true,"href":"https:\/\/www.europesays.com\/es\/wp-json\/wp\/v2\/media\/148028"}],"wp:attachment":[{"href":"https:\/\/www.europesays.com\/es\/wp-json\/wp\/v2\/media?parent=148027"}],"wp:term":[{"taxonomy":"category","embeddable":true,"href":"https:\/\/www.europesays.com\/es\/wp-json\/wp\/v2\/categories?post=148027"},{"taxonomy":"post_tag","embeddable":true,"href":"https:\/\/www.europesays.com\/es\/wp-json\/wp\/v2\/tags?post=148027"}],"curies":[{"name":"wp","href":"https:\/\/api.w.org\/{rel}","templated":true}]}}