{"id":148031,"date":"2025-09-30T06:43:07","date_gmt":"2025-09-30T06:43:07","guid":{"rendered":"https:\/\/www.europesays.com\/es\/148031\/"},"modified":"2025-09-30T06:43:07","modified_gmt":"2025-09-30T06:43:07","slug":"nicole-kidman-y-keith-urban-se-separan-tras-20-anos-de-relacion-gente","status":"publish","type":"post","link":"https:\/\/www.europesays.com\/es\/148031\/","title":{"rendered":"Nicole Kidman y Keith Urban se separan tras 20 a\u00f1os de relaci\u00f3n | Gente"},"content":{"rendered":"<p class=\"\">Nicole Kidman y Keith Urban se separan. Tras dos d\u00e9cadas de relaci\u00f3n<a href=\"https:\/\/elpais.com\/elpais\/2006\/06\/20\/actualidad\/1150786129_850215.html\" target=\"_self\" rel=\"nofollow noopener\" title=\"https:\/\/elpais.com\/elpais\/2006\/06\/20\/actualidad\/1150786129_850215.html\"> y 19 a\u00f1os casados<\/a>, que cumplieron en junio, la actriz y el m\u00fasico de country han decidido romper su matrimonio. El medio <a href=\"https:\/\/www.tmz.com\/2025\/09\/29\/nicole-kidman-keith-urban-separated\/\" target=\"_blank\" rel=\"nofollow noopener\" title=\"https:\/\/www.tmz.com\/2025\/09\/29\/nicole-kidman-keith-urban-separated\/\">TMZ <\/a>lo ha confirmado en exclusiva, seguido de otros como Page Six y People (bolet\u00edn oficial de los famosos estadounidenses). La pareja tiene dos hijas, <a href=\"https:\/\/elpais.com\/gente\/2025-08-07\/nueva-promesa-de-la-moda-u-otra-nepo-baby-asi-es-sunday-rose-la-hija-mayor-de-nicole-kidman-y-keith-urban.html\" target=\"_self\" rel=\"nofollow noopener\" title=\"https:\/\/elpais.com\/gente\/2025-08-07\/nueva-promesa-de-la-moda-u-otra-nepo-baby-asi-es-sunday-rose-la-hija-mayor-de-nicole-kidman-y-keith-urban.html\">Sunday Rose<\/a>, de 17 a\u00f1os y Faith Margaret, de 14.<\/p>\n<p class=\"\">Seg\u00fan estos medios, la pareja lleva distanciada y viviendo separada desde verano, y ha sido el cantante quien habr\u00eda tomado la decisi\u00f3n acerca de la ruptura. Tal y como afirman, \u00e9l ya tiene una casa nueva en Nashville \u2014donde reside la familia\u2014 independiente del hogar familiar, a la que se ha mudado. Las revistas apuntan a que Kidman se opon\u00eda a la separaci\u00f3n y que su familia, sobre todo su hermana Antonia, la est\u00e1n ayudando en el proceso. Por el momento, ellos no se han pronunciado.<\/p>\n<p>M\u00e1s informaci\u00f3n<\/p>\n<p class=\"\">Este es la primera separaci\u00f3n \u2014por el momento, no hay divorcio\u2014 para el cantante y la segunda para la actriz. La <a href=\"https:\/\/elpais.com\/cultura\/2016\/07\/14\/television\/1468512389_290943.html\" target=\"_self\" rel=\"nofollow noopener\" title=\"https:\/\/elpais.com\/cultura\/2016\/07\/14\/television\/1468512389_290943.html\">ganadora del Oscar por Las horas<\/a> ya estuvo <a href=\"https:\/\/elpais.com\/elpais\/2016\/09\/30\/estilo\/1475245372_886735.html\" target=\"_self\" rel=\"nofollow noopener\" title=\"https:\/\/elpais.com\/elpais\/2016\/09\/30\/estilo\/1475245372_886735.html\">casada con Tom Cruise<\/a> entre 1990 y 2001; ese a\u00f1o firmaron su divorcio, uno de los <a href=\"https:\/\/elpais.com\/gente\/2021-02-25\/tom-cruise-y-nicole-kidman-20-anos-del-divorcio-mas-misterioso-de-hollywood.html\" target=\"_self\" rel=\"nofollow noopener\" title=\"https:\/\/elpais.com\/gente\/2021-02-25\/tom-cruise-y-nicole-kidman-20-anos-del-divorcio-mas-misterioso-de-hollywood.html\">m\u00e1s medi\u00e1ticos que se recuerdan<\/a> en Hollywood. Con \u00e9l tuvo dos hijos adoptados, Connor, de 30 a\u00f1os, e Isabella, de 32, con los que no mantiene<a href=\"https:\/\/elpais.com\/elpais\/2019\/04\/25\/gente\/1556184871_325245.html\" target=\"_self\" rel=\"nofollow noopener\" title=\"https:\/\/elpais.com\/elpais\/2019\/04\/25\/gente\/1556184871_325245.html\"> apenas relaci\u00f3n<\/a>.<\/p>\n<p class=\"\">Urban, de 57 a\u00f1os, y Kidman, de 58, cumplieron 19 a\u00f1os de matrimonio el pasado junio. <a href=\"https:\/\/elpais.com\/elpais\/2006\/06\/25\/actualidad\/1151218129_850215.html\" target=\"_self\" rel=\"nofollow noopener\" title=\"https:\/\/elpais.com\/elpais\/2006\/06\/25\/actualidad\/1151218129_850215.html\">Se casaron en S\u00eddney, Australia,<\/a> tierra natal de ambos: ella naci\u00f3 all\u00ed; \u00e9l, en Nueva Zelanda, pero se crio en Australia. Fue en la iglesia de Saint Patrick, en una ceremonia cat\u00f3lica, ante m\u00e1s de 200 invitados. Ella lleg\u00f3 en un Rolls Royce blanco, vestida de Balenciaga, del brazo de su padre. A los festejos acudieron amigos de la actriz como los actores Naomi Watts, Ren\u00e9e Zellweger o Russell Crowe. La pareja decidi\u00f3 difundir las fotograf\u00edas del enlace sin exclusiva de por medio.<\/p>\n<p class=\"\">Su primera hija,<a href=\"https:\/\/elpais.com\/elpais\/2008\/07\/07\/actualidad\/1215413333_850215.html\" target=\"_self\" rel=\"nofollow noopener\" title=\"https:\/\/elpais.com\/elpais\/2008\/07\/07\/actualidad\/1215413333_850215.html\"> Sunday Rose, naci\u00f3 en julio de 2008.<\/a> Fue la primera vez que Kidman logr\u00f3 llevar un embarazo a t\u00e9rmino, puesto que ella misma ha contado que ha tenido complicaciones para tener hijos y que <a href=\"https:\/\/elpais.com\/elpais\/2018\/06\/01\/gente\/1527846615_921841.html\" target=\"_self\" rel=\"nofollow noopener\" title=\"https:\/\/elpais.com\/elpais\/2018\/06\/01\/gente\/1527846615_921841.html\">pas\u00f3 por dos dolorosos abortos<\/a>, en 1990 y en 2001. <a href=\"https:\/\/elpais.com\/elpais\/2011\/01\/18\/actualidad\/1295336929_850215.html\" target=\"_self\" rel=\"nofollow noopener\" title=\"https:\/\/elpais.com\/elpais\/2011\/01\/18\/actualidad\/1295336929_850215.html\">Su segunda hija, Faith Margaret, naci\u00f3 a finales de diciembre de 2010<\/a>, esta vez por un vientre de alquiler. Ambas nacieron en Nashville, Tennessee, cuna del country \u2014g\u00e9nero musical predilecto de Urban\u2014 y donde la pareja reside desde hace a\u00f1os. <\/p>\n<p class=\"\">Desde que tuvo a sus hijas, Kidman ha sido muy discreta con ellas. No fue hasta 2021 cuando decidi\u00f3 mostrarlas en p\u00fablico, cuando la familia de cuatro <a href=\"https:\/\/elpais.com\/gente\/2021-03-01\/nicole-kidman-presenta-por-primera-vez-a-su-familia-en-los-globos-de-oro.html\" target=\"_self\" rel=\"nofollow noopener\" title=\"https:\/\/elpais.com\/gente\/2021-03-01\/nicole-kidman-presenta-por-primera-vez-a-su-familia-en-los-globos-de-oro.html\">se dej\u00f3 ver durante la retransmisi\u00f3n de la gala de los Globos de Oro<\/a> (en parte telem\u00e1tica a causa de la pandemia de covid). Ah\u00ed, se pudo ver junto a sus padres a Sunday Rose, de entonces 12 a\u00f1os, y Faith Margaret, de 10. En cambio, en los \u00faltimos meses los rostros de ambas est\u00e1n siendo mucho m\u00e1s p\u00fablicos. Pese a la inicial oposici\u00f3n de su madre, <a href=\"https:\/\/elpais.com\/gente\/2025-08-07\/nueva-promesa-de-la-moda-u-otra-nepo-baby-asi-es-sunday-rose-la-hija-mayor-de-nicole-kidman-y-keith-urban.html\" target=\"_self\" rel=\"nofollow noopener\" title=\"https:\/\/elpais.com\/gente\/2025-08-07\/nueva-promesa-de-la-moda-u-otra-nepo-baby-asi-es-sunday-rose-la-hija-mayor-de-nicole-kidman-y-keith-urban.html\">Sunday Rose ha desfilado en Par\u00eds<\/a> y m\u00e1s recientemente en Nueva York, ha protagonizado sus primeras campa\u00f1as de moda (para una marca de relojes) y ya concede entrevistas.<\/p>\n<p class=\"\">El pasado junio se cumplieron 19 a\u00f1os de aquella boda. Entonces, <a href=\"https:\/\/elpais.com\/smoda\/famosos\/2025-01-15\/la-evolucion-de-nicole-kidman-a-traves-de-los-anos-de-los-telefilmes-de-bajo-coste-al-estatus-de-leyenda.html\" target=\"_self\" rel=\"nofollow noopener\" title=\"https:\/\/elpais.com\/smoda\/famosos\/2025-01-15\/la-evolucion-de-nicole-kidman-a-traves-de-los-anos-de-los-telefilmes-de-bajo-coste-al-estatus-de-leyenda.html\">la nominada a cinco premios Oscar<\/a> colg\u00f3 en sus redes sociales una fotograf\u00eda de los dos juntos, en blanco y negro, con la frase de \u201cFeliz aniversario, cari\u00f1o\u201d. \u00c9l no celebr\u00f3 p\u00fablicamente ese aniversario, y sus \u00faltimas im\u00e1genes en redes con ella <a href=\"https:\/\/www.instagram.com\/p\/DJdHOyqskYZ\/?igsh=bDlqZ29jYm04cnY2\" target=\"_blank\" rel=\"nofollow noopener\" title=\"https:\/\/www.instagram.com\/p\/DJdHOyqskYZ\/?igsh=bDlqZ29jYm04cnY2\">datan de mayo<\/a>. En p\u00fablico, su \u00faltima aparici\u00f3n es de junio, cuando acudieron a un partido de f\u00fatbol en Nashville.<\/p>\n<p class=\"\">A finales de agosto, ella public\u00f3 una<a href=\"https:\/\/www.instagram.com\/p\/DNjL-4qSIoa\/?img_index=1\" target=\"_blank\" rel=\"nofollow noopener\" title=\"https:\/\/www.instagram.com\/p\/DNjL-4qSIoa\/?img_index=1\"> serie de fotograf\u00edas<\/a> de recuerdos del verano, donde aparec\u00eda en conciertos y playas precisamente con sus hijas y su hermana, as\u00ed como con algunos de sus sobrinos. En ninguna de ellas aparec\u00eda Keith Urban.<\/p>\n<p><script async src=\"\/\/www.instagram.com\/embed.js\"><\/script><\/p>\n","protected":false},"excerpt":{"rendered":"Nicole Kidman y Keith Urban se separan. Tras dos d\u00e9cadas de relaci\u00f3n y 19 a\u00f1os casados, que cumplieron&hellip;\n","protected":false},"author":2,"featured_media":148032,"comment_status":"","ping_status":"","sticky":false,"template":"","format":"standard","meta":{"footnotes":""},"categories":[174],"tags":[1014,1015,255,12703,146,147,25,24,629,256,260,1505,45286,8306,45295,23],"class_list":{"0":"post-148031","1":"post","2":"type-post","3":"status-publish","4":"format-standard","5":"has-post-thumbnail","7":"category-famosos","8":"tag-actores","9":"tag-actrices","10":"tag-celebrities","11":"tag-divorcio","12":"tag-entertainment","13":"tag-entretenimiento","14":"tag-es","15":"tag-espana","16":"tag-estados-unidos","17":"tag-famosos","18":"tag-gente","19":"tag-hollywood","20":"tag-keith-urban","21":"tag-nicole-kidman","22":"tag-separaciones-matrimoniales","23":"tag-spain"},"share_on_mastodon":{"url":"","error":""},"_links":{"self":[{"href":"https:\/\/www.europesays.com\/es\/wp-json\/wp\/v2\/posts\/148031","targetHints":{"allow":["GET"]}}],"collection":[{"href":"https:\/\/www.europesays.com\/es\/wp-json\/wp\/v2\/posts"}],"about":[{"href":"https:\/\/www.europesays.com\/es\/wp-json\/wp\/v2\/types\/post"}],"author":[{"embeddable":true,"href":"https:\/\/www.europesays.com\/es\/wp-json\/wp\/v2\/users\/2"}],"replies":[{"embeddable":true,"href":"https:\/\/www.europesays.com\/es\/wp-json\/wp\/v2\/comments?post=148031"}],"version-history":[{"count":0,"href":"https:\/\/www.europesays.com\/es\/wp-json\/wp\/v2\/posts\/148031\/revisions"}],"wp:featuredmedia":[{"embeddable":true,"href":"https:\/\/www.europesays.com\/es\/wp-json\/wp\/v2\/media\/148032"}],"wp:attachment":[{"href":"https:\/\/www.europesays.com\/es\/wp-json\/wp\/v2\/media?parent=148031"}],"wp:term":[{"taxonomy":"category","embeddable":true,"href":"https:\/\/www.europesays.com\/es\/wp-json\/wp\/v2\/categories?post=148031"},{"taxonomy":"post_tag","embeddable":true,"href":"https:\/\/www.europesays.com\/es\/wp-json\/wp\/v2\/tags?post=148031"}],"curies":[{"name":"wp","href":"https:\/\/api.w.org\/{rel}","templated":true}]}}