{"id":148039,"date":"2025-09-30T06:49:08","date_gmt":"2025-09-30T06:49:08","guid":{"rendered":"https:\/\/www.europesays.com\/es\/148039\/"},"modified":"2025-09-30T06:49:08","modified_gmt":"2025-09-30T06:49:08","slug":"iturralde-gonzalez-responde-a-las-palabras-de-deco-el-que-no-es-un-ejemplo-de-nada-es-el-futbol","status":"publish","type":"post","link":"https:\/\/www.europesays.com\/es\/148039\/","title":{"rendered":"Iturralde Gonz\u00e1lez responde a las palabras de Deco: \u00abEl que no es un ejemplo de nada es \u00e9l\u00bb | F\u00fatbol"},"content":{"rendered":"<p>Este verano el culebr\u00f3n <a href=\"https:\/\/cadenaser.com\/nacional\/2025\/09\/29\/deco-molesto-por-la-actitud-del-athletic-club-con-nico-williams-el-bilbao-no-es-ningun-ejemplo-para-nada-cadena-ser\/\" target=\"_blank\" rel=\"nofollow noopener\" title=\"https:\/\/cadenaser.com\/nacional\/2025\/09\/29\/deco-molesto-por-la-actitud-del-athletic-club-con-nico-williams-el-bilbao-no-es-ningun-ejemplo-para-nada-cadena-ser\/\">Nico Williams<\/a>-Barcelona volvi\u00f3 a avivarse. En esta ocasi\u00f3n todo parec\u00eda indicar que el jugador navarro iba a recalar en el conjunto cul\u00e9 para juntarse con su amigo Lamine Yamal. Pero el 4 de julio, el Athletic Club anunci\u00f3 la renovaci\u00f3n de Nico Williams hasta 2035. Antes de esa renovaci\u00f3n, el presidente del club vasco, Jon Uriarte, se reuni\u00f3 con Javier Tebas para hablar sobre la fiscalizaci\u00f3n del Barcelona y la regla 1:1. En esa reuni\u00f3n comenz\u00f3 la verdadera guerra, ya que ese movimiento sent\u00f3 mal a la directiva cul\u00e9.<\/p>\n<p>El director deportivo del Barcelona, Deco, ha concedido una entrevista a Mundo Deportivo donde ha hablado sobre el fichaje fallido de Nico Williams por la entidad cul\u00e9. \u00abEl Bilbao no es ning\u00fan ejemplo para nada en este sentido. Nosotros no hemos buscado al jugador de ellos, no hemos ido detr\u00e1s del jugador de ellos. Tienen que preocuparse con el agente que ha venido al Bar\u00e7a varias veces a ofrecer al jugador\u00bb, comentaba Deco sobre el conflicto con el Athletic en verano por el fichaje del navarro. \u00abEl que no es un ejemplo de nada es \u00e9l, viniendo del mundo del deporte, tratar al Athletic Club como el Bilbao\u00bb, responde Iturralde Gonz\u00e1lez sobre la forma de llamar al club vasco por parte de Deco. \u00abSi quieres dar ejemplo en tus declaraciones, no entres faltando\u2026\u00bb a\u00f1ade Iturralde a las palabras de Deco llamando al Athletic como Bilbao.<\/p>\n<p>M\u00e1s informaci\u00f3n<\/p>\n<p>A mucha gente de la villa de Bilbao le molesta la forma con la que algunos mencionan al Athletic Club. La mayor\u00eda de veces llamar Bilbao al Athletic Club es por desconocimiento, pero en los \u00faltimos a\u00f1os m\u00e1s &#8216;rivales&#8217; han tomado la v\u00eda de llamar Bilbao al club vasco para picar o enfadar a los aficionados. Simeone y ahora el entorno de la directiva del Barcelona ha comenzado a llamar Bilbao al Athletic para enfadar de una forma a los aficionados del club vasco. <\/p>\n<p>\u00abSe le escap\u00f3 simplemente decir que el chico quer\u00eda ir\u00bb, comenta Rafa Alkorta sobre lo que dijo Deco durante una entrevista en verano y que encendi\u00f3 el culebr\u00f3n del fichaje. El directivo portugu\u00e9s dijo expl\u00edcitamente que Nico quer\u00eda ir al Barcelona. \u00abTanto Nico como otros jugadores demuestran ganas de venir\u00bb, declar\u00f3 Deco. \u00abNo es un tema de garant\u00edas de inscripci\u00f3n, es muy f\u00e1cil. Es que si vas a negociar, d\u00edmelo todo lo que necesites y lo que quieres y no lo cambies despu\u00e9s. Y no hablo m\u00e1s de este tema, se habl\u00f3 demasiado, demasiadas tonter\u00edas tambi\u00e9n desde Bilbao\u00bb, menciona Deco durante la entrevista con el Mundo Deportivo sobre el fichaje. Con estas palabras del director deportivo del Barcelona deja claro que est\u00e1n molestos con la actitud del Athletic para tratar el tema del fichaje de Nico Williams.<\/p>\n","protected":false},"excerpt":{"rendered":"Este verano el culebr\u00f3n Nico Williams-Barcelona volvi\u00f3 a avivarse. En esta ocasi\u00f3n todo parec\u00eda indicar que el jugador&hellip;\n","protected":false},"author":2,"featured_media":148040,"comment_status":"","ping_status":"","sticky":false,"template":"","format":"standard","meta":{"footnotes":""},"categories":[93],"tags":[168,25,24,23,167],"class_list":{"0":"post-148039","1":"post","2":"type-post","3":"status-publish","4":"format-standard","5":"has-post-thumbnail","7":"category-deportes","8":"tag-deportes","9":"tag-es","10":"tag-espana","11":"tag-spain","12":"tag-sports"},"share_on_mastodon":{"url":"","error":""},"_links":{"self":[{"href":"https:\/\/www.europesays.com\/es\/wp-json\/wp\/v2\/posts\/148039","targetHints":{"allow":["GET"]}}],"collection":[{"href":"https:\/\/www.europesays.com\/es\/wp-json\/wp\/v2\/posts"}],"about":[{"href":"https:\/\/www.europesays.com\/es\/wp-json\/wp\/v2\/types\/post"}],"author":[{"embeddable":true,"href":"https:\/\/www.europesays.com\/es\/wp-json\/wp\/v2\/users\/2"}],"replies":[{"embeddable":true,"href":"https:\/\/www.europesays.com\/es\/wp-json\/wp\/v2\/comments?post=148039"}],"version-history":[{"count":0,"href":"https:\/\/www.europesays.com\/es\/wp-json\/wp\/v2\/posts\/148039\/revisions"}],"wp:featuredmedia":[{"embeddable":true,"href":"https:\/\/www.europesays.com\/es\/wp-json\/wp\/v2\/media\/148040"}],"wp:attachment":[{"href":"https:\/\/www.europesays.com\/es\/wp-json\/wp\/v2\/media?parent=148039"}],"wp:term":[{"taxonomy":"category","embeddable":true,"href":"https:\/\/www.europesays.com\/es\/wp-json\/wp\/v2\/categories?post=148039"},{"taxonomy":"post_tag","embeddable":true,"href":"https:\/\/www.europesays.com\/es\/wp-json\/wp\/v2\/tags?post=148039"}],"curies":[{"name":"wp","href":"https:\/\/api.w.org\/{rel}","templated":true}]}}