{"id":148051,"date":"2025-09-30T06:55:13","date_gmt":"2025-09-30T06:55:13","guid":{"rendered":"https:\/\/www.europesays.com\/es\/148051\/"},"modified":"2025-09-30T06:55:13","modified_gmt":"2025-09-30T06:55:13","slug":"prision-provisional-para-el-joven-acusado-de-matar-a-una-funcionaria-y-recrear-con-su-padre-un-incendio-para-encubrirlo","status":"publish","type":"post","link":"https:\/\/www.europesays.com\/es\/148051\/","title":{"rendered":"Prisi\u00f3n provisional para el joven acusado de matar a una funcionaria y recrear con su padre un incendio para encubrirlo"},"content":{"rendered":"<p><img decoding=\"async\" class=\"voc-author__img\" src=\"https:\/\/www.europesays.com\/es\/wp-content\/uploads\/2025\/08\/1754594783_114_autor-7155-foto-1.jpeg\" alt=\"Adri\u00e1n Garc\u00eda Dur\u00e1n\"\/><\/p>\n<p>29\/09\/2025<br \/>\n<br \/><strong><br \/>\nActualizado a las 18:17h.<br \/>\n<\/strong><\/p>\n<p class=\"voc-p\" style=\"\">El Juzgado de Instrucci\u00f3n n\u00famero 2 de Badajoz ha decretado prisi\u00f3n provisional para un<a href=\"https:\/\/www.abc.es\/espana\/extremadura\/padre-hijo-detenidos-muerte-joven-badajoz-cuerpo-20250928155845-nt.html\" target=\"_self\" data-voc-vtm-id=\"in-text-traffic\" title=\" joven investigado por delitos de homicidio e incendio doloso,\" data-mrf-link=\"www.abc.es\" rel=\"nofollow noopener\"> joven investigado por delitos de homicidio e incendio doloso,<\/a> todo relacionado con la muerte de M.A.S, una joven funcionaria de 30 a\u00f1os y natural del municipio pacense de La Haba. Su cuerpo, ya sin vida, fue hallado el jueves por los bomberos que trataban de sofocar un incendio en su vivienda. Presentaba quemaduras en buena parte de su cuerpo y heridas de arma blanca. Tambi\u00e9n ha sido detenido el padre de este joven, al que no se le ha podido tomar declaraci\u00f3n este lunes, seg\u00fan el Tribunal Superior de Justicia de Extremadura.<\/p>\n<p class=\"voc-p\" style=\"\">Tras la investigaci\u00f3n de un equipo especializado en incendios de la Polic\u00eda Nacional, se pudo comprobar que el incendio presentaba, al menos dos focos, lo que alejaba la posibilidad de que las llamas pudiesen propagarse de manera fortuita. La <strong>posibilidad de tratarse de una muerte violenta creci\u00f3<\/strong> hasta que el domingo fueron detenidas estas dos personas. Las primeras informaciones apuntan que el m\u00e1s joven fue quien cometi\u00f3 el crimen, se lo confes\u00f3 a su progenitor y \u00e9ste le ayud\u00f3 a provocar el fuego con el objetivo de eliminar pruebas.<\/p>\n<p class=\"voc-p\" style=\"\">El joven detenido es vecino del mismo bloque en el que resid\u00eda la fallecida. Se desconoce, por el momento cu\u00e1l es el m\u00f3vil del crimen, pero todo apunta a un posible nuevo caso de violencia machista, que ser\u00eda el tercero en lo que va de a\u00f1o en Extremadura. El delegado del Gobierno en la regi\u00f3n, Jos\u00e9 Luis Quintana, ha pedido<strong> \u00abprudencia\u00bb para \u00abno hacer m\u00e1s da\u00f1o\u00bb a la familia<\/strong> de la fallecida, pero ha reconocido que, efectivamente, el cad\u00e1ver de M.A.S presentaba heridas por una agresi\u00f3n previa al incendio. No constaban denuncias por parte de la fallecida ni antecedentes que puedan guardar relaci\u00f3n con el fatal desenlace, sobre el que todav\u00eda no se descarta ninguna hip\u00f3tesis.<\/p>\n<p>\nDolor entre sus compa\u00f1eros y cuatro d\u00edas de luto\n<\/p>\n<p class=\"voc-p\" style=\"\">Este lunes, compa\u00f1eros de la joven, trabajadores del Instituto Nacional de la Seguridad Social (INSS) de Badajoz se han concentrado en la capital pacense para reclamar justicia por \u00abeste asesinato\u00bb, que es, dicen, \u00abuna nueva barbaridad\u00bb: \u00abNadie merece morir as\u00ed, es especialmente doloroso, estaba empezando a vivir\u00bb. Varios de ellos han reconocido ante los medios que el jueves se vieron sorprendidos por la ausencia de M.A.S, que ni se presentaba a su puesto de trabajo ni respond\u00eda a llamadas y mensajes.<\/p>\n<p class=\"voc-p\" style=\"\">Una mujer \u00abcordial y agradable\u00bb cuya muerte ha consternado no solo a sus compa\u00f1eros sino, tambi\u00e9n, a toda Extremadura, que llora su p\u00e9rdida. En su municipio natal, la menuda localidad de La Haba, de poco m\u00e1s de 1.000 habitantes, se le dio el \u00faltimo adi\u00f3s el viernes, cuando fue enterrada. Ahora, el ayuntamiento ha decretado <strong>cuatro d\u00edas de luto oficial<\/strong>: \u00abNos llena de tristeza, dolor e indignaci\u00f3n este acto de violencia que nos ha golpeado y conmocionado a todos\u00bb, reza el comunicado.<\/p>\n<p>Reportar un error<\/p>\n","protected":false},"excerpt":{"rendered":"29\/09\/2025 Actualizado a las 18:17h. El Juzgado de Instrucci\u00f3n n\u00famero 2 de Badajoz ha decretado prisi\u00f3n provisional para&hellip;\n","protected":false},"author":2,"featured_media":148052,"comment_status":"","ping_status":"","sticky":false,"template":"","format":"standard","meta":{"footnotes":""},"categories":[8],"tags":[3032,17,18,25,24,13,14,34185,11,48,1928,2326,19,20,12475,9,10,15,16,39,16733,4268,45298,23,12,21,22],"class_list":{"0":"post-148051","1":"post","2":"type-post","3":"status-publish","4":"format-standard","5":"has-post-thumbnail","7":"category-espana","8":"tag-acusado","9":"tag-breaking-news","10":"tag-breakingnews","11":"tag-es","12":"tag-espana","13":"tag-featured-news","14":"tag-featurednews","15":"tag-funcionaria","16":"tag-headlines","17":"tag-incendio","18":"tag-joven","19":"tag-junto","20":"tag-latest-news","21":"tag-latestnews","22":"tag-matar","23":"tag-news","24":"tag-noticias","25":"tag-noticias-destacadas","26":"tag-noticiasdestacadas","27":"tag-padre","28":"tag-prision","29":"tag-provisional","30":"tag-recrear","31":"tag-spain","32":"tag-titulares","33":"tag-ultimas-noticias","34":"tag-ultimasnoticias"},"share_on_mastodon":{"url":"","error":""},"_links":{"self":[{"href":"https:\/\/www.europesays.com\/es\/wp-json\/wp\/v2\/posts\/148051","targetHints":{"allow":["GET"]}}],"collection":[{"href":"https:\/\/www.europesays.com\/es\/wp-json\/wp\/v2\/posts"}],"about":[{"href":"https:\/\/www.europesays.com\/es\/wp-json\/wp\/v2\/types\/post"}],"author":[{"embeddable":true,"href":"https:\/\/www.europesays.com\/es\/wp-json\/wp\/v2\/users\/2"}],"replies":[{"embeddable":true,"href":"https:\/\/www.europesays.com\/es\/wp-json\/wp\/v2\/comments?post=148051"}],"version-history":[{"count":0,"href":"https:\/\/www.europesays.com\/es\/wp-json\/wp\/v2\/posts\/148051\/revisions"}],"wp:featuredmedia":[{"embeddable":true,"href":"https:\/\/www.europesays.com\/es\/wp-json\/wp\/v2\/media\/148052"}],"wp:attachment":[{"href":"https:\/\/www.europesays.com\/es\/wp-json\/wp\/v2\/media?parent=148051"}],"wp:term":[{"taxonomy":"category","embeddable":true,"href":"https:\/\/www.europesays.com\/es\/wp-json\/wp\/v2\/categories?post=148051"},{"taxonomy":"post_tag","embeddable":true,"href":"https:\/\/www.europesays.com\/es\/wp-json\/wp\/v2\/tags?post=148051"}],"curies":[{"name":"wp","href":"https:\/\/api.w.org\/{rel}","templated":true}]}}